{"id":97,"date":"2016-04-26T17:06:45","date_gmt":"2016-04-26T17:06:45","guid":{"rendered":"http:\/\/maler-schwebach.de\/?p=97"},"modified":"2016-05-29T15:10:30","modified_gmt":"2016-05-29T15:10:30","slug":"die-oeko-2016-bauen-sanieren","status":"publish","type":"post","link":"https:\/\/schwebach.de\/?p=97","title":{"rendered":"Die \u00d6KO 2016 &#8222;Bauen &#038; Sanieren&#8220;"},"content":{"rendered":"<div id=\"pl-97\"  class=\"panel-layout\" ><div id=\"pg-97-0\"  class=\"panel-grid panel-no-style\" ><div id=\"pgc-97-0-0\"  class=\"panel-grid-cell\" ><div id=\"panel-97-0-0-0\" class=\"so-panel widget widget_sow-editor panel-first-child panel-last-child\" data-index=\"0\" ><div\n\t\t\t\n\t\t\tclass=\"so-widget-sow-editor so-widget-sow-editor-base\"\n\t\t\t\n\t\t><h3 class=\"widget-title\">\u00d6KO 2016 \"Bauen &amp; Sanieren\"<\/h3>\n<div class=\"siteorigin-widget-tinymce textwidget\">\n\t<figure id=\"attachment_98\" aria-describedby=\"caption-attachment-98\" style=\"width: 220px\" class=\"wp-caption alignright\"><img loading=\"lazy\" decoding=\"async\" class=\"wp-image-98 size-full\" src=\"https:\/\/schwebach.de\/wp-content\/uploads\/2016\/04\/oeko2016.jpg\" alt=\"\u00d6KO 2016\" width=\"220\" height=\"91\" \/><figcaption id=\"caption-attachment-98\" class=\"wp-caption-text\">\u00d6KO 2016<\/figcaption><\/figure>\n<p>Am 20. und 21. Februar 2016 veranstaltet die Handwerkskammer Trier zusammen mit dem Umweltzentrum der HWK die Messe \"Bauen &amp; Sanieren\".<\/p>\n<p>Wie in den Vorjahren auch, findet die Veranstaltung im Messepark Trier statt.<\/p>\n<p>F\u00fcr uns gibt es aber in diesem Jahr auch eine kleine Neuheit. Diesmal treten wir nicht als Einzelveranstalter auf, sondern pr\u00e4sentieren gemeinsam mit unseren Partnern vom \u00d6koBauHaus ein Baustelle, die wir gemeinschaftlich\u00a0aktiv bearbeiten und so eine ganze Palette an L\u00f6sungen von A bis Z pr\u00e4sentieren. Wir als Malerbetrieb werden hier exemplarisch die Gestaltungsm\u00f6glichkeiten mit Lehmfarben und Lehmputz aufzeigen, aber auch andere \u00f6kologische Gestaltungsm\u00f6glichkeiten aufzeigen.<\/p>\n<p>Im Messeplan findet man uns daher nicht unter \"Schwebach\" sondern unter \"\u00d6koBauHaus\" ganz zentral in der Messehalle.<\/p>\n<p>\u00dcbrigens, der Eintritt zur \u00d6KO 2016 ist frei!<\/p>\n<p>Weitere Infos unter: <a href=\"http:\/\/www.oeko-trier.de\" target=\"_blank\">www.oeko-trier.de<\/a><\/p>\n<\/div>\n<\/div><\/div><\/div><\/div><\/div>","protected":false},"excerpt":{"rendered":"<p>Am 20. und 21. Februar 2016 veranstaltet die Handwerkskammer Trier zusammen mit dem Umweltzentrum der HWK die Messe &#8222;Bauen &amp; Sanieren&#8220;.Wie in den Vorjahren auch, findet die Veranstaltung im Messepark Trier statt.F\u00fcr uns gibt es aber in diesem Jahr auch<\/p>\n","protected":false},"author":1,"featured_media":98,"comment_status":"open","ping_status":"open","sticky":false,"template":"","format":"standard","meta":{"footnotes":""},"categories":[21,20],"tags":[23],"class_list":["post-97","post","type-post","status-publish","format-standard","has-post-thumbnail","hentry","category-messen-und-ausstellungen","category-termin","tag-messen"],"yoast_head":"<!-- This site is optimized with the Yoast SEO plugin v27.4 - https:\/\/yoast.com\/product\/yoast-seo-wordpress\/ -->\n<title>SCHWEBACH auf der \u00d6KO 2016 &quot;Bauen &amp; Sanieren&quot; in Trier<\/title>\n<meta name=\"description\" content=\"Mit Lehmfarben und Lehmputze pr\u00e4sentieren wir gemeinsam mit unseren Partnern vom \u00d6KO-BAU-HAUS innovative \u00f6kologische L\u00f6sungen auf der \u00d6KO 2016.\" \/>\n<meta name=\"robots\" content=\"index, follow, max-snippet:-1, max-image-preview:large, max-video-preview:-1\" \/>\n<link rel=\"canonical\" href=\"https:\/\/schwebach.de\/?p=97\" \/>\n<meta property=\"og:locale\" content=\"de_DE\" \/>\n<meta property=\"og:type\" content=\"article\" \/>\n<meta property=\"og:title\" content=\"SCHWEBACH auf der \u00d6KO 2016 &quot;Bauen &amp; Sanieren&quot; in Trier\" \/>\n<meta property=\"og:description\" content=\"Mit Lehmfarben und Lehmputze pr\u00e4sentieren wir gemeinsam mit unseren Partnern vom \u00d6KO-BAU-HAUS innovative \u00f6kologische L\u00f6sungen auf der \u00d6KO 2016.\" \/>\n<meta property=\"og:url\" content=\"https:\/\/schwebach.de\/?p=97\" \/>\n<meta property=\"og:site_name\" content=\"SCHWEBACH Maler &amp; Lackierer\" \/>\n<meta property=\"article:publisher\" content=\"https:\/\/www.facebook.com\/schwebach.wohlfuehlmaler\" \/>\n<meta property=\"article:published_time\" content=\"2016-04-26T17:06:45+00:00\" \/>\n<meta property=\"article:modified_time\" content=\"2016-05-29T15:10:30+00:00\" \/>\n<meta property=\"og:image\" content=\"https:\/\/schwebach.de\/wp-content\/uploads\/2016\/04\/oeko2016.jpg\" \/>\n\t<meta property=\"og:image:width\" content=\"220\" \/>\n\t<meta property=\"og:image:height\" content=\"91\" \/>\n\t<meta property=\"og:image:type\" content=\"image\/jpeg\" \/>\n<meta name=\"author\" content=\"Schwebach\" \/>\n<meta name=\"twitter:card\" content=\"summary_large_image\" \/>\n<meta name=\"twitter:label1\" content=\"Verfasst von\" \/>\n\t<meta name=\"twitter:data1\" content=\"Schwebach\" \/>\n\t<meta name=\"twitter:label2\" content=\"Gesch\u00e4tzte Lesezeit\" \/>\n\t<meta name=\"twitter:data2\" content=\"1\u00a0Minute\" \/>\n<script type=\"application\/ld+json\" class=\"yoast-schema-graph\">{\"@context\":\"https:\\\/\\\/schema.org\",\"@graph\":[{\"@type\":\"Article\",\"@id\":\"https:\\\/\\\/schwebach.de\\\/?p=97#article\",\"isPartOf\":{\"@id\":\"https:\\\/\\\/schwebach.de\\\/?p=97\"},\"author\":{\"name\":\"Schwebach\",\"@id\":\"https:\\\/\\\/schwebach.de\\\/#\\\/schema\\\/person\\\/d00f441195aff8fe4987add5febad44d\"},\"headline\":\"Die \u00d6KO 2016 &#8222;Bauen &#038; Sanieren&#8220;\",\"datePublished\":\"2016-04-26T17:06:45+00:00\",\"dateModified\":\"2016-05-29T15:10:30+00:00\",\"mainEntityOfPage\":{\"@id\":\"https:\\\/\\\/schwebach.de\\\/?p=97\"},\"wordCount\":142,\"commentCount\":0,\"publisher\":{\"@id\":\"https:\\\/\\\/schwebach.de\\\/#organization\"},\"image\":{\"@id\":\"https:\\\/\\\/schwebach.de\\\/?p=97#primaryimage\"},\"thumbnailUrl\":\"https:\\\/\\\/schwebach.de\\\/wp-content\\\/uploads\\\/2016\\\/04\\\/oeko2016.jpg\",\"keywords\":[\"Messen\"],\"articleSection\":[\"Messen und Ausstellungen\",\"Termin\"],\"inLanguage\":\"de\",\"potentialAction\":[{\"@type\":\"CommentAction\",\"name\":\"Comment\",\"target\":[\"https:\\\/\\\/schwebach.de\\\/?p=97#respond\"]}]},{\"@type\":\"WebPage\",\"@id\":\"https:\\\/\\\/schwebach.de\\\/?p=97\",\"url\":\"https:\\\/\\\/schwebach.de\\\/?p=97\",\"name\":\"SCHWEBACH auf der \u00d6KO 2016 \\\"Bauen & Sanieren\\\" in Trier\",\"isPartOf\":{\"@id\":\"https:\\\/\\\/schwebach.de\\\/#website\"},\"primaryImageOfPage\":{\"@id\":\"https:\\\/\\\/schwebach.de\\\/?p=97#primaryimage\"},\"image\":{\"@id\":\"https:\\\/\\\/schwebach.de\\\/?p=97#primaryimage\"},\"thumbnailUrl\":\"https:\\\/\\\/schwebach.de\\\/wp-content\\\/uploads\\\/2016\\\/04\\\/oeko2016.jpg\",\"datePublished\":\"2016-04-26T17:06:45+00:00\",\"dateModified\":\"2016-05-29T15:10:30+00:00\",\"description\":\"Mit Lehmfarben und Lehmputze pr\u00e4sentieren wir gemeinsam mit unseren Partnern vom \u00d6KO-BAU-HAUS innovative \u00f6kologische L\u00f6sungen auf der \u00d6KO 2016.\",\"breadcrumb\":{\"@id\":\"https:\\\/\\\/schwebach.de\\\/?p=97#breadcrumb\"},\"inLanguage\":\"de\",\"potentialAction\":[{\"@type\":\"ReadAction\",\"target\":[\"https:\\\/\\\/schwebach.de\\\/?p=97\"]}]},{\"@type\":\"ImageObject\",\"inLanguage\":\"de\",\"@id\":\"https:\\\/\\\/schwebach.de\\\/?p=97#primaryimage\",\"url\":\"https:\\\/\\\/schwebach.de\\\/wp-content\\\/uploads\\\/2016\\\/04\\\/oeko2016.jpg\",\"contentUrl\":\"https:\\\/\\\/schwebach.de\\\/wp-content\\\/uploads\\\/2016\\\/04\\\/oeko2016.jpg\",\"width\":220,\"height\":91},{\"@type\":\"BreadcrumbList\",\"@id\":\"https:\\\/\\\/schwebach.de\\\/?p=97#breadcrumb\",\"itemListElement\":[{\"@type\":\"ListItem\",\"position\":1,\"name\":\"Startseite\",\"item\":\"https:\\\/\\\/schwebach.de\\\/\"},{\"@type\":\"ListItem\",\"position\":2,\"name\":\"Die \u00d6KO 2016 &#8222;Bauen &#038; Sanieren&#8220;\"}]},{\"@type\":\"WebSite\",\"@id\":\"https:\\\/\\\/schwebach.de\\\/#website\",\"url\":\"https:\\\/\\\/schwebach.de\\\/\",\"name\":\"SCHWEBACH Maler &amp; Lackierer\",\"description\":\"Ihr Wohlf\u00fchlmaler aus Irsch\\\/Saar\",\"publisher\":{\"@id\":\"https:\\\/\\\/schwebach.de\\\/#organization\"},\"potentialAction\":[{\"@type\":\"SearchAction\",\"target\":{\"@type\":\"EntryPoint\",\"urlTemplate\":\"https:\\\/\\\/schwebach.de\\\/?s={search_term_string}\"},\"query-input\":{\"@type\":\"PropertyValueSpecification\",\"valueRequired\":true,\"valueName\":\"search_term_string\"}}],\"inLanguage\":\"de\"},{\"@type\":\"Organization\",\"@id\":\"https:\\\/\\\/schwebach.de\\\/#organization\",\"name\":\"Schwebach Maler & Lackierer GmbH\",\"url\":\"https:\\\/\\\/schwebach.de\\\/\",\"logo\":{\"@type\":\"ImageObject\",\"inLanguage\":\"de\",\"@id\":\"https:\\\/\\\/schwebach.de\\\/#\\\/schema\\\/logo\\\/image\\\/\",\"url\":\"https:\\\/\\\/schwebach.de\\\/wp-content\\\/uploads\\\/2016\\\/04\\\/butterfly.png\",\"contentUrl\":\"https:\\\/\\\/schwebach.de\\\/wp-content\\\/uploads\\\/2016\\\/04\\\/butterfly.png\",\"width\":463,\"height\":310,\"caption\":\"Schwebach Maler & Lackierer GmbH\"},\"image\":{\"@id\":\"https:\\\/\\\/schwebach.de\\\/#\\\/schema\\\/logo\\\/image\\\/\"},\"sameAs\":[\"https:\\\/\\\/www.facebook.com\\\/schwebach.wohlfuehlmaler\",\"https:\\\/\\\/www.youtube.com\\\/user\\\/Wohlfuehlmaler\"]},{\"@type\":\"Person\",\"@id\":\"https:\\\/\\\/schwebach.de\\\/#\\\/schema\\\/person\\\/d00f441195aff8fe4987add5febad44d\",\"name\":\"Schwebach\",\"image\":{\"@type\":\"ImageObject\",\"inLanguage\":\"de\",\"@id\":\"https:\\\/\\\/secure.gravatar.com\\\/avatar\\\/34291dd68034cb7317838ad1f4c39bc27d010389fac30629b636c5776ac49376?s=96&d=mm&r=g\",\"url\":\"https:\\\/\\\/secure.gravatar.com\\\/avatar\\\/34291dd68034cb7317838ad1f4c39bc27d010389fac30629b636c5776ac49376?s=96&d=mm&r=g\",\"contentUrl\":\"https:\\\/\\\/secure.gravatar.com\\\/avatar\\\/34291dd68034cb7317838ad1f4c39bc27d010389fac30629b636c5776ac49376?s=96&d=mm&r=g\",\"caption\":\"Schwebach\"},\"url\":\"https:\\\/\\\/schwebach.de\\\/?author=1\"}]}<\/script>\n<!-- \/ Yoast SEO plugin. -->","yoast_head_json":{"title":"SCHWEBACH auf der \u00d6KO 2016 \"Bauen & Sanieren\" in Trier","description":"Mit Lehmfarben und Lehmputze pr\u00e4sentieren wir gemeinsam mit unseren Partnern vom \u00d6KO-BAU-HAUS innovative \u00f6kologische L\u00f6sungen auf der \u00d6KO 2016.","robots":{"index":"index","follow":"follow","max-snippet":"max-snippet:-1","max-image-preview":"max-image-preview:large","max-video-preview":"max-video-preview:-1"},"canonical":"https:\/\/schwebach.de\/?p=97","og_locale":"de_DE","og_type":"article","og_title":"SCHWEBACH auf der \u00d6KO 2016 \"Bauen & Sanieren\" in Trier","og_description":"Mit Lehmfarben und Lehmputze pr\u00e4sentieren wir gemeinsam mit unseren Partnern vom \u00d6KO-BAU-HAUS innovative \u00f6kologische L\u00f6sungen auf der \u00d6KO 2016.","og_url":"https:\/\/schwebach.de\/?p=97","og_site_name":"SCHWEBACH Maler &amp; Lackierer","article_publisher":"https:\/\/www.facebook.com\/schwebach.wohlfuehlmaler","article_published_time":"2016-04-26T17:06:45+00:00","article_modified_time":"2016-05-29T15:10:30+00:00","og_image":[{"width":220,"height":91,"url":"https:\/\/schwebach.de\/wp-content\/uploads\/2016\/04\/oeko2016.jpg","type":"image\/jpeg"}],"author":"Schwebach","twitter_card":"summary_large_image","twitter_misc":{"Verfasst von":"Schwebach","Gesch\u00e4tzte Lesezeit":"1\u00a0Minute"},"schema":{"@context":"https:\/\/schema.org","@graph":[{"@type":"Article","@id":"https:\/\/schwebach.de\/?p=97#article","isPartOf":{"@id":"https:\/\/schwebach.de\/?p=97"},"author":{"name":"Schwebach","@id":"https:\/\/schwebach.de\/#\/schema\/person\/d00f441195aff8fe4987add5febad44d"},"headline":"Die \u00d6KO 2016 &#8222;Bauen &#038; Sanieren&#8220;","datePublished":"2016-04-26T17:06:45+00:00","dateModified":"2016-05-29T15:10:30+00:00","mainEntityOfPage":{"@id":"https:\/\/schwebach.de\/?p=97"},"wordCount":142,"commentCount":0,"publisher":{"@id":"https:\/\/schwebach.de\/#organization"},"image":{"@id":"https:\/\/schwebach.de\/?p=97#primaryimage"},"thumbnailUrl":"https:\/\/schwebach.de\/wp-content\/uploads\/2016\/04\/oeko2016.jpg","keywords":["Messen"],"articleSection":["Messen und Ausstellungen","Termin"],"inLanguage":"de","potentialAction":[{"@type":"CommentAction","name":"Comment","target":["https:\/\/schwebach.de\/?p=97#respond"]}]},{"@type":"WebPage","@id":"https:\/\/schwebach.de\/?p=97","url":"https:\/\/schwebach.de\/?p=97","name":"SCHWEBACH auf der \u00d6KO 2016 \"Bauen & Sanieren\" in Trier","isPartOf":{"@id":"https:\/\/schwebach.de\/#website"},"primaryImageOfPage":{"@id":"https:\/\/schwebach.de\/?p=97#primaryimage"},"image":{"@id":"https:\/\/schwebach.de\/?p=97#primaryimage"},"thumbnailUrl":"https:\/\/schwebach.de\/wp-content\/uploads\/2016\/04\/oeko2016.jpg","datePublished":"2016-04-26T17:06:45+00:00","dateModified":"2016-05-29T15:10:30+00:00","description":"Mit Lehmfarben und Lehmputze pr\u00e4sentieren wir gemeinsam mit unseren Partnern vom \u00d6KO-BAU-HAUS innovative \u00f6kologische L\u00f6sungen auf der \u00d6KO 2016.","breadcrumb":{"@id":"https:\/\/schwebach.de\/?p=97#breadcrumb"},"inLanguage":"de","potentialAction":[{"@type":"ReadAction","target":["https:\/\/schwebach.de\/?p=97"]}]},{"@type":"ImageObject","inLanguage":"de","@id":"https:\/\/schwebach.de\/?p=97#primaryimage","url":"https:\/\/schwebach.de\/wp-content\/uploads\/2016\/04\/oeko2016.jpg","contentUrl":"https:\/\/schwebach.de\/wp-content\/uploads\/2016\/04\/oeko2016.jpg","width":220,"height":91},{"@type":"BreadcrumbList","@id":"https:\/\/schwebach.de\/?p=97#breadcrumb","itemListElement":[{"@type":"ListItem","position":1,"name":"Startseite","item":"https:\/\/schwebach.de\/"},{"@type":"ListItem","position":2,"name":"Die \u00d6KO 2016 &#8222;Bauen &#038; Sanieren&#8220;"}]},{"@type":"WebSite","@id":"https:\/\/schwebach.de\/#website","url":"https:\/\/schwebach.de\/","name":"SCHWEBACH Maler &amp; Lackierer","description":"Ihr Wohlf\u00fchlmaler aus Irsch\/Saar","publisher":{"@id":"https:\/\/schwebach.de\/#organization"},"potentialAction":[{"@type":"SearchAction","target":{"@type":"EntryPoint","urlTemplate":"https:\/\/schwebach.de\/?s={search_term_string}"},"query-input":{"@type":"PropertyValueSpecification","valueRequired":true,"valueName":"search_term_string"}}],"inLanguage":"de"},{"@type":"Organization","@id":"https:\/\/schwebach.de\/#organization","name":"Schwebach Maler & Lackierer GmbH","url":"https:\/\/schwebach.de\/","logo":{"@type":"ImageObject","inLanguage":"de","@id":"https:\/\/schwebach.de\/#\/schema\/logo\/image\/","url":"https:\/\/schwebach.de\/wp-content\/uploads\/2016\/04\/butterfly.png","contentUrl":"https:\/\/schwebach.de\/wp-content\/uploads\/2016\/04\/butterfly.png","width":463,"height":310,"caption":"Schwebach Maler & Lackierer GmbH"},"image":{"@id":"https:\/\/schwebach.de\/#\/schema\/logo\/image\/"},"sameAs":["https:\/\/www.facebook.com\/schwebach.wohlfuehlmaler","https:\/\/www.youtube.com\/user\/Wohlfuehlmaler"]},{"@type":"Person","@id":"https:\/\/schwebach.de\/#\/schema\/person\/d00f441195aff8fe4987add5febad44d","name":"Schwebach","image":{"@type":"ImageObject","inLanguage":"de","@id":"https:\/\/secure.gravatar.com\/avatar\/34291dd68034cb7317838ad1f4c39bc27d010389fac30629b636c5776ac49376?s=96&d=mm&r=g","url":"https:\/\/secure.gravatar.com\/avatar\/34291dd68034cb7317838ad1f4c39bc27d010389fac30629b636c5776ac49376?s=96&d=mm&r=g","contentUrl":"https:\/\/secure.gravatar.com\/avatar\/34291dd68034cb7317838ad1f4c39bc27d010389fac30629b636c5776ac49376?s=96&d=mm&r=g","caption":"Schwebach"},"url":"https:\/\/schwebach.de\/?author=1"}]}},"_links":{"self":[{"href":"https:\/\/schwebach.de\/index.php?rest_route=\/wp\/v2\/posts\/97","targetHints":{"allow":["GET"]}}],"collection":[{"href":"https:\/\/schwebach.de\/index.php?rest_route=\/wp\/v2\/posts"}],"about":[{"href":"https:\/\/schwebach.de\/index.php?rest_route=\/wp\/v2\/types\/post"}],"author":[{"embeddable":true,"href":"https:\/\/schwebach.de\/index.php?rest_route=\/wp\/v2\/users\/1"}],"replies":[{"embeddable":true,"href":"https:\/\/schwebach.de\/index.php?rest_route=%2Fwp%2Fv2%2Fcomments&post=97"}],"version-history":[{"count":3,"href":"https:\/\/schwebach.de\/index.php?rest_route=\/wp\/v2\/posts\/97\/revisions"}],"predecessor-version":[{"id":990,"href":"https:\/\/schwebach.de\/index.php?rest_route=\/wp\/v2\/posts\/97\/revisions\/990"}],"wp:featuredmedia":[{"embeddable":true,"href":"https:\/\/schwebach.de\/index.php?rest_route=\/wp\/v2\/media\/98"}],"wp:attachment":[{"href":"https:\/\/schwebach.de\/index.php?rest_route=%2Fwp%2Fv2%2Fmedia&parent=97"}],"wp:term":[{"taxonomy":"category","embeddable":true,"href":"https:\/\/schwebach.de\/index.php?rest_route=%2Fwp%2Fv2%2Fcategories&post=97"},{"taxonomy":"post_tag","embeddable":true,"href":"https:\/\/schwebach.de\/index.php?rest_route=%2Fwp%2Fv2%2Ftags&post=97"}],"curies":[{"name":"wp","href":"https:\/\/api.w.org\/{rel}","templated":true}]}}