{"id":94,"date":"2016-03-05T16:59:09","date_gmt":"2016-03-05T16:59:09","guid":{"rendered":"http:\/\/maler-schwebach.de\/?p=94"},"modified":"2016-05-30T16:57:56","modified_gmt":"2016-05-30T16:57:56","slug":"alexander-kovalev-praktikum","status":"publish","type":"post","link":"https:\/\/schwebach.de\/?p=94","title":{"rendered":"Verst\u00e4rkung f\u00fcr das Schwebach-Team"},"content":{"rendered":"<figure id=\"attachment_95\" aria-describedby=\"caption-attachment-95\" style=\"width: 300px\" class=\"wp-caption alignright\"><img loading=\"lazy\" decoding=\"async\" class=\"wp-image-95 size-full\" src=\"https:\/\/schwebach.de\/wp-content\/uploads\/2016\/04\/Alexander_Kovalev.jpg\" alt=\"Alexander Kovalev\" width=\"300\" height=\"244\" \/><figcaption id=\"caption-attachment-95\" class=\"wp-caption-text\">Alexander im Sch\u00fclerpraktikum<\/figcaption><\/figure>\n<p>Vom 29. Februar bis 11. M\u00e4rz 2016 ist Alexander Kovalev als Sch\u00fclerpraktikant in unserem Team und bekommt so einen Eindruck von unserem farbigen Handwerk. Sein erster Arbeitstag war in einem Wohnheim in Trier.<\/p>\n<h2>Sch\u00fclerpraktikant Alexander Kovalev<\/h2>\n<p>Da durfte er zuerst ein Zimmer abdecken. Dabei wurde ihm das fachm\u00e4nnische Abkleben beigebracht und wie man mit Malerkrepp und Folie schnell und sicher ein Zimmer vor Farbe und Schmutz sch\u00fctzen kann.<br \/>\nWeiter wurden Alexander die verschiedenen modernen Werkzeuge vorgestellt und nat\u00fcrlich kamen auch Pinsel und R\u00f6llchen zum Einsatz.<\/p>\n<p>Alexander ist gerade 15 Jahre geworden und kommt aus Irsch. Er besucht die Realschule Saarburg. In seiner Freizeit spielt er gerne Tischtennis und engagiert sich auch in der Feuerwehr.<\/p>\n","protected":false},"excerpt":{"rendered":"<p>Vom 29. Februar bis 11. M\u00e4rz 2016 ist Alexander Kovalev als Sch\u00fclerpraktikant in unserem Team und bekommt so einen Eindruck von unserem farbigen Handwerk. Sein erster Arbeitstag war in einem Wohnheim in Trier. Sch\u00fclerpraktikant Alexander Kovalev Da durfte er zuerst<\/p>\n","protected":false},"author":1,"featured_media":95,"comment_status":"open","ping_status":"open","sticky":false,"template":"","format":"standard","meta":{"footnotes":""},"categories":[5,18],"tags":[19],"class_list":["post-94","post","type-post","status-publish","format-standard","has-post-thumbnail","hentry","category-jobs","category-team","tag-schuelerpraktikum"],"yoast_head":"<!-- This site is optimized with the Yoast SEO plugin v27.4 - https:\/\/yoast.com\/product\/yoast-seo-wordpress\/ -->\n<title>Alexander Kovalev verst\u00e4rkt das Schwebach-Team<\/title>\n<meta name=\"description\" content=\"Vom 29. Februar bis 11. M\u00e4rz 2016 verst\u00e4rkt Alexander Kovalev als Sch\u00fclerpraktikant das Team der SCHWEBACH Maler und Lackierer\" \/>\n<meta name=\"robots\" content=\"index, follow, max-snippet:-1, max-image-preview:large, max-video-preview:-1\" \/>\n<link rel=\"canonical\" href=\"https:\/\/schwebach.de\/?p=94\" \/>\n<meta property=\"og:locale\" content=\"de_DE\" \/>\n<meta property=\"og:type\" content=\"article\" \/>\n<meta property=\"og:title\" content=\"Alexander Kovalev verst\u00e4rkt das Schwebach-Team\" \/>\n<meta property=\"og:description\" content=\"Vom 29. Februar bis 11. M\u00e4rz 2016 verst\u00e4rkt Alexander Kovalev als Sch\u00fclerpraktikant das Team der SCHWEBACH Maler und Lackierer\" \/>\n<meta property=\"og:url\" content=\"https:\/\/schwebach.de\/?p=94\" \/>\n<meta property=\"og:site_name\" content=\"SCHWEBACH Maler &amp; Lackierer\" \/>\n<meta property=\"article:publisher\" content=\"https:\/\/www.facebook.com\/schwebach.wohlfuehlmaler\" \/>\n<meta property=\"article:published_time\" content=\"2016-03-05T16:59:09+00:00\" \/>\n<meta property=\"article:modified_time\" content=\"2016-05-30T16:57:56+00:00\" \/>\n<meta property=\"og:image\" content=\"https:\/\/schwebach.de\/wp-content\/uploads\/2016\/04\/Alexander_Kovalev.jpg\" \/>\n\t<meta property=\"og:image:width\" content=\"300\" \/>\n\t<meta property=\"og:image:height\" content=\"244\" \/>\n\t<meta property=\"og:image:type\" content=\"image\/jpeg\" \/>\n<meta name=\"author\" content=\"Schwebach\" \/>\n<meta name=\"twitter:card\" content=\"summary_large_image\" \/>\n<meta name=\"twitter:label1\" content=\"Verfasst von\" \/>\n\t<meta name=\"twitter:data1\" content=\"Schwebach\" \/>\n\t<meta name=\"twitter:label2\" content=\"Gesch\u00e4tzte Lesezeit\" \/>\n\t<meta name=\"twitter:data2\" content=\"1\u00a0Minute\" \/>\n<script type=\"application\/ld+json\" class=\"yoast-schema-graph\">{\"@context\":\"https:\\\/\\\/schema.org\",\"@graph\":[{\"@type\":\"Article\",\"@id\":\"https:\\\/\\\/schwebach.de\\\/?p=94#article\",\"isPartOf\":{\"@id\":\"https:\\\/\\\/schwebach.de\\\/?p=94\"},\"author\":{\"name\":\"Schwebach\",\"@id\":\"https:\\\/\\\/schwebach.de\\\/#\\\/schema\\\/person\\\/d00f441195aff8fe4987add5febad44d\"},\"headline\":\"Verst\u00e4rkung f\u00fcr das Schwebach-Team\",\"datePublished\":\"2016-03-05T16:59:09+00:00\",\"dateModified\":\"2016-05-30T16:57:56+00:00\",\"mainEntityOfPage\":{\"@id\":\"https:\\\/\\\/schwebach.de\\\/?p=94\"},\"wordCount\":134,\"commentCount\":0,\"publisher\":{\"@id\":\"https:\\\/\\\/schwebach.de\\\/#organization\"},\"image\":{\"@id\":\"https:\\\/\\\/schwebach.de\\\/?p=94#primaryimage\"},\"thumbnailUrl\":\"https:\\\/\\\/schwebach.de\\\/wp-content\\\/uploads\\\/2016\\\/04\\\/Alexander_Kovalev.jpg\",\"keywords\":[\"Sch\u00fclerpraktikum\"],\"articleSection\":[\"Jobs\",\"Team\"],\"inLanguage\":\"de\",\"potentialAction\":[{\"@type\":\"CommentAction\",\"name\":\"Comment\",\"target\":[\"https:\\\/\\\/schwebach.de\\\/?p=94#respond\"]}]},{\"@type\":\"WebPage\",\"@id\":\"https:\\\/\\\/schwebach.de\\\/?p=94\",\"url\":\"https:\\\/\\\/schwebach.de\\\/?p=94\",\"name\":\"Alexander Kovalev verst\u00e4rkt das Schwebach-Team\",\"isPartOf\":{\"@id\":\"https:\\\/\\\/schwebach.de\\\/#website\"},\"primaryImageOfPage\":{\"@id\":\"https:\\\/\\\/schwebach.de\\\/?p=94#primaryimage\"},\"image\":{\"@id\":\"https:\\\/\\\/schwebach.de\\\/?p=94#primaryimage\"},\"thumbnailUrl\":\"https:\\\/\\\/schwebach.de\\\/wp-content\\\/uploads\\\/2016\\\/04\\\/Alexander_Kovalev.jpg\",\"datePublished\":\"2016-03-05T16:59:09+00:00\",\"dateModified\":\"2016-05-30T16:57:56+00:00\",\"description\":\"Vom 29. Februar bis 11. M\u00e4rz 2016 verst\u00e4rkt Alexander Kovalev als Sch\u00fclerpraktikant das Team der SCHWEBACH Maler und Lackierer\",\"breadcrumb\":{\"@id\":\"https:\\\/\\\/schwebach.de\\\/?p=94#breadcrumb\"},\"inLanguage\":\"de\",\"potentialAction\":[{\"@type\":\"ReadAction\",\"target\":[\"https:\\\/\\\/schwebach.de\\\/?p=94\"]}]},{\"@type\":\"ImageObject\",\"inLanguage\":\"de\",\"@id\":\"https:\\\/\\\/schwebach.de\\\/?p=94#primaryimage\",\"url\":\"https:\\\/\\\/schwebach.de\\\/wp-content\\\/uploads\\\/2016\\\/04\\\/Alexander_Kovalev.jpg\",\"contentUrl\":\"https:\\\/\\\/schwebach.de\\\/wp-content\\\/uploads\\\/2016\\\/04\\\/Alexander_Kovalev.jpg\",\"width\":300,\"height\":244,\"caption\":\"Alexander Kovalev\"},{\"@type\":\"BreadcrumbList\",\"@id\":\"https:\\\/\\\/schwebach.de\\\/?p=94#breadcrumb\",\"itemListElement\":[{\"@type\":\"ListItem\",\"position\":1,\"name\":\"Startseite\",\"item\":\"https:\\\/\\\/schwebach.de\\\/\"},{\"@type\":\"ListItem\",\"position\":2,\"name\":\"Verst\u00e4rkung f\u00fcr das Schwebach-Team\"}]},{\"@type\":\"WebSite\",\"@id\":\"https:\\\/\\\/schwebach.de\\\/#website\",\"url\":\"https:\\\/\\\/schwebach.de\\\/\",\"name\":\"SCHWEBACH Maler &amp; Lackierer\",\"description\":\"Ihr Wohlf\u00fchlmaler aus Irsch\\\/Saar\",\"publisher\":{\"@id\":\"https:\\\/\\\/schwebach.de\\\/#organization\"},\"potentialAction\":[{\"@type\":\"SearchAction\",\"target\":{\"@type\":\"EntryPoint\",\"urlTemplate\":\"https:\\\/\\\/schwebach.de\\\/?s={search_term_string}\"},\"query-input\":{\"@type\":\"PropertyValueSpecification\",\"valueRequired\":true,\"valueName\":\"search_term_string\"}}],\"inLanguage\":\"de\"},{\"@type\":\"Organization\",\"@id\":\"https:\\\/\\\/schwebach.de\\\/#organization\",\"name\":\"Schwebach Maler & Lackierer GmbH\",\"url\":\"https:\\\/\\\/schwebach.de\\\/\",\"logo\":{\"@type\":\"ImageObject\",\"inLanguage\":\"de\",\"@id\":\"https:\\\/\\\/schwebach.de\\\/#\\\/schema\\\/logo\\\/image\\\/\",\"url\":\"https:\\\/\\\/schwebach.de\\\/wp-content\\\/uploads\\\/2016\\\/04\\\/butterfly.png\",\"contentUrl\":\"https:\\\/\\\/schwebach.de\\\/wp-content\\\/uploads\\\/2016\\\/04\\\/butterfly.png\",\"width\":463,\"height\":310,\"caption\":\"Schwebach Maler & Lackierer GmbH\"},\"image\":{\"@id\":\"https:\\\/\\\/schwebach.de\\\/#\\\/schema\\\/logo\\\/image\\\/\"},\"sameAs\":[\"https:\\\/\\\/www.facebook.com\\\/schwebach.wohlfuehlmaler\",\"https:\\\/\\\/www.youtube.com\\\/user\\\/Wohlfuehlmaler\"]},{\"@type\":\"Person\",\"@id\":\"https:\\\/\\\/schwebach.de\\\/#\\\/schema\\\/person\\\/d00f441195aff8fe4987add5febad44d\",\"name\":\"Schwebach\",\"image\":{\"@type\":\"ImageObject\",\"inLanguage\":\"de\",\"@id\":\"https:\\\/\\\/secure.gravatar.com\\\/avatar\\\/34291dd68034cb7317838ad1f4c39bc27d010389fac30629b636c5776ac49376?s=96&d=mm&r=g\",\"url\":\"https:\\\/\\\/secure.gravatar.com\\\/avatar\\\/34291dd68034cb7317838ad1f4c39bc27d010389fac30629b636c5776ac49376?s=96&d=mm&r=g\",\"contentUrl\":\"https:\\\/\\\/secure.gravatar.com\\\/avatar\\\/34291dd68034cb7317838ad1f4c39bc27d010389fac30629b636c5776ac49376?s=96&d=mm&r=g\",\"caption\":\"Schwebach\"},\"url\":\"https:\\\/\\\/schwebach.de\\\/?author=1\"}]}<\/script>\n<!-- \/ Yoast SEO plugin. -->","yoast_head_json":{"title":"Alexander Kovalev verst\u00e4rkt das Schwebach-Team","description":"Vom 29. Februar bis 11. M\u00e4rz 2016 verst\u00e4rkt Alexander Kovalev als Sch\u00fclerpraktikant das Team der SCHWEBACH Maler und Lackierer","robots":{"index":"index","follow":"follow","max-snippet":"max-snippet:-1","max-image-preview":"max-image-preview:large","max-video-preview":"max-video-preview:-1"},"canonical":"https:\/\/schwebach.de\/?p=94","og_locale":"de_DE","og_type":"article","og_title":"Alexander Kovalev verst\u00e4rkt das Schwebach-Team","og_description":"Vom 29. Februar bis 11. M\u00e4rz 2016 verst\u00e4rkt Alexander Kovalev als Sch\u00fclerpraktikant das Team der SCHWEBACH Maler und Lackierer","og_url":"https:\/\/schwebach.de\/?p=94","og_site_name":"SCHWEBACH Maler &amp; Lackierer","article_publisher":"https:\/\/www.facebook.com\/schwebach.wohlfuehlmaler","article_published_time":"2016-03-05T16:59:09+00:00","article_modified_time":"2016-05-30T16:57:56+00:00","og_image":[{"width":300,"height":244,"url":"https:\/\/schwebach.de\/wp-content\/uploads\/2016\/04\/Alexander_Kovalev.jpg","type":"image\/jpeg"}],"author":"Schwebach","twitter_card":"summary_large_image","twitter_misc":{"Verfasst von":"Schwebach","Gesch\u00e4tzte Lesezeit":"1\u00a0Minute"},"schema":{"@context":"https:\/\/schema.org","@graph":[{"@type":"Article","@id":"https:\/\/schwebach.de\/?p=94#article","isPartOf":{"@id":"https:\/\/schwebach.de\/?p=94"},"author":{"name":"Schwebach","@id":"https:\/\/schwebach.de\/#\/schema\/person\/d00f441195aff8fe4987add5febad44d"},"headline":"Verst\u00e4rkung f\u00fcr das Schwebach-Team","datePublished":"2016-03-05T16:59:09+00:00","dateModified":"2016-05-30T16:57:56+00:00","mainEntityOfPage":{"@id":"https:\/\/schwebach.de\/?p=94"},"wordCount":134,"commentCount":0,"publisher":{"@id":"https:\/\/schwebach.de\/#organization"},"image":{"@id":"https:\/\/schwebach.de\/?p=94#primaryimage"},"thumbnailUrl":"https:\/\/schwebach.de\/wp-content\/uploads\/2016\/04\/Alexander_Kovalev.jpg","keywords":["Sch\u00fclerpraktikum"],"articleSection":["Jobs","Team"],"inLanguage":"de","potentialAction":[{"@type":"CommentAction","name":"Comment","target":["https:\/\/schwebach.de\/?p=94#respond"]}]},{"@type":"WebPage","@id":"https:\/\/schwebach.de\/?p=94","url":"https:\/\/schwebach.de\/?p=94","name":"Alexander Kovalev verst\u00e4rkt das Schwebach-Team","isPartOf":{"@id":"https:\/\/schwebach.de\/#website"},"primaryImageOfPage":{"@id":"https:\/\/schwebach.de\/?p=94#primaryimage"},"image":{"@id":"https:\/\/schwebach.de\/?p=94#primaryimage"},"thumbnailUrl":"https:\/\/schwebach.de\/wp-content\/uploads\/2016\/04\/Alexander_Kovalev.jpg","datePublished":"2016-03-05T16:59:09+00:00","dateModified":"2016-05-30T16:57:56+00:00","description":"Vom 29. Februar bis 11. M\u00e4rz 2016 verst\u00e4rkt Alexander Kovalev als Sch\u00fclerpraktikant das Team der SCHWEBACH Maler und Lackierer","breadcrumb":{"@id":"https:\/\/schwebach.de\/?p=94#breadcrumb"},"inLanguage":"de","potentialAction":[{"@type":"ReadAction","target":["https:\/\/schwebach.de\/?p=94"]}]},{"@type":"ImageObject","inLanguage":"de","@id":"https:\/\/schwebach.de\/?p=94#primaryimage","url":"https:\/\/schwebach.de\/wp-content\/uploads\/2016\/04\/Alexander_Kovalev.jpg","contentUrl":"https:\/\/schwebach.de\/wp-content\/uploads\/2016\/04\/Alexander_Kovalev.jpg","width":300,"height":244,"caption":"Alexander Kovalev"},{"@type":"BreadcrumbList","@id":"https:\/\/schwebach.de\/?p=94#breadcrumb","itemListElement":[{"@type":"ListItem","position":1,"name":"Startseite","item":"https:\/\/schwebach.de\/"},{"@type":"ListItem","position":2,"name":"Verst\u00e4rkung f\u00fcr das Schwebach-Team"}]},{"@type":"WebSite","@id":"https:\/\/schwebach.de\/#website","url":"https:\/\/schwebach.de\/","name":"SCHWEBACH Maler &amp; Lackierer","description":"Ihr Wohlf\u00fchlmaler aus Irsch\/Saar","publisher":{"@id":"https:\/\/schwebach.de\/#organization"},"potentialAction":[{"@type":"SearchAction","target":{"@type":"EntryPoint","urlTemplate":"https:\/\/schwebach.de\/?s={search_term_string}"},"query-input":{"@type":"PropertyValueSpecification","valueRequired":true,"valueName":"search_term_string"}}],"inLanguage":"de"},{"@type":"Organization","@id":"https:\/\/schwebach.de\/#organization","name":"Schwebach Maler & Lackierer GmbH","url":"https:\/\/schwebach.de\/","logo":{"@type":"ImageObject","inLanguage":"de","@id":"https:\/\/schwebach.de\/#\/schema\/logo\/image\/","url":"https:\/\/schwebach.de\/wp-content\/uploads\/2016\/04\/butterfly.png","contentUrl":"https:\/\/schwebach.de\/wp-content\/uploads\/2016\/04\/butterfly.png","width":463,"height":310,"caption":"Schwebach Maler & Lackierer GmbH"},"image":{"@id":"https:\/\/schwebach.de\/#\/schema\/logo\/image\/"},"sameAs":["https:\/\/www.facebook.com\/schwebach.wohlfuehlmaler","https:\/\/www.youtube.com\/user\/Wohlfuehlmaler"]},{"@type":"Person","@id":"https:\/\/schwebach.de\/#\/schema\/person\/d00f441195aff8fe4987add5febad44d","name":"Schwebach","image":{"@type":"ImageObject","inLanguage":"de","@id":"https:\/\/secure.gravatar.com\/avatar\/34291dd68034cb7317838ad1f4c39bc27d010389fac30629b636c5776ac49376?s=96&d=mm&r=g","url":"https:\/\/secure.gravatar.com\/avatar\/34291dd68034cb7317838ad1f4c39bc27d010389fac30629b636c5776ac49376?s=96&d=mm&r=g","contentUrl":"https:\/\/secure.gravatar.com\/avatar\/34291dd68034cb7317838ad1f4c39bc27d010389fac30629b636c5776ac49376?s=96&d=mm&r=g","caption":"Schwebach"},"url":"https:\/\/schwebach.de\/?author=1"}]}},"_links":{"self":[{"href":"https:\/\/schwebach.de\/index.php?rest_route=\/wp\/v2\/posts\/94","targetHints":{"allow":["GET"]}}],"collection":[{"href":"https:\/\/schwebach.de\/index.php?rest_route=\/wp\/v2\/posts"}],"about":[{"href":"https:\/\/schwebach.de\/index.php?rest_route=\/wp\/v2\/types\/post"}],"author":[{"embeddable":true,"href":"https:\/\/schwebach.de\/index.php?rest_route=\/wp\/v2\/users\/1"}],"replies":[{"embeddable":true,"href":"https:\/\/schwebach.de\/index.php?rest_route=%2Fwp%2Fv2%2Fcomments&post=94"}],"version-history":[{"count":5,"href":"https:\/\/schwebach.de\/index.php?rest_route=\/wp\/v2\/posts\/94\/revisions"}],"predecessor-version":[{"id":1045,"href":"https:\/\/schwebach.de\/index.php?rest_route=\/wp\/v2\/posts\/94\/revisions\/1045"}],"wp:featuredmedia":[{"embeddable":true,"href":"https:\/\/schwebach.de\/index.php?rest_route=\/wp\/v2\/media\/95"}],"wp:attachment":[{"href":"https:\/\/schwebach.de\/index.php?rest_route=%2Fwp%2Fv2%2Fmedia&parent=94"}],"wp:term":[{"taxonomy":"category","embeddable":true,"href":"https:\/\/schwebach.de\/index.php?rest_route=%2Fwp%2Fv2%2Fcategories&post=94"},{"taxonomy":"post_tag","embeddable":true,"href":"https:\/\/schwebach.de\/index.php?rest_route=%2Fwp%2Fv2%2Ftags&post=94"}],"curies":[{"name":"wp","href":"https:\/\/api.w.org\/{rel}","templated":true}]}}