{"id":608,"date":"2010-04-22T15:26:50","date_gmt":"2010-04-22T15:26:50","guid":{"rendered":"http:\/\/maler-schwebach.de\/?p=608"},"modified":"2025-06-04T12:50:05","modified_gmt":"2025-06-04T10:50:05","slug":"mandy-christine","status":"publish","type":"post","link":"https:\/\/schwebach.de\/?p=608","title":{"rendered":"Das war der Girls&#8217;Day f\u00fcr Mandy und Christine"},"content":{"rendered":"<div id=\"pl-608\"  class=\"panel-layout\" ><div id=\"pg-608-0\"  class=\"panel-grid panel-no-style\" ><div id=\"pgc-608-0-0\"  class=\"panel-grid-cell\" ><div id=\"panel-608-0-0-0\" class=\"so-panel widget widget_sow-editor panel-first-child panel-last-child\" data-index=\"0\" ><div\n\t\t\t\n\t\t\tclass=\"so-widget-sow-editor so-widget-sow-editor-base\"\n\t\t\t\n\t\t>\n<div class=\"siteorigin-widget-tinymce textwidget\">\n\t<figure id=\"attachment_613\" aria-describedby=\"caption-attachment-613\" style=\"width: 300px\" class=\"wp-caption aligncenter\"><img loading=\"lazy\" decoding=\"async\" class=\"wp-image-613 size-full\" src=\"https:\/\/maler-schwebach.de\/wp-content\/uploads\/2016\/05\/GD2010_05.jpg\" alt=\"Girls'Day mit Mandy und Christine\" width=\"300\" height=\"225\" \/><figcaption id=\"caption-attachment-613\" class=\"wp-caption-text\">Girls'Day mit Mandy und Christine<\/figcaption><\/figure>\n<p>\u00a0Am 22. April 2010 wurde wieder der Deutschlandweite Aktionstag \"Girls'Day\" durchgef\u00fchrt. Zum insgesamt 10. mal schon fand dieser M\u00e4dchen-Zukunftstag statt, der es jungen M\u00e4dchen erm\u00f6glichen soll, einen Einblick in Berufe zu gewinnen, die ansonsten nicht zu den typischen M\u00e4dchenberufen z\u00e4hlen.<\/p>\n<p>Es ist f\u00fcr uns schon zu einer guten Tradition geworden, dass wir uns am GirlsDay beteiligen und in diesem Jahr waren Mandy Jacob (13) und Christine Berg (12) bei uns zu Gast im Schwebach-Team. Sie sind beide aus Dillingen und besuchen dort das Albert-Schweitzer-Gymnasium.<\/p>\n<p>Sie haben unser Maler-Team durch eine l\u00e4ngere Recherche im Internet gefunden und sich dann fr\u00fchzeitig entschlossen, den Girls'Day bei uns in unserem farbigen Handwerk zu besuchen.<\/p>\n<p>Auch privat m\u00f6gen es die beiden bunt - hei\u00dft ihre Lieblingsband doch \"Green Day\".<\/p>\n<\/div>\n<\/div><\/div><\/div><div id=\"pgc-608-0-1\"  class=\"panel-grid-cell\" ><div id=\"panel-608-0-1-0\" class=\"so-panel widget widget_sow-editor panel-first-child panel-last-child\" data-index=\"1\" ><div\n\t\t\t\n\t\t\tclass=\"so-widget-sow-editor so-widget-sow-editor-base\"\n\t\t\t\n\t\t>\n<div class=\"siteorigin-widget-tinymce textwidget\">\n\t<p>Um 9 Uhr morgens waren die beiden da und nach einer kurzen Tour durch unser Firmengeb\u00e4ude St. Lukas, haben sie sich umgezogen und wir sind nach Trier zum ersten Objekt gefahren.<\/p>\n<p>\u00a0<\/p>\n<figure id=\"attachment_609\" aria-describedby=\"caption-attachment-609\" style=\"width: 300px\" class=\"wp-caption alignnone\"><img loading=\"lazy\" decoding=\"async\" class=\"wp-image-609 size-full\" src=\"https:\/\/maler-schwebach.de\/wp-content\/uploads\/2016\/05\/GD2010_01.jpg\" alt=\"Abkleben\" width=\"300\" height=\"225\" \/><figcaption id=\"caption-attachment-609\" class=\"wp-caption-text\">Abkleben<\/figcaption><\/figure>\n<p>Die Aufgabe hier war das Streichen eines Appartements incl. Abdecken und nach Reinigung nach dem Anstrich.<\/p>\n<figure id=\"attachment_611\" aria-describedby=\"caption-attachment-611\" style=\"width: 300px\" class=\"wp-caption alignnone\"><img loading=\"lazy\" decoding=\"async\" class=\"wp-image-611 size-full\" src=\"https:\/\/maler-schwebach.de\/wp-content\/uploads\/2016\/05\/GD2010_03.jpg\" alt=\"Im Restaurant &quot;zum goldenen M&quot;\" width=\"300\" height=\"225\" \/><figcaption id=\"caption-attachment-611\" class=\"wp-caption-text\">Im Restaurant \"zum goldenen M\"<\/figcaption><\/figure>\n<p>Zur Mittagspause gab es eine St\u00e4rkung bei Mc Donald\u00b4s.<br \/>Nach dieser St\u00e4rkung ging es nach Ockfen zur ehemaligen Abtei \"St. Martin\". In der ehemaligen Kneipe konnten sie ihrer Farbenlust freien Lauf lassen.<\/p>\n<\/div>\n<\/div><\/div><\/div><div id=\"pgc-608-0-2\"  class=\"panel-grid-cell\" ><div id=\"panel-608-0-2-0\" class=\"so-panel widget widget_sow-editor panel-first-child panel-last-child\" data-index=\"2\" ><div\n\t\t\t\n\t\t\tclass=\"so-widget-sow-editor so-widget-sow-editor-base\"\n\t\t\t\n\t\t>\n<div class=\"siteorigin-widget-tinymce textwidget\">\n\t<p>\u00a0<\/p>\n<figure id=\"attachment_614\" aria-describedby=\"caption-attachment-614\" style=\"width: 300px\" class=\"wp-caption alignnone\"><img loading=\"lazy\" decoding=\"async\" class=\"wp-image-614 size-full\" src=\"https:\/\/maler-schwebach.de\/wp-content\/uploads\/2016\/05\/GD2010_06.jpg\" alt=\"Sommerrodelbahn Saarburg\" width=\"300\" height=\"225\" \/><figcaption id=\"caption-attachment-614\" class=\"wp-caption-text\">Sommerrodelbahn Saarburg<\/figcaption><\/figure>\n<p>Da es endlich mal wieder ein richtig sonniger Fr\u00fchlingstag war, besuchten wir mit den beiden noch die Sommerrodelbahn Saarburg und genossen anschlie\u00dfend noch ein Eis in der Stadt, ehe es wieder in die Firma nach Irsch ging<br \/>.<img loading=\"lazy\" decoding=\"async\" class=\" wp-image-612 alignnone\" src=\"https:\/\/maler-schwebach.de\/wp-content\/uploads\/2016\/05\/GD2010_04.jpg\" alt=\"GD2010_04\" width=\"300\" height=\"225\" \/><\/p>\n<p>Vor dem Feierabend wurden noch je ein 5-Liter Eimer Farbe im Wunschton angemischt, den Mandy und Christine mit nach Hause nehmen konnten.<br \/>Wir danken Mandy und Christine ganz herzlich f\u00fcr diesen gelungenen Girls'Day und freuen uns schon auf den n\u00e4chsten Aktionstag im n\u00e4chsten Jahr.<\/p>\n<\/div>\n<\/div><\/div><\/div><\/div><\/div>","protected":false},"excerpt":{"rendered":"<p>\u00a0Am 22. April 2010 wurde wieder der Deutschlandweite Aktionstag &#8222;Girls&#8217;Day&#8220; durchgef\u00fchrt. Zum insgesamt 10. mal schon fand dieser M\u00e4dchen-Zukunftstag statt, der es jungen M\u00e4dchen erm\u00f6glichen soll, einen Einblick in Berufe zu gewinnen, die ansonsten nicht zu den typischen M\u00e4dchenberufen z\u00e4hlen.Es<\/p>\n","protected":false},"author":1,"featured_media":614,"comment_status":"open","ping_status":"open","sticky":false,"template":"","format":"standard","meta":{"footnotes":""},"categories":[8],"tags":[],"class_list":["post-608","post","type-post","status-publish","format-standard","has-post-thumbnail","hentry","category-girlsday"],"yoast_head":"<!-- This site is optimized with the Yoast SEO plugin v27.4 - https:\/\/yoast.com\/product\/yoast-seo-wordpress\/ -->\n<title>Das war der Girls&#039;Day f\u00fcr Mandy und Christine - SCHWEBACH Maler &amp; Lackierer<\/title>\n<meta name=\"robots\" content=\"index, follow, max-snippet:-1, max-image-preview:large, max-video-preview:-1\" \/>\n<link rel=\"canonical\" href=\"https:\/\/schwebach.de\/?p=608\" \/>\n<meta property=\"og:locale\" content=\"de_DE\" \/>\n<meta property=\"og:type\" content=\"article\" \/>\n<meta property=\"og:title\" content=\"Das war der Girls&#039;Day f\u00fcr Mandy und Christine - SCHWEBACH Maler &amp; Lackierer\" \/>\n<meta property=\"og:description\" content=\"\u00a0Am 22. April 2010 wurde wieder der Deutschlandweite Aktionstag &quot;Girls&#039;Day&quot; durchgef\u00fchrt. Zum insgesamt 10. mal schon fand dieser M\u00e4dchen-Zukunftstag statt, der es jungen M\u00e4dchen erm\u00f6glichen soll, einen Einblick in Berufe zu gewinnen, die ansonsten nicht zu den typischen M\u00e4dchenberufen z\u00e4hlen.Es\" \/>\n<meta property=\"og:url\" content=\"https:\/\/schwebach.de\/?p=608\" \/>\n<meta property=\"og:site_name\" content=\"SCHWEBACH Maler &amp; Lackierer\" \/>\n<meta property=\"article:publisher\" content=\"https:\/\/www.facebook.com\/schwebach.wohlfuehlmaler\" \/>\n<meta property=\"article:published_time\" content=\"2010-04-22T15:26:50+00:00\" \/>\n<meta property=\"article:modified_time\" content=\"2025-06-04T10:50:05+00:00\" \/>\n<meta property=\"og:image\" content=\"https:\/\/schwebach.de\/wp-content\/uploads\/2016\/05\/GD2010_06.jpg\" \/>\n\t<meta property=\"og:image:width\" content=\"300\" \/>\n\t<meta property=\"og:image:height\" content=\"225\" \/>\n\t<meta property=\"og:image:type\" content=\"image\/jpeg\" \/>\n<meta name=\"author\" content=\"Schwebach\" \/>\n<meta name=\"twitter:card\" content=\"summary_large_image\" \/>\n<meta name=\"twitter:label1\" content=\"Verfasst von\" \/>\n\t<meta name=\"twitter:data1\" content=\"Schwebach\" \/>\n\t<meta name=\"twitter:label2\" content=\"Gesch\u00e4tzte Lesezeit\" \/>\n\t<meta name=\"twitter:data2\" content=\"2\u00a0Minuten\" \/>\n<script type=\"application\/ld+json\" class=\"yoast-schema-graph\">{\"@context\":\"https:\\\/\\\/schema.org\",\"@graph\":[{\"@type\":\"Article\",\"@id\":\"https:\\\/\\\/schwebach.de\\\/?p=608#article\",\"isPartOf\":{\"@id\":\"https:\\\/\\\/schwebach.de\\\/?p=608\"},\"author\":{\"name\":\"Schwebach\",\"@id\":\"https:\\\/\\\/schwebach.de\\\/#\\\/schema\\\/person\\\/d00f441195aff8fe4987add5febad44d\"},\"headline\":\"Das war der Girls&#8217;Day f\u00fcr Mandy und Christine\",\"datePublished\":\"2010-04-22T15:26:50+00:00\",\"dateModified\":\"2025-06-04T10:50:05+00:00\",\"mainEntityOfPage\":{\"@id\":\"https:\\\/\\\/schwebach.de\\\/?p=608\"},\"wordCount\":327,\"commentCount\":0,\"publisher\":{\"@id\":\"https:\\\/\\\/schwebach.de\\\/#organization\"},\"image\":{\"@id\":\"https:\\\/\\\/schwebach.de\\\/?p=608#primaryimage\"},\"thumbnailUrl\":\"https:\\\/\\\/schwebach.de\\\/wp-content\\\/uploads\\\/2016\\\/05\\\/GD2010_06.jpg\",\"articleSection\":[\"Girls'Day\"],\"inLanguage\":\"de\",\"potentialAction\":[{\"@type\":\"CommentAction\",\"name\":\"Comment\",\"target\":[\"https:\\\/\\\/schwebach.de\\\/?p=608#respond\"]}]},{\"@type\":\"WebPage\",\"@id\":\"https:\\\/\\\/schwebach.de\\\/?p=608\",\"url\":\"https:\\\/\\\/schwebach.de\\\/?p=608\",\"name\":\"Das war der Girls'Day f\u00fcr Mandy und Christine - SCHWEBACH Maler &amp; Lackierer\",\"isPartOf\":{\"@id\":\"https:\\\/\\\/schwebach.de\\\/#website\"},\"primaryImageOfPage\":{\"@id\":\"https:\\\/\\\/schwebach.de\\\/?p=608#primaryimage\"},\"image\":{\"@id\":\"https:\\\/\\\/schwebach.de\\\/?p=608#primaryimage\"},\"thumbnailUrl\":\"https:\\\/\\\/schwebach.de\\\/wp-content\\\/uploads\\\/2016\\\/05\\\/GD2010_06.jpg\",\"datePublished\":\"2010-04-22T15:26:50+00:00\",\"dateModified\":\"2025-06-04T10:50:05+00:00\",\"breadcrumb\":{\"@id\":\"https:\\\/\\\/schwebach.de\\\/?p=608#breadcrumb\"},\"inLanguage\":\"de\",\"potentialAction\":[{\"@type\":\"ReadAction\",\"target\":[\"https:\\\/\\\/schwebach.de\\\/?p=608\"]}]},{\"@type\":\"ImageObject\",\"inLanguage\":\"de\",\"@id\":\"https:\\\/\\\/schwebach.de\\\/?p=608#primaryimage\",\"url\":\"https:\\\/\\\/schwebach.de\\\/wp-content\\\/uploads\\\/2016\\\/05\\\/GD2010_06.jpg\",\"contentUrl\":\"https:\\\/\\\/schwebach.de\\\/wp-content\\\/uploads\\\/2016\\\/05\\\/GD2010_06.jpg\",\"width\":300,\"height\":225},{\"@type\":\"BreadcrumbList\",\"@id\":\"https:\\\/\\\/schwebach.de\\\/?p=608#breadcrumb\",\"itemListElement\":[{\"@type\":\"ListItem\",\"position\":1,\"name\":\"Startseite\",\"item\":\"https:\\\/\\\/schwebach.de\\\/\"},{\"@type\":\"ListItem\",\"position\":2,\"name\":\"Das war der Girls&#8217;Day f\u00fcr Mandy und Christine\"}]},{\"@type\":\"WebSite\",\"@id\":\"https:\\\/\\\/schwebach.de\\\/#website\",\"url\":\"https:\\\/\\\/schwebach.de\\\/\",\"name\":\"SCHWEBACH Maler &amp; Lackierer\",\"description\":\"Ihr Wohlf\u00fchlmaler aus Irsch\\\/Saar\",\"publisher\":{\"@id\":\"https:\\\/\\\/schwebach.de\\\/#organization\"},\"potentialAction\":[{\"@type\":\"SearchAction\",\"target\":{\"@type\":\"EntryPoint\",\"urlTemplate\":\"https:\\\/\\\/schwebach.de\\\/?s={search_term_string}\"},\"query-input\":{\"@type\":\"PropertyValueSpecification\",\"valueRequired\":true,\"valueName\":\"search_term_string\"}}],\"inLanguage\":\"de\"},{\"@type\":\"Organization\",\"@id\":\"https:\\\/\\\/schwebach.de\\\/#organization\",\"name\":\"Schwebach Maler & Lackierer GmbH\",\"url\":\"https:\\\/\\\/schwebach.de\\\/\",\"logo\":{\"@type\":\"ImageObject\",\"inLanguage\":\"de\",\"@id\":\"https:\\\/\\\/schwebach.de\\\/#\\\/schema\\\/logo\\\/image\\\/\",\"url\":\"https:\\\/\\\/schwebach.de\\\/wp-content\\\/uploads\\\/2016\\\/04\\\/butterfly.png\",\"contentUrl\":\"https:\\\/\\\/schwebach.de\\\/wp-content\\\/uploads\\\/2016\\\/04\\\/butterfly.png\",\"width\":463,\"height\":310,\"caption\":\"Schwebach Maler & Lackierer GmbH\"},\"image\":{\"@id\":\"https:\\\/\\\/schwebach.de\\\/#\\\/schema\\\/logo\\\/image\\\/\"},\"sameAs\":[\"https:\\\/\\\/www.facebook.com\\\/schwebach.wohlfuehlmaler\",\"https:\\\/\\\/www.youtube.com\\\/user\\\/Wohlfuehlmaler\"]},{\"@type\":\"Person\",\"@id\":\"https:\\\/\\\/schwebach.de\\\/#\\\/schema\\\/person\\\/d00f441195aff8fe4987add5febad44d\",\"name\":\"Schwebach\",\"image\":{\"@type\":\"ImageObject\",\"inLanguage\":\"de\",\"@id\":\"https:\\\/\\\/secure.gravatar.com\\\/avatar\\\/34291dd68034cb7317838ad1f4c39bc27d010389fac30629b636c5776ac49376?s=96&d=mm&r=g\",\"url\":\"https:\\\/\\\/secure.gravatar.com\\\/avatar\\\/34291dd68034cb7317838ad1f4c39bc27d010389fac30629b636c5776ac49376?s=96&d=mm&r=g\",\"contentUrl\":\"https:\\\/\\\/secure.gravatar.com\\\/avatar\\\/34291dd68034cb7317838ad1f4c39bc27d010389fac30629b636c5776ac49376?s=96&d=mm&r=g\",\"caption\":\"Schwebach\"},\"url\":\"https:\\\/\\\/schwebach.de\\\/?author=1\"}]}<\/script>\n<!-- \/ Yoast SEO plugin. -->","yoast_head_json":{"title":"Das war der Girls'Day f\u00fcr Mandy und Christine - SCHWEBACH Maler &amp; Lackierer","robots":{"index":"index","follow":"follow","max-snippet":"max-snippet:-1","max-image-preview":"max-image-preview:large","max-video-preview":"max-video-preview:-1"},"canonical":"https:\/\/schwebach.de\/?p=608","og_locale":"de_DE","og_type":"article","og_title":"Das war der Girls'Day f\u00fcr Mandy und Christine - SCHWEBACH Maler &amp; Lackierer","og_description":"\u00a0Am 22. April 2010 wurde wieder der Deutschlandweite Aktionstag \"Girls'Day\" durchgef\u00fchrt. Zum insgesamt 10. mal schon fand dieser M\u00e4dchen-Zukunftstag statt, der es jungen M\u00e4dchen erm\u00f6glichen soll, einen Einblick in Berufe zu gewinnen, die ansonsten nicht zu den typischen M\u00e4dchenberufen z\u00e4hlen.Es","og_url":"https:\/\/schwebach.de\/?p=608","og_site_name":"SCHWEBACH Maler &amp; Lackierer","article_publisher":"https:\/\/www.facebook.com\/schwebach.wohlfuehlmaler","article_published_time":"2010-04-22T15:26:50+00:00","article_modified_time":"2025-06-04T10:50:05+00:00","og_image":[{"width":300,"height":225,"url":"https:\/\/schwebach.de\/wp-content\/uploads\/2016\/05\/GD2010_06.jpg","type":"image\/jpeg"}],"author":"Schwebach","twitter_card":"summary_large_image","twitter_misc":{"Verfasst von":"Schwebach","Gesch\u00e4tzte Lesezeit":"2\u00a0Minuten"},"schema":{"@context":"https:\/\/schema.org","@graph":[{"@type":"Article","@id":"https:\/\/schwebach.de\/?p=608#article","isPartOf":{"@id":"https:\/\/schwebach.de\/?p=608"},"author":{"name":"Schwebach","@id":"https:\/\/schwebach.de\/#\/schema\/person\/d00f441195aff8fe4987add5febad44d"},"headline":"Das war der Girls&#8217;Day f\u00fcr Mandy und Christine","datePublished":"2010-04-22T15:26:50+00:00","dateModified":"2025-06-04T10:50:05+00:00","mainEntityOfPage":{"@id":"https:\/\/schwebach.de\/?p=608"},"wordCount":327,"commentCount":0,"publisher":{"@id":"https:\/\/schwebach.de\/#organization"},"image":{"@id":"https:\/\/schwebach.de\/?p=608#primaryimage"},"thumbnailUrl":"https:\/\/schwebach.de\/wp-content\/uploads\/2016\/05\/GD2010_06.jpg","articleSection":["Girls'Day"],"inLanguage":"de","potentialAction":[{"@type":"CommentAction","name":"Comment","target":["https:\/\/schwebach.de\/?p=608#respond"]}]},{"@type":"WebPage","@id":"https:\/\/schwebach.de\/?p=608","url":"https:\/\/schwebach.de\/?p=608","name":"Das war der Girls'Day f\u00fcr Mandy und Christine - SCHWEBACH Maler &amp; Lackierer","isPartOf":{"@id":"https:\/\/schwebach.de\/#website"},"primaryImageOfPage":{"@id":"https:\/\/schwebach.de\/?p=608#primaryimage"},"image":{"@id":"https:\/\/schwebach.de\/?p=608#primaryimage"},"thumbnailUrl":"https:\/\/schwebach.de\/wp-content\/uploads\/2016\/05\/GD2010_06.jpg","datePublished":"2010-04-22T15:26:50+00:00","dateModified":"2025-06-04T10:50:05+00:00","breadcrumb":{"@id":"https:\/\/schwebach.de\/?p=608#breadcrumb"},"inLanguage":"de","potentialAction":[{"@type":"ReadAction","target":["https:\/\/schwebach.de\/?p=608"]}]},{"@type":"ImageObject","inLanguage":"de","@id":"https:\/\/schwebach.de\/?p=608#primaryimage","url":"https:\/\/schwebach.de\/wp-content\/uploads\/2016\/05\/GD2010_06.jpg","contentUrl":"https:\/\/schwebach.de\/wp-content\/uploads\/2016\/05\/GD2010_06.jpg","width":300,"height":225},{"@type":"BreadcrumbList","@id":"https:\/\/schwebach.de\/?p=608#breadcrumb","itemListElement":[{"@type":"ListItem","position":1,"name":"Startseite","item":"https:\/\/schwebach.de\/"},{"@type":"ListItem","position":2,"name":"Das war der Girls&#8217;Day f\u00fcr Mandy und Christine"}]},{"@type":"WebSite","@id":"https:\/\/schwebach.de\/#website","url":"https:\/\/schwebach.de\/","name":"SCHWEBACH Maler &amp; Lackierer","description":"Ihr Wohlf\u00fchlmaler aus Irsch\/Saar","publisher":{"@id":"https:\/\/schwebach.de\/#organization"},"potentialAction":[{"@type":"SearchAction","target":{"@type":"EntryPoint","urlTemplate":"https:\/\/schwebach.de\/?s={search_term_string}"},"query-input":{"@type":"PropertyValueSpecification","valueRequired":true,"valueName":"search_term_string"}}],"inLanguage":"de"},{"@type":"Organization","@id":"https:\/\/schwebach.de\/#organization","name":"Schwebach Maler & Lackierer GmbH","url":"https:\/\/schwebach.de\/","logo":{"@type":"ImageObject","inLanguage":"de","@id":"https:\/\/schwebach.de\/#\/schema\/logo\/image\/","url":"https:\/\/schwebach.de\/wp-content\/uploads\/2016\/04\/butterfly.png","contentUrl":"https:\/\/schwebach.de\/wp-content\/uploads\/2016\/04\/butterfly.png","width":463,"height":310,"caption":"Schwebach Maler & Lackierer GmbH"},"image":{"@id":"https:\/\/schwebach.de\/#\/schema\/logo\/image\/"},"sameAs":["https:\/\/www.facebook.com\/schwebach.wohlfuehlmaler","https:\/\/www.youtube.com\/user\/Wohlfuehlmaler"]},{"@type":"Person","@id":"https:\/\/schwebach.de\/#\/schema\/person\/d00f441195aff8fe4987add5febad44d","name":"Schwebach","image":{"@type":"ImageObject","inLanguage":"de","@id":"https:\/\/secure.gravatar.com\/avatar\/34291dd68034cb7317838ad1f4c39bc27d010389fac30629b636c5776ac49376?s=96&d=mm&r=g","url":"https:\/\/secure.gravatar.com\/avatar\/34291dd68034cb7317838ad1f4c39bc27d010389fac30629b636c5776ac49376?s=96&d=mm&r=g","contentUrl":"https:\/\/secure.gravatar.com\/avatar\/34291dd68034cb7317838ad1f4c39bc27d010389fac30629b636c5776ac49376?s=96&d=mm&r=g","caption":"Schwebach"},"url":"https:\/\/schwebach.de\/?author=1"}]}},"_links":{"self":[{"href":"https:\/\/schwebach.de\/index.php?rest_route=\/wp\/v2\/posts\/608","targetHints":{"allow":["GET"]}}],"collection":[{"href":"https:\/\/schwebach.de\/index.php?rest_route=\/wp\/v2\/posts"}],"about":[{"href":"https:\/\/schwebach.de\/index.php?rest_route=\/wp\/v2\/types\/post"}],"author":[{"embeddable":true,"href":"https:\/\/schwebach.de\/index.php?rest_route=\/wp\/v2\/users\/1"}],"replies":[{"embeddable":true,"href":"https:\/\/schwebach.de\/index.php?rest_route=%2Fwp%2Fv2%2Fcomments&post=608"}],"version-history":[{"count":5,"href":"https:\/\/schwebach.de\/index.php?rest_route=\/wp\/v2\/posts\/608\/revisions"}],"predecessor-version":[{"id":900,"href":"https:\/\/schwebach.de\/index.php?rest_route=\/wp\/v2\/posts\/608\/revisions\/900"}],"wp:featuredmedia":[{"embeddable":true,"href":"https:\/\/schwebach.de\/index.php?rest_route=\/wp\/v2\/media\/614"}],"wp:attachment":[{"href":"https:\/\/schwebach.de\/index.php?rest_route=%2Fwp%2Fv2%2Fmedia&parent=608"}],"wp:term":[{"taxonomy":"category","embeddable":true,"href":"https:\/\/schwebach.de\/index.php?rest_route=%2Fwp%2Fv2%2Fcategories&post=608"},{"taxonomy":"post_tag","embeddable":true,"href":"https:\/\/schwebach.de\/index.php?rest_route=%2Fwp%2Fv2%2Ftags&post=608"}],"curies":[{"name":"wp","href":"https:\/\/api.w.org\/{rel}","templated":true}]}}