{"id":604,"date":"2010-05-05T15:23:52","date_gmt":"2010-05-05T15:23:52","guid":{"rendered":"http:\/\/maler-schwebach.de\/?p=604"},"modified":"2016-05-23T11:29:34","modified_gmt":"2016-05-23T11:29:34","slug":"oeko-2010","status":"publish","type":"post","link":"https:\/\/schwebach.de\/?p=604","title":{"rendered":"SCHWEBACH auf der \u00d6ko 2010 in Trier"},"content":{"rendered":"<div id=\"pl-604\"  class=\"panel-layout\" ><div id=\"pg-604-0\"  class=\"panel-grid panel-no-style\" ><div id=\"pgc-604-0-0\"  class=\"panel-grid-cell\" ><div id=\"panel-604-0-0-0\" class=\"so-panel widget widget_sow-editor panel-first-child panel-last-child\" data-index=\"0\" ><div\n\t\t\t\n\t\t\tclass=\"so-widget-sow-editor so-widget-sow-editor-base\"\n\t\t\t\n\t\t>\n<div class=\"siteorigin-widget-tinymce textwidget\">\n\t<figure id=\"attachment_605\" aria-describedby=\"caption-attachment-605\" style=\"width: 500px\" class=\"wp-caption alignright\"><img loading=\"lazy\" decoding=\"async\" class=\"wp-image-605 size-full\" src=\"https:\/\/schwebach.de\/wp-content\/uploads\/2016\/05\/oeko2010.jpg\" alt=\"\u00d6KO 2010\" width=\"500\" height=\"375\" srcset=\"https:\/\/schwebach.de\/wp-content\/uploads\/2016\/05\/oeko2010.jpg 500w, https:\/\/schwebach.de\/wp-content\/uploads\/2016\/05\/oeko2010-300x225.jpg 300w\" sizes=\"auto, (max-width: 500px) 100vw, 500px\" \/><figcaption id=\"caption-attachment-605\" class=\"wp-caption-text\">\u00d6KO 2010<\/figcaption><\/figure>\n<p>Auch dieses Jahr war Schwebach der Wohlf\u00fchlmaler mit dem \u00d6ko-Bau-Haus auf der \u00d6ko vertreten. Die Stimmung der Besucher war durchweg positiv, wie auch der Andrang der Besucher, der trotz sch\u00f6nem Wetter nicht nachlie\u00df.<\/p>\n<h2>Lehm - ein Top-Thema auf der \u00d6KO 2010<\/h2>\n<p>Dieses Jahr legten wir unseren Schwerpunkt auf farbige Lehmputze und -farben. Die von uns ausgestellten Exponate zu diesem Thema weckten Interesse bei Besuchern und wir konnten unser Wissen zum Thema Lehm und dessen verbessernde Klimaeigenschaften in Wohnr\u00e4umen vermitteln.<br \/>Dass es Lehm in so vielen verschiedenen Farbt\u00f6nen gibt, kam auch sehr gut an.<\/p>\n<p>Die \u00d6ko 2010 war f\u00fcr Schwebach und auch f\u00fcr die Besucher eine Messe die einiges an neuen Ideen vermittelte und auch Interesse f\u00fcr mehr weckte. Unser Nachbarstand war in diesem Jahr die Maler und Lackierer Innung Trier. Bei unseren Innungskollegen war die Au\u00dfen-W\u00e4rmed\u00e4mmung das aktuelle Thema der \u00d6ko 2010.<\/p>\n<p>Auch wir besch\u00e4ftigen uns intensiv mit den energetischen Einsparm\u00f6glichkeiten. Bei uns wird die ganzheitliche L\u00f6sung bestehend aus Innend\u00e4mmung, Kondensat-Abfuhr, Deckend\u00e4mmung und die ganze Thematik der Fassadensanierung mit abgestimmter W\u00e4rmed\u00e4mmung abgewickelt. L\u00f6sungen, die in der Zukunft Energie(kosten) sparen und f\u00fcr uns Menschen ein gutes Raumklima f\u00fcr unser Zuhause bringen.<\/p>\n<\/div>\n<\/div><\/div><\/div><\/div><\/div>","protected":false},"excerpt":{"rendered":"<p>Auch dieses Jahr war Schwebach der Wohlf\u00fchlmaler mit dem \u00d6ko-Bau-Haus auf der \u00d6ko vertreten. Die Stimmung der Besucher war durchweg positiv, wie auch der Andrang der Besucher, der trotz sch\u00f6nem Wetter nicht nachlie\u00df.Lehm &#8211; ein Top-Thema auf der \u00d6KO 2010Dieses<\/p>\n","protected":false},"author":1,"featured_media":605,"comment_status":"open","ping_status":"open","sticky":false,"template":"","format":"standard","meta":{"footnotes":""},"categories":[21],"tags":[],"class_list":["post-604","post","type-post","status-publish","format-standard","has-post-thumbnail","hentry","category-messen-und-ausstellungen"],"yoast_head":"<!-- This site is optimized with the Yoast SEO plugin v27.4 - https:\/\/yoast.com\/product\/yoast-seo-wordpress\/ -->\n<title>SCHWEBACH auf der \u00d6KO 2010 im Messepark Trier<\/title>\n<meta name=\"description\" content=\"Lehmputze und -farben sind ein Schwerpunkt-Thema der SCHWEBACH Maler &amp; Lackierer und den Partnern vom \u00d6KO-BAU-HAUS auf der \u00d6KO 2010 in Trier\" \/>\n<meta name=\"robots\" content=\"index, follow, max-snippet:-1, max-image-preview:large, max-video-preview:-1\" \/>\n<link rel=\"canonical\" href=\"https:\/\/schwebach.de\/?p=604\" \/>\n<meta property=\"og:locale\" content=\"de_DE\" \/>\n<meta property=\"og:type\" content=\"article\" \/>\n<meta property=\"og:title\" content=\"SCHWEBACH auf der \u00d6KO 2010 im Messepark Trier\" \/>\n<meta property=\"og:description\" content=\"Lehmputze und -farben sind ein Schwerpunkt-Thema der SCHWEBACH Maler &amp; Lackierer und den Partnern vom \u00d6KO-BAU-HAUS auf der \u00d6KO 2010 in Trier\" \/>\n<meta property=\"og:url\" content=\"https:\/\/schwebach.de\/?p=604\" \/>\n<meta property=\"og:site_name\" content=\"SCHWEBACH Maler &amp; Lackierer\" \/>\n<meta property=\"article:publisher\" content=\"https:\/\/www.facebook.com\/schwebach.wohlfuehlmaler\" \/>\n<meta property=\"article:published_time\" content=\"2010-05-05T15:23:52+00:00\" \/>\n<meta property=\"article:modified_time\" content=\"2016-05-23T11:29:34+00:00\" \/>\n<meta property=\"og:image\" content=\"https:\/\/schwebach.de\/wp-content\/uploads\/2016\/05\/oeko2010.jpg\" \/>\n\t<meta property=\"og:image:width\" content=\"500\" \/>\n\t<meta property=\"og:image:height\" content=\"375\" \/>\n\t<meta property=\"og:image:type\" content=\"image\/jpeg\" \/>\n<meta name=\"author\" content=\"Schwebach\" \/>\n<meta name=\"twitter:card\" content=\"summary_large_image\" \/>\n<meta name=\"twitter:label1\" content=\"Verfasst von\" \/>\n\t<meta name=\"twitter:data1\" content=\"Schwebach\" \/>\n\t<meta name=\"twitter:label2\" content=\"Gesch\u00e4tzte Lesezeit\" \/>\n\t<meta name=\"twitter:data2\" content=\"1\u00a0Minute\" \/>\n<script type=\"application\/ld+json\" class=\"yoast-schema-graph\">{\"@context\":\"https:\\\/\\\/schema.org\",\"@graph\":[{\"@type\":\"Article\",\"@id\":\"https:\\\/\\\/schwebach.de\\\/?p=604#article\",\"isPartOf\":{\"@id\":\"https:\\\/\\\/schwebach.de\\\/?p=604\"},\"author\":{\"name\":\"Schwebach\",\"@id\":\"https:\\\/\\\/schwebach.de\\\/#\\\/schema\\\/person\\\/d00f441195aff8fe4987add5febad44d\"},\"headline\":\"SCHWEBACH auf der \u00d6ko 2010 in Trier\",\"datePublished\":\"2010-05-05T15:23:52+00:00\",\"dateModified\":\"2016-05-23T11:29:34+00:00\",\"mainEntityOfPage\":{\"@id\":\"https:\\\/\\\/schwebach.de\\\/?p=604\"},\"wordCount\":217,\"commentCount\":0,\"publisher\":{\"@id\":\"https:\\\/\\\/schwebach.de\\\/#organization\"},\"image\":{\"@id\":\"https:\\\/\\\/schwebach.de\\\/?p=604#primaryimage\"},\"thumbnailUrl\":\"https:\\\/\\\/schwebach.de\\\/wp-content\\\/uploads\\\/2016\\\/05\\\/oeko2010.jpg\",\"articleSection\":[\"Messen und Ausstellungen\"],\"inLanguage\":\"de\",\"potentialAction\":[{\"@type\":\"CommentAction\",\"name\":\"Comment\",\"target\":[\"https:\\\/\\\/schwebach.de\\\/?p=604#respond\"]}]},{\"@type\":\"WebPage\",\"@id\":\"https:\\\/\\\/schwebach.de\\\/?p=604\",\"url\":\"https:\\\/\\\/schwebach.de\\\/?p=604\",\"name\":\"SCHWEBACH auf der \u00d6KO 2010 im Messepark Trier\",\"isPartOf\":{\"@id\":\"https:\\\/\\\/schwebach.de\\\/#website\"},\"primaryImageOfPage\":{\"@id\":\"https:\\\/\\\/schwebach.de\\\/?p=604#primaryimage\"},\"image\":{\"@id\":\"https:\\\/\\\/schwebach.de\\\/?p=604#primaryimage\"},\"thumbnailUrl\":\"https:\\\/\\\/schwebach.de\\\/wp-content\\\/uploads\\\/2016\\\/05\\\/oeko2010.jpg\",\"datePublished\":\"2010-05-05T15:23:52+00:00\",\"dateModified\":\"2016-05-23T11:29:34+00:00\",\"description\":\"Lehmputze und -farben sind ein Schwerpunkt-Thema der SCHWEBACH Maler & Lackierer und den Partnern vom \u00d6KO-BAU-HAUS auf der \u00d6KO 2010 in Trier\",\"breadcrumb\":{\"@id\":\"https:\\\/\\\/schwebach.de\\\/?p=604#breadcrumb\"},\"inLanguage\":\"de\",\"potentialAction\":[{\"@type\":\"ReadAction\",\"target\":[\"https:\\\/\\\/schwebach.de\\\/?p=604\"]}]},{\"@type\":\"ImageObject\",\"inLanguage\":\"de\",\"@id\":\"https:\\\/\\\/schwebach.de\\\/?p=604#primaryimage\",\"url\":\"https:\\\/\\\/schwebach.de\\\/wp-content\\\/uploads\\\/2016\\\/05\\\/oeko2010.jpg\",\"contentUrl\":\"https:\\\/\\\/schwebach.de\\\/wp-content\\\/uploads\\\/2016\\\/05\\\/oeko2010.jpg\",\"width\":500,\"height\":375,\"caption\":\"\u00d6KO 2010\"},{\"@type\":\"BreadcrumbList\",\"@id\":\"https:\\\/\\\/schwebach.de\\\/?p=604#breadcrumb\",\"itemListElement\":[{\"@type\":\"ListItem\",\"position\":1,\"name\":\"Startseite\",\"item\":\"https:\\\/\\\/schwebach.de\\\/\"},{\"@type\":\"ListItem\",\"position\":2,\"name\":\"SCHWEBACH auf der \u00d6ko 2010 in Trier\"}]},{\"@type\":\"WebSite\",\"@id\":\"https:\\\/\\\/schwebach.de\\\/#website\",\"url\":\"https:\\\/\\\/schwebach.de\\\/\",\"name\":\"SCHWEBACH Maler &amp; Lackierer\",\"description\":\"Ihr Wohlf\u00fchlmaler aus Irsch\\\/Saar\",\"publisher\":{\"@id\":\"https:\\\/\\\/schwebach.de\\\/#organization\"},\"potentialAction\":[{\"@type\":\"SearchAction\",\"target\":{\"@type\":\"EntryPoint\",\"urlTemplate\":\"https:\\\/\\\/schwebach.de\\\/?s={search_term_string}\"},\"query-input\":{\"@type\":\"PropertyValueSpecification\",\"valueRequired\":true,\"valueName\":\"search_term_string\"}}],\"inLanguage\":\"de\"},{\"@type\":\"Organization\",\"@id\":\"https:\\\/\\\/schwebach.de\\\/#organization\",\"name\":\"Schwebach Maler & Lackierer GmbH\",\"url\":\"https:\\\/\\\/schwebach.de\\\/\",\"logo\":{\"@type\":\"ImageObject\",\"inLanguage\":\"de\",\"@id\":\"https:\\\/\\\/schwebach.de\\\/#\\\/schema\\\/logo\\\/image\\\/\",\"url\":\"https:\\\/\\\/schwebach.de\\\/wp-content\\\/uploads\\\/2016\\\/04\\\/butterfly.png\",\"contentUrl\":\"https:\\\/\\\/schwebach.de\\\/wp-content\\\/uploads\\\/2016\\\/04\\\/butterfly.png\",\"width\":463,\"height\":310,\"caption\":\"Schwebach Maler & Lackierer GmbH\"},\"image\":{\"@id\":\"https:\\\/\\\/schwebach.de\\\/#\\\/schema\\\/logo\\\/image\\\/\"},\"sameAs\":[\"https:\\\/\\\/www.facebook.com\\\/schwebach.wohlfuehlmaler\",\"https:\\\/\\\/www.youtube.com\\\/user\\\/Wohlfuehlmaler\"]},{\"@type\":\"Person\",\"@id\":\"https:\\\/\\\/schwebach.de\\\/#\\\/schema\\\/person\\\/d00f441195aff8fe4987add5febad44d\",\"name\":\"Schwebach\",\"image\":{\"@type\":\"ImageObject\",\"inLanguage\":\"de\",\"@id\":\"https:\\\/\\\/secure.gravatar.com\\\/avatar\\\/34291dd68034cb7317838ad1f4c39bc27d010389fac30629b636c5776ac49376?s=96&d=mm&r=g\",\"url\":\"https:\\\/\\\/secure.gravatar.com\\\/avatar\\\/34291dd68034cb7317838ad1f4c39bc27d010389fac30629b636c5776ac49376?s=96&d=mm&r=g\",\"contentUrl\":\"https:\\\/\\\/secure.gravatar.com\\\/avatar\\\/34291dd68034cb7317838ad1f4c39bc27d010389fac30629b636c5776ac49376?s=96&d=mm&r=g\",\"caption\":\"Schwebach\"},\"url\":\"https:\\\/\\\/schwebach.de\\\/?author=1\"}]}<\/script>\n<!-- \/ Yoast SEO plugin. -->","yoast_head_json":{"title":"SCHWEBACH auf der \u00d6KO 2010 im Messepark Trier","description":"Lehmputze und -farben sind ein Schwerpunkt-Thema der SCHWEBACH Maler & Lackierer und den Partnern vom \u00d6KO-BAU-HAUS auf der \u00d6KO 2010 in Trier","robots":{"index":"index","follow":"follow","max-snippet":"max-snippet:-1","max-image-preview":"max-image-preview:large","max-video-preview":"max-video-preview:-1"},"canonical":"https:\/\/schwebach.de\/?p=604","og_locale":"de_DE","og_type":"article","og_title":"SCHWEBACH auf der \u00d6KO 2010 im Messepark Trier","og_description":"Lehmputze und -farben sind ein Schwerpunkt-Thema der SCHWEBACH Maler & Lackierer und den Partnern vom \u00d6KO-BAU-HAUS auf der \u00d6KO 2010 in Trier","og_url":"https:\/\/schwebach.de\/?p=604","og_site_name":"SCHWEBACH Maler &amp; Lackierer","article_publisher":"https:\/\/www.facebook.com\/schwebach.wohlfuehlmaler","article_published_time":"2010-05-05T15:23:52+00:00","article_modified_time":"2016-05-23T11:29:34+00:00","og_image":[{"width":500,"height":375,"url":"https:\/\/schwebach.de\/wp-content\/uploads\/2016\/05\/oeko2010.jpg","type":"image\/jpeg"}],"author":"Schwebach","twitter_card":"summary_large_image","twitter_misc":{"Verfasst von":"Schwebach","Gesch\u00e4tzte Lesezeit":"1\u00a0Minute"},"schema":{"@context":"https:\/\/schema.org","@graph":[{"@type":"Article","@id":"https:\/\/schwebach.de\/?p=604#article","isPartOf":{"@id":"https:\/\/schwebach.de\/?p=604"},"author":{"name":"Schwebach","@id":"https:\/\/schwebach.de\/#\/schema\/person\/d00f441195aff8fe4987add5febad44d"},"headline":"SCHWEBACH auf der \u00d6ko 2010 in Trier","datePublished":"2010-05-05T15:23:52+00:00","dateModified":"2016-05-23T11:29:34+00:00","mainEntityOfPage":{"@id":"https:\/\/schwebach.de\/?p=604"},"wordCount":217,"commentCount":0,"publisher":{"@id":"https:\/\/schwebach.de\/#organization"},"image":{"@id":"https:\/\/schwebach.de\/?p=604#primaryimage"},"thumbnailUrl":"https:\/\/schwebach.de\/wp-content\/uploads\/2016\/05\/oeko2010.jpg","articleSection":["Messen und Ausstellungen"],"inLanguage":"de","potentialAction":[{"@type":"CommentAction","name":"Comment","target":["https:\/\/schwebach.de\/?p=604#respond"]}]},{"@type":"WebPage","@id":"https:\/\/schwebach.de\/?p=604","url":"https:\/\/schwebach.de\/?p=604","name":"SCHWEBACH auf der \u00d6KO 2010 im Messepark Trier","isPartOf":{"@id":"https:\/\/schwebach.de\/#website"},"primaryImageOfPage":{"@id":"https:\/\/schwebach.de\/?p=604#primaryimage"},"image":{"@id":"https:\/\/schwebach.de\/?p=604#primaryimage"},"thumbnailUrl":"https:\/\/schwebach.de\/wp-content\/uploads\/2016\/05\/oeko2010.jpg","datePublished":"2010-05-05T15:23:52+00:00","dateModified":"2016-05-23T11:29:34+00:00","description":"Lehmputze und -farben sind ein Schwerpunkt-Thema der SCHWEBACH Maler & Lackierer und den Partnern vom \u00d6KO-BAU-HAUS auf der \u00d6KO 2010 in Trier","breadcrumb":{"@id":"https:\/\/schwebach.de\/?p=604#breadcrumb"},"inLanguage":"de","potentialAction":[{"@type":"ReadAction","target":["https:\/\/schwebach.de\/?p=604"]}]},{"@type":"ImageObject","inLanguage":"de","@id":"https:\/\/schwebach.de\/?p=604#primaryimage","url":"https:\/\/schwebach.de\/wp-content\/uploads\/2016\/05\/oeko2010.jpg","contentUrl":"https:\/\/schwebach.de\/wp-content\/uploads\/2016\/05\/oeko2010.jpg","width":500,"height":375,"caption":"\u00d6KO 2010"},{"@type":"BreadcrumbList","@id":"https:\/\/schwebach.de\/?p=604#breadcrumb","itemListElement":[{"@type":"ListItem","position":1,"name":"Startseite","item":"https:\/\/schwebach.de\/"},{"@type":"ListItem","position":2,"name":"SCHWEBACH auf der \u00d6ko 2010 in Trier"}]},{"@type":"WebSite","@id":"https:\/\/schwebach.de\/#website","url":"https:\/\/schwebach.de\/","name":"SCHWEBACH Maler &amp; Lackierer","description":"Ihr Wohlf\u00fchlmaler aus Irsch\/Saar","publisher":{"@id":"https:\/\/schwebach.de\/#organization"},"potentialAction":[{"@type":"SearchAction","target":{"@type":"EntryPoint","urlTemplate":"https:\/\/schwebach.de\/?s={search_term_string}"},"query-input":{"@type":"PropertyValueSpecification","valueRequired":true,"valueName":"search_term_string"}}],"inLanguage":"de"},{"@type":"Organization","@id":"https:\/\/schwebach.de\/#organization","name":"Schwebach Maler & Lackierer GmbH","url":"https:\/\/schwebach.de\/","logo":{"@type":"ImageObject","inLanguage":"de","@id":"https:\/\/schwebach.de\/#\/schema\/logo\/image\/","url":"https:\/\/schwebach.de\/wp-content\/uploads\/2016\/04\/butterfly.png","contentUrl":"https:\/\/schwebach.de\/wp-content\/uploads\/2016\/04\/butterfly.png","width":463,"height":310,"caption":"Schwebach Maler & Lackierer GmbH"},"image":{"@id":"https:\/\/schwebach.de\/#\/schema\/logo\/image\/"},"sameAs":["https:\/\/www.facebook.com\/schwebach.wohlfuehlmaler","https:\/\/www.youtube.com\/user\/Wohlfuehlmaler"]},{"@type":"Person","@id":"https:\/\/schwebach.de\/#\/schema\/person\/d00f441195aff8fe4987add5febad44d","name":"Schwebach","image":{"@type":"ImageObject","inLanguage":"de","@id":"https:\/\/secure.gravatar.com\/avatar\/34291dd68034cb7317838ad1f4c39bc27d010389fac30629b636c5776ac49376?s=96&d=mm&r=g","url":"https:\/\/secure.gravatar.com\/avatar\/34291dd68034cb7317838ad1f4c39bc27d010389fac30629b636c5776ac49376?s=96&d=mm&r=g","contentUrl":"https:\/\/secure.gravatar.com\/avatar\/34291dd68034cb7317838ad1f4c39bc27d010389fac30629b636c5776ac49376?s=96&d=mm&r=g","caption":"Schwebach"},"url":"https:\/\/schwebach.de\/?author=1"}]}},"_links":{"self":[{"href":"https:\/\/schwebach.de\/index.php?rest_route=\/wp\/v2\/posts\/604","targetHints":{"allow":["GET"]}}],"collection":[{"href":"https:\/\/schwebach.de\/index.php?rest_route=\/wp\/v2\/posts"}],"about":[{"href":"https:\/\/schwebach.de\/index.php?rest_route=\/wp\/v2\/types\/post"}],"author":[{"embeddable":true,"href":"https:\/\/schwebach.de\/index.php?rest_route=\/wp\/v2\/users\/1"}],"replies":[{"embeddable":true,"href":"https:\/\/schwebach.de\/index.php?rest_route=%2Fwp%2Fv2%2Fcomments&post=604"}],"version-history":[{"count":6,"href":"https:\/\/schwebach.de\/index.php?rest_route=\/wp\/v2\/posts\/604\/revisions"}],"predecessor-version":[{"id":894,"href":"https:\/\/schwebach.de\/index.php?rest_route=\/wp\/v2\/posts\/604\/revisions\/894"}],"wp:featuredmedia":[{"embeddable":true,"href":"https:\/\/schwebach.de\/index.php?rest_route=\/wp\/v2\/media\/605"}],"wp:attachment":[{"href":"https:\/\/schwebach.de\/index.php?rest_route=%2Fwp%2Fv2%2Fmedia&parent=604"}],"wp:term":[{"taxonomy":"category","embeddable":true,"href":"https:\/\/schwebach.de\/index.php?rest_route=%2Fwp%2Fv2%2Fcategories&post=604"},{"taxonomy":"post_tag","embeddable":true,"href":"https:\/\/schwebach.de\/index.php?rest_route=%2Fwp%2Fv2%2Ftags&post=604"}],"curies":[{"name":"wp","href":"https:\/\/api.w.org\/{rel}","templated":true}]}}