{"id":601,"date":"2010-10-01T15:15:02","date_gmt":"2010-10-01T15:15:02","guid":{"rendered":"http:\/\/maler-schwebach.de\/?p=601"},"modified":"2016-05-30T19:14:02","modified_gmt":"2016-05-30T19:14:02","slug":"schwebach-fuhrpark","status":"publish","type":"post","link":"https:\/\/schwebach.de\/?p=601","title":{"rendered":"Neuzugang im Schwebach-Fuhrpark"},"content":{"rendered":"<div id=\"pl-601\"  class=\"panel-layout\" ><div id=\"pg-601-0\"  class=\"panel-grid panel-no-style\" ><div id=\"pgc-601-0-0\"  class=\"panel-grid-cell\" ><div id=\"panel-601-0-0-0\" class=\"so-panel widget widget_sow-editor panel-first-child panel-last-child\" data-index=\"0\" ><div\n\t\t\t\n\t\t\tclass=\"so-widget-sow-editor so-widget-sow-editor-base\"\n\t\t\t\n\t\t>\n<div class=\"siteorigin-widget-tinymce textwidget\">\n\t<figure id=\"attachment_602\" aria-describedby=\"caption-attachment-602\" style=\"width: 500px\" class=\"wp-caption aligncenter\"><img loading=\"lazy\" decoding=\"async\" class=\"wp-image-602 size-full\" src=\"https:\/\/schwebach.de\/wp-content\/uploads\/2016\/05\/2010_Panda.jpg\" alt=\"Neuzugang im Schwebach-Fuhrpark - der SCHWEBACH Panda\" width=\"500\" height=\"375\" srcset=\"https:\/\/schwebach.de\/wp-content\/uploads\/2016\/05\/2010_Panda.jpg 500w, https:\/\/schwebach.de\/wp-content\/uploads\/2016\/05\/2010_Panda-300x225.jpg 300w\" sizes=\"auto, (max-width: 500px) 100vw, 500px\" \/><figcaption id=\"caption-attachment-602\" class=\"wp-caption-text\">Neuzugang im Schwebach-Fuhrpark - der SCHWEBACH Panda<\/figcaption><\/figure>\n<p>Mehr Flexibilit\u00e4t versprechen wir uns von unserem Neuzugang im Schwebach-Fuhrpark. Es ist ein Panda mit 4- Radantrieb. Er dient als schneller und kleiner Einsatzwagen mit dem wir insbesondere die zunehmenden innerst\u00e4dtischen Baustellen bedienen wollen.<\/p>\n<h2>Ein FIAT Panda im Schwebach-Fuhrpark<\/h2>\n<p>Der Panda kann 4 Personen mitnehmen und hat trotz seines kleinen Formats eine Anh\u00e4ngerkupplung. Mit seinen Dachgep\u00e4cktr\u00e4gern kann er die notwendigen Malerleitern gut und sicher transportieren.<\/p>\n<p>Seine Generalprobe hat er schon bestanden. F\u00fcr ein Projekt in Luxemburg konnten wir in einer kleinen Parkl\u00fccke direkt vor dem entsprechenden Gesch\u00e4ftshaus parken, was uns die Arbeit erheblich vereinfachen konnte und wodurch wir auch deutlich schneller waren.<\/p>\n<p>Der Panda hat ABS, Allradantrieb mit automatischer Zuschaltung, Fahrer- und Beifahrer-Airbag, Seitenairbags, Bordcomputer und nat\u00fcrlich jetzt schon neue Winterreifen.<br \/> So haben wir jetzt den kleinen Gro\u00dfen - die Erg\u00e4nzung im Fuhrpark Schwebach.<br \/> Einsetzbar Sommer und Winter.<\/p>\n<\/div>\n<\/div><\/div><\/div><\/div><\/div>","protected":false},"excerpt":{"rendered":"<p>Mehr Flexibilit\u00e4t versprechen wir uns von unserem Neuzugang im Schwebach-Fuhrpark. Es ist ein Panda mit 4- Radantrieb. Er dient als schneller und kleiner Einsatzwagen mit dem wir insbesondere die zunehmenden innerst\u00e4dtischen Baustellen bedienen wollen.Ein FIAT Panda im Schwebach-FuhrparkDer Panda kann<\/p>\n","protected":false},"author":1,"featured_media":602,"comment_status":"open","ping_status":"open","sticky":false,"template":"","format":"standard","meta":{"footnotes":""},"categories":[53,54],"tags":[],"class_list":["post-601","post","type-post","status-publish","format-standard","has-post-thumbnail","hentry","category-ausruestung","category-st-lukas"],"yoast_head":"<!-- This site is optimized with the Yoast SEO plugin v27.4 - https:\/\/yoast.com\/product\/yoast-seo-wordpress\/ -->\n<title>Ein Fiat Panda als Neuzugang im Schwebach-Fuhrpark<\/title>\n<meta name=\"description\" content=\"Mehr Flexibilit\u00e4t versprechen wir uns von unserem Neuzugang im Schwebach-Fuhrpark. Mit dem Panda 4-Radantrieb sind wir schnell beim Kunden.\" \/>\n<meta name=\"robots\" content=\"index, follow, max-snippet:-1, max-image-preview:large, max-video-preview:-1\" \/>\n<link rel=\"canonical\" href=\"https:\/\/schwebach.de\/?p=601\" \/>\n<meta property=\"og:locale\" content=\"de_DE\" \/>\n<meta property=\"og:type\" content=\"article\" \/>\n<meta property=\"og:title\" content=\"Ein Fiat Panda als Neuzugang im Schwebach-Fuhrpark\" \/>\n<meta property=\"og:description\" content=\"Mehr Flexibilit\u00e4t versprechen wir uns von unserem Neuzugang im Schwebach-Fuhrpark. Mit dem Panda 4-Radantrieb sind wir schnell beim Kunden.\" \/>\n<meta property=\"og:url\" content=\"https:\/\/schwebach.de\/?p=601\" \/>\n<meta property=\"og:site_name\" content=\"SCHWEBACH Maler &amp; Lackierer\" \/>\n<meta property=\"article:publisher\" content=\"https:\/\/www.facebook.com\/schwebach.wohlfuehlmaler\" \/>\n<meta property=\"article:published_time\" content=\"2010-10-01T15:15:02+00:00\" \/>\n<meta property=\"article:modified_time\" content=\"2016-05-30T19:14:02+00:00\" \/>\n<meta property=\"og:image\" content=\"https:\/\/schwebach.de\/wp-content\/uploads\/2016\/05\/2010_Panda.jpg\" \/>\n\t<meta property=\"og:image:width\" content=\"500\" \/>\n\t<meta property=\"og:image:height\" content=\"375\" \/>\n\t<meta property=\"og:image:type\" content=\"image\/jpeg\" \/>\n<meta name=\"author\" content=\"Schwebach\" \/>\n<meta name=\"twitter:card\" content=\"summary_large_image\" \/>\n<meta name=\"twitter:label1\" content=\"Verfasst von\" \/>\n\t<meta name=\"twitter:data1\" content=\"Schwebach\" \/>\n\t<meta name=\"twitter:label2\" content=\"Gesch\u00e4tzte Lesezeit\" \/>\n\t<meta name=\"twitter:data2\" content=\"1\u00a0Minute\" \/>\n<script type=\"application\/ld+json\" class=\"yoast-schema-graph\">{\"@context\":\"https:\\\/\\\/schema.org\",\"@graph\":[{\"@type\":\"Article\",\"@id\":\"https:\\\/\\\/schwebach.de\\\/?p=601#article\",\"isPartOf\":{\"@id\":\"https:\\\/\\\/schwebach.de\\\/?p=601\"},\"author\":{\"name\":\"Schwebach\",\"@id\":\"https:\\\/\\\/schwebach.de\\\/#\\\/schema\\\/person\\\/d00f441195aff8fe4987add5febad44d\"},\"headline\":\"Neuzugang im Schwebach-Fuhrpark\",\"datePublished\":\"2010-10-01T15:15:02+00:00\",\"dateModified\":\"2016-05-30T19:14:02+00:00\",\"mainEntityOfPage\":{\"@id\":\"https:\\\/\\\/schwebach.de\\\/?p=601\"},\"wordCount\":160,\"commentCount\":0,\"publisher\":{\"@id\":\"https:\\\/\\\/schwebach.de\\\/#organization\"},\"image\":{\"@id\":\"https:\\\/\\\/schwebach.de\\\/?p=601#primaryimage\"},\"thumbnailUrl\":\"https:\\\/\\\/schwebach.de\\\/wp-content\\\/uploads\\\/2016\\\/05\\\/2010_Panda.jpg\",\"articleSection\":[\"Ausr\u00fcstung\",\"St. Lukas\"],\"inLanguage\":\"de\",\"potentialAction\":[{\"@type\":\"CommentAction\",\"name\":\"Comment\",\"target\":[\"https:\\\/\\\/schwebach.de\\\/?p=601#respond\"]}]},{\"@type\":\"WebPage\",\"@id\":\"https:\\\/\\\/schwebach.de\\\/?p=601\",\"url\":\"https:\\\/\\\/schwebach.de\\\/?p=601\",\"name\":\"Ein Fiat Panda als Neuzugang im Schwebach-Fuhrpark\",\"isPartOf\":{\"@id\":\"https:\\\/\\\/schwebach.de\\\/#website\"},\"primaryImageOfPage\":{\"@id\":\"https:\\\/\\\/schwebach.de\\\/?p=601#primaryimage\"},\"image\":{\"@id\":\"https:\\\/\\\/schwebach.de\\\/?p=601#primaryimage\"},\"thumbnailUrl\":\"https:\\\/\\\/schwebach.de\\\/wp-content\\\/uploads\\\/2016\\\/05\\\/2010_Panda.jpg\",\"datePublished\":\"2010-10-01T15:15:02+00:00\",\"dateModified\":\"2016-05-30T19:14:02+00:00\",\"description\":\"Mehr Flexibilit\u00e4t versprechen wir uns von unserem Neuzugang im Schwebach-Fuhrpark. Mit dem Panda 4-Radantrieb sind wir schnell beim Kunden.\",\"breadcrumb\":{\"@id\":\"https:\\\/\\\/schwebach.de\\\/?p=601#breadcrumb\"},\"inLanguage\":\"de\",\"potentialAction\":[{\"@type\":\"ReadAction\",\"target\":[\"https:\\\/\\\/schwebach.de\\\/?p=601\"]}]},{\"@type\":\"ImageObject\",\"inLanguage\":\"de\",\"@id\":\"https:\\\/\\\/schwebach.de\\\/?p=601#primaryimage\",\"url\":\"https:\\\/\\\/schwebach.de\\\/wp-content\\\/uploads\\\/2016\\\/05\\\/2010_Panda.jpg\",\"contentUrl\":\"https:\\\/\\\/schwebach.de\\\/wp-content\\\/uploads\\\/2016\\\/05\\\/2010_Panda.jpg\",\"width\":500,\"height\":375,\"caption\":\"Der SCHWEBACH Panda\"},{\"@type\":\"BreadcrumbList\",\"@id\":\"https:\\\/\\\/schwebach.de\\\/?p=601#breadcrumb\",\"itemListElement\":[{\"@type\":\"ListItem\",\"position\":1,\"name\":\"Startseite\",\"item\":\"https:\\\/\\\/schwebach.de\\\/\"},{\"@type\":\"ListItem\",\"position\":2,\"name\":\"Neuzugang im Schwebach-Fuhrpark\"}]},{\"@type\":\"WebSite\",\"@id\":\"https:\\\/\\\/schwebach.de\\\/#website\",\"url\":\"https:\\\/\\\/schwebach.de\\\/\",\"name\":\"SCHWEBACH Maler &amp; Lackierer\",\"description\":\"Ihr Wohlf\u00fchlmaler aus Irsch\\\/Saar\",\"publisher\":{\"@id\":\"https:\\\/\\\/schwebach.de\\\/#organization\"},\"potentialAction\":[{\"@type\":\"SearchAction\",\"target\":{\"@type\":\"EntryPoint\",\"urlTemplate\":\"https:\\\/\\\/schwebach.de\\\/?s={search_term_string}\"},\"query-input\":{\"@type\":\"PropertyValueSpecification\",\"valueRequired\":true,\"valueName\":\"search_term_string\"}}],\"inLanguage\":\"de\"},{\"@type\":\"Organization\",\"@id\":\"https:\\\/\\\/schwebach.de\\\/#organization\",\"name\":\"Schwebach Maler & Lackierer GmbH\",\"url\":\"https:\\\/\\\/schwebach.de\\\/\",\"logo\":{\"@type\":\"ImageObject\",\"inLanguage\":\"de\",\"@id\":\"https:\\\/\\\/schwebach.de\\\/#\\\/schema\\\/logo\\\/image\\\/\",\"url\":\"https:\\\/\\\/schwebach.de\\\/wp-content\\\/uploads\\\/2016\\\/04\\\/butterfly.png\",\"contentUrl\":\"https:\\\/\\\/schwebach.de\\\/wp-content\\\/uploads\\\/2016\\\/04\\\/butterfly.png\",\"width\":463,\"height\":310,\"caption\":\"Schwebach Maler & Lackierer GmbH\"},\"image\":{\"@id\":\"https:\\\/\\\/schwebach.de\\\/#\\\/schema\\\/logo\\\/image\\\/\"},\"sameAs\":[\"https:\\\/\\\/www.facebook.com\\\/schwebach.wohlfuehlmaler\",\"https:\\\/\\\/www.youtube.com\\\/user\\\/Wohlfuehlmaler\"]},{\"@type\":\"Person\",\"@id\":\"https:\\\/\\\/schwebach.de\\\/#\\\/schema\\\/person\\\/d00f441195aff8fe4987add5febad44d\",\"name\":\"Schwebach\",\"image\":{\"@type\":\"ImageObject\",\"inLanguage\":\"de\",\"@id\":\"https:\\\/\\\/secure.gravatar.com\\\/avatar\\\/34291dd68034cb7317838ad1f4c39bc27d010389fac30629b636c5776ac49376?s=96&d=mm&r=g\",\"url\":\"https:\\\/\\\/secure.gravatar.com\\\/avatar\\\/34291dd68034cb7317838ad1f4c39bc27d010389fac30629b636c5776ac49376?s=96&d=mm&r=g\",\"contentUrl\":\"https:\\\/\\\/secure.gravatar.com\\\/avatar\\\/34291dd68034cb7317838ad1f4c39bc27d010389fac30629b636c5776ac49376?s=96&d=mm&r=g\",\"caption\":\"Schwebach\"},\"url\":\"https:\\\/\\\/schwebach.de\\\/?author=1\"}]}<\/script>\n<!-- \/ Yoast SEO plugin. -->","yoast_head_json":{"title":"Ein Fiat Panda als Neuzugang im Schwebach-Fuhrpark","description":"Mehr Flexibilit\u00e4t versprechen wir uns von unserem Neuzugang im Schwebach-Fuhrpark. Mit dem Panda 4-Radantrieb sind wir schnell beim Kunden.","robots":{"index":"index","follow":"follow","max-snippet":"max-snippet:-1","max-image-preview":"max-image-preview:large","max-video-preview":"max-video-preview:-1"},"canonical":"https:\/\/schwebach.de\/?p=601","og_locale":"de_DE","og_type":"article","og_title":"Ein Fiat Panda als Neuzugang im Schwebach-Fuhrpark","og_description":"Mehr Flexibilit\u00e4t versprechen wir uns von unserem Neuzugang im Schwebach-Fuhrpark. Mit dem Panda 4-Radantrieb sind wir schnell beim Kunden.","og_url":"https:\/\/schwebach.de\/?p=601","og_site_name":"SCHWEBACH Maler &amp; Lackierer","article_publisher":"https:\/\/www.facebook.com\/schwebach.wohlfuehlmaler","article_published_time":"2010-10-01T15:15:02+00:00","article_modified_time":"2016-05-30T19:14:02+00:00","og_image":[{"width":500,"height":375,"url":"https:\/\/schwebach.de\/wp-content\/uploads\/2016\/05\/2010_Panda.jpg","type":"image\/jpeg"}],"author":"Schwebach","twitter_card":"summary_large_image","twitter_misc":{"Verfasst von":"Schwebach","Gesch\u00e4tzte Lesezeit":"1\u00a0Minute"},"schema":{"@context":"https:\/\/schema.org","@graph":[{"@type":"Article","@id":"https:\/\/schwebach.de\/?p=601#article","isPartOf":{"@id":"https:\/\/schwebach.de\/?p=601"},"author":{"name":"Schwebach","@id":"https:\/\/schwebach.de\/#\/schema\/person\/d00f441195aff8fe4987add5febad44d"},"headline":"Neuzugang im Schwebach-Fuhrpark","datePublished":"2010-10-01T15:15:02+00:00","dateModified":"2016-05-30T19:14:02+00:00","mainEntityOfPage":{"@id":"https:\/\/schwebach.de\/?p=601"},"wordCount":160,"commentCount":0,"publisher":{"@id":"https:\/\/schwebach.de\/#organization"},"image":{"@id":"https:\/\/schwebach.de\/?p=601#primaryimage"},"thumbnailUrl":"https:\/\/schwebach.de\/wp-content\/uploads\/2016\/05\/2010_Panda.jpg","articleSection":["Ausr\u00fcstung","St. Lukas"],"inLanguage":"de","potentialAction":[{"@type":"CommentAction","name":"Comment","target":["https:\/\/schwebach.de\/?p=601#respond"]}]},{"@type":"WebPage","@id":"https:\/\/schwebach.de\/?p=601","url":"https:\/\/schwebach.de\/?p=601","name":"Ein Fiat Panda als Neuzugang im Schwebach-Fuhrpark","isPartOf":{"@id":"https:\/\/schwebach.de\/#website"},"primaryImageOfPage":{"@id":"https:\/\/schwebach.de\/?p=601#primaryimage"},"image":{"@id":"https:\/\/schwebach.de\/?p=601#primaryimage"},"thumbnailUrl":"https:\/\/schwebach.de\/wp-content\/uploads\/2016\/05\/2010_Panda.jpg","datePublished":"2010-10-01T15:15:02+00:00","dateModified":"2016-05-30T19:14:02+00:00","description":"Mehr Flexibilit\u00e4t versprechen wir uns von unserem Neuzugang im Schwebach-Fuhrpark. Mit dem Panda 4-Radantrieb sind wir schnell beim Kunden.","breadcrumb":{"@id":"https:\/\/schwebach.de\/?p=601#breadcrumb"},"inLanguage":"de","potentialAction":[{"@type":"ReadAction","target":["https:\/\/schwebach.de\/?p=601"]}]},{"@type":"ImageObject","inLanguage":"de","@id":"https:\/\/schwebach.de\/?p=601#primaryimage","url":"https:\/\/schwebach.de\/wp-content\/uploads\/2016\/05\/2010_Panda.jpg","contentUrl":"https:\/\/schwebach.de\/wp-content\/uploads\/2016\/05\/2010_Panda.jpg","width":500,"height":375,"caption":"Der SCHWEBACH Panda"},{"@type":"BreadcrumbList","@id":"https:\/\/schwebach.de\/?p=601#breadcrumb","itemListElement":[{"@type":"ListItem","position":1,"name":"Startseite","item":"https:\/\/schwebach.de\/"},{"@type":"ListItem","position":2,"name":"Neuzugang im Schwebach-Fuhrpark"}]},{"@type":"WebSite","@id":"https:\/\/schwebach.de\/#website","url":"https:\/\/schwebach.de\/","name":"SCHWEBACH Maler &amp; Lackierer","description":"Ihr Wohlf\u00fchlmaler aus Irsch\/Saar","publisher":{"@id":"https:\/\/schwebach.de\/#organization"},"potentialAction":[{"@type":"SearchAction","target":{"@type":"EntryPoint","urlTemplate":"https:\/\/schwebach.de\/?s={search_term_string}"},"query-input":{"@type":"PropertyValueSpecification","valueRequired":true,"valueName":"search_term_string"}}],"inLanguage":"de"},{"@type":"Organization","@id":"https:\/\/schwebach.de\/#organization","name":"Schwebach Maler & Lackierer GmbH","url":"https:\/\/schwebach.de\/","logo":{"@type":"ImageObject","inLanguage":"de","@id":"https:\/\/schwebach.de\/#\/schema\/logo\/image\/","url":"https:\/\/schwebach.de\/wp-content\/uploads\/2016\/04\/butterfly.png","contentUrl":"https:\/\/schwebach.de\/wp-content\/uploads\/2016\/04\/butterfly.png","width":463,"height":310,"caption":"Schwebach Maler & Lackierer GmbH"},"image":{"@id":"https:\/\/schwebach.de\/#\/schema\/logo\/image\/"},"sameAs":["https:\/\/www.facebook.com\/schwebach.wohlfuehlmaler","https:\/\/www.youtube.com\/user\/Wohlfuehlmaler"]},{"@type":"Person","@id":"https:\/\/schwebach.de\/#\/schema\/person\/d00f441195aff8fe4987add5febad44d","name":"Schwebach","image":{"@type":"ImageObject","inLanguage":"de","@id":"https:\/\/secure.gravatar.com\/avatar\/34291dd68034cb7317838ad1f4c39bc27d010389fac30629b636c5776ac49376?s=96&d=mm&r=g","url":"https:\/\/secure.gravatar.com\/avatar\/34291dd68034cb7317838ad1f4c39bc27d010389fac30629b636c5776ac49376?s=96&d=mm&r=g","contentUrl":"https:\/\/secure.gravatar.com\/avatar\/34291dd68034cb7317838ad1f4c39bc27d010389fac30629b636c5776ac49376?s=96&d=mm&r=g","caption":"Schwebach"},"url":"https:\/\/schwebach.de\/?author=1"}]}},"_links":{"self":[{"href":"https:\/\/schwebach.de\/index.php?rest_route=\/wp\/v2\/posts\/601","targetHints":{"allow":["GET"]}}],"collection":[{"href":"https:\/\/schwebach.de\/index.php?rest_route=\/wp\/v2\/posts"}],"about":[{"href":"https:\/\/schwebach.de\/index.php?rest_route=\/wp\/v2\/types\/post"}],"author":[{"embeddable":true,"href":"https:\/\/schwebach.de\/index.php?rest_route=\/wp\/v2\/users\/1"}],"replies":[{"embeddable":true,"href":"https:\/\/schwebach.de\/index.php?rest_route=%2Fwp%2Fv2%2Fcomments&post=601"}],"version-history":[{"count":6,"href":"https:\/\/schwebach.de\/index.php?rest_route=\/wp\/v2\/posts\/601\/revisions"}],"predecessor-version":[{"id":1049,"href":"https:\/\/schwebach.de\/index.php?rest_route=\/wp\/v2\/posts\/601\/revisions\/1049"}],"wp:featuredmedia":[{"embeddable":true,"href":"https:\/\/schwebach.de\/index.php?rest_route=\/wp\/v2\/media\/602"}],"wp:attachment":[{"href":"https:\/\/schwebach.de\/index.php?rest_route=%2Fwp%2Fv2%2Fmedia&parent=601"}],"wp:term":[{"taxonomy":"category","embeddable":true,"href":"https:\/\/schwebach.de\/index.php?rest_route=%2Fwp%2Fv2%2Fcategories&post=601"},{"taxonomy":"post_tag","embeddable":true,"href":"https:\/\/schwebach.de\/index.php?rest_route=%2Fwp%2Fv2%2Ftags&post=601"}],"curies":[{"name":"wp","href":"https:\/\/api.w.org\/{rel}","templated":true}]}}