{"id":577,"date":"2011-04-14T14:03:01","date_gmt":"2011-04-14T14:03:01","guid":{"rendered":"http:\/\/maler-schwebach.de\/?p=577"},"modified":"2025-06-04T12:50:27","modified_gmt":"2025-06-04T10:50:27","slug":"girlsday-2011-hannah-karin","status":"publish","type":"post","link":"https:\/\/schwebach.de\/?p=577","title":{"rendered":"Das war der Girls&#8217;Day 2011 f\u00fcr Hannah und Karin"},"content":{"rendered":"<div id=\"pl-577\"  class=\"panel-layout\" ><div id=\"pg-577-0\"  class=\"panel-grid panel-no-style\" ><div id=\"pgc-577-0-0\"  class=\"panel-grid-cell\" ><div id=\"panel-577-0-0-0\" class=\"so-panel widget widget_sow-editor panel-first-child panel-last-child\" data-index=\"0\" ><div\n\t\t\t\n\t\t\tclass=\"so-widget-sow-editor so-widget-sow-editor-base\"\n\t\t\t\n\t\t>\n<div class=\"siteorigin-widget-tinymce textwidget\">\n\t<figure id=\"attachment_579\" aria-describedby=\"caption-attachment-579\" style=\"width: 380px\" class=\"wp-caption aligncenter\"><img loading=\"lazy\" decoding=\"async\" class=\"wp-image-579 size-full\" src=\"https:\/\/schwebach.de\/wp-content\/uploads\/2016\/05\/Girls_Day2011_4.jpg\" alt=\"Hannah und Karin beim Girls'Day 2011\" width=\"380\" height=\"507\" srcset=\"https:\/\/schwebach.de\/wp-content\/uploads\/2016\/05\/Girls_Day2011_4.jpg 380w, https:\/\/schwebach.de\/wp-content\/uploads\/2016\/05\/Girls_Day2011_4-225x300.jpg 225w\" sizes=\"auto, (max-width: 380px) 100vw, 380px\" \/><figcaption id=\"caption-attachment-579\" class=\"wp-caption-text\">Hannah und Karin beim Girls'Day 2011<\/figcaption><\/figure>\n<p>\u00a0Am 14. April 2011 war wieder Girls'Day bei Schwebach. In diesem Jahr hatten wir Hannah und Karin bei uns zu Besuch. Beide M\u00e4dchen kommen aus Trier und in ihrer Freizeit spielen sie gerne Fu\u00dfball.<\/p>\n<p>Der Arbeitstag bei Schwebach begann mit einem Rundgang auf dem Firmengel\u00e4nde St. Lukas. Die verschiedenen Maschinen wie Hochdruckreiniger, Kompressor und unsere Farbenmischmaschine wurden Hannah und Karin vorgestellt.<\/p>\n<p><img loading=\"lazy\" decoding=\"async\" class=\"size-full wp-image-580 alignleft\" src=\"https:\/\/maler-schwebach.de\/wp-content\/uploads\/2016\/05\/Girls_Day2011_1.jpg\" alt=\"Girls_Day2011_1\" width=\"450\" height=\"338\" srcset=\"https:\/\/schwebach.de\/wp-content\/uploads\/2016\/05\/Girls_Day2011_1.jpg 450w, https:\/\/schwebach.de\/wp-content\/uploads\/2016\/05\/Girls_Day2011_1-300x225.jpg 300w\" sizes=\"auto, (max-width: 450px) 100vw, 450px\" \/>Nach dem Abkleben, ging es gleich los mit dem Streichen. Dann ging es auch gleich zum ersten Projekt.<\/p>\n<p>In einem Ferienpark in Saarburg konnten die beiden mithelfen, in einem Restaurant die W\u00e4nde abzukleben und dann zu streichen.<\/p>\n<p>\u00a0<\/p>\n<\/div>\n<\/div><\/div><\/div><div id=\"pgc-577-0-1\"  class=\"panel-grid-cell\" ><div id=\"panel-577-0-1-0\" class=\"so-panel widget widget_sow-editor panel-first-child panel-last-child\" data-index=\"1\" ><div\n\t\t\t\n\t\t\tclass=\"so-widget-sow-editor so-widget-sow-editor-base\"\n\t\t\t\n\t\t>\n<div class=\"siteorigin-widget-tinymce textwidget\">\n\t<p>Nach einer Fr\u00fchst\u00fcckspause ging es nach Trier, um in einem Studentenwohnheim ein Gel\u00e4nder im Treppenhaus zu lackieren. Dort konnten Hanna und Karin auch feststellen, dass sie nicht die einzigen M\u00e4dchen im Schwebach-Team sind, denn sie konnten unsere Praktikantin Marie treffen.<\/p>\n<p><img loading=\"lazy\" decoding=\"async\" class=\"size-full wp-image-578 alignnone\" src=\"https:\/\/maler-schwebach.de\/wp-content\/uploads\/2016\/05\/Girls_Day2011_2.jpg\" alt=\"Girls'Day 2011\" width=\"300\" height=\"225\" \/><\/p>\n<p>Zusammen sind sie dann auch zum Mittagspause Pizza essen gegangen. Nach der St\u00e4rkung ging es dann wieder weiter an das Streichen der Gel\u00e4nder.<\/p>\n<p>Im Anschluss ging es wieder nach Saarburg, denn in der Zwischenzeit waren die W\u00e4nde im Restaurant getrocknet und konnten ein zweites mal gestrichen werden. Nach getaner Arbeit war es aber Zeit f\u00fcr den Besuch einer Eisdiele.<\/p>\n<figure id=\"attachment_581\" aria-describedby=\"caption-attachment-581\" style=\"width: 350px\" class=\"wp-caption alignnone\"><img loading=\"lazy\" decoding=\"async\" class=\"wp-image-581 size-full\" src=\"https:\/\/maler-schwebach.de\/wp-content\/uploads\/2016\/05\/Girls_Day2011_3.jpg\" alt=\"Abschlussbild zusammen mit Tim - unserem Teilnehmer beim Boys'Day\" width=\"350\" height=\"263\" srcset=\"https:\/\/schwebach.de\/wp-content\/uploads\/2016\/05\/Girls_Day2011_3.jpg 350w, https:\/\/schwebach.de\/wp-content\/uploads\/2016\/05\/Girls_Day2011_3-300x225.jpg 300w\" sizes=\"auto, (max-width: 350px) 100vw, 350px\" \/><figcaption id=\"caption-attachment-581\" class=\"wp-caption-text\">Abschlussbild zusammen mit Tim - unserem Teilnehmer beim Boys'Day<\/figcaption><\/figure>\n<p>Zum Abschluss ging es zur\u00fcck zu St. Lukas, wo sie auch Tim Behrens trafen, der sich am Projekt-Tag \u201eBoys'Day\u201c beteiligt hat.<br \/> Wir finden, dass es auch diesmal wieder ein sehr sch\u00f6ner Girls'Day war und freuen uns schon auf das n\u00e4chste Jahr. F\u00fcr Hannah und Karin gab es noch als kleine Erinnerung jeweils einen Liter Farbe nach ihrer eigenen Wahl mit nach Hause.<\/p>\n<p>\u00a0<\/p>\n<\/div>\n<\/div><\/div><\/div><\/div><\/div>","protected":false},"excerpt":{"rendered":"<p>\u00a0Am 14. April 2011 war wieder Girls&#8217;Day bei Schwebach. In diesem Jahr hatten wir Hannah und Karin bei uns zu Besuch. Beide M\u00e4dchen kommen aus Trier und in ihrer Freizeit spielen sie gerne Fu\u00dfball.Der Arbeitstag bei Schwebach begann mit einem<\/p>\n","protected":false},"author":1,"featured_media":580,"comment_status":"open","ping_status":"open","sticky":false,"template":"","format":"standard","meta":{"footnotes":""},"categories":[8],"tags":[],"class_list":["post-577","post","type-post","status-publish","format-standard","has-post-thumbnail","hentry","category-girlsday"],"yoast_head":"<!-- This site is optimized with the Yoast SEO plugin v27.4 - https:\/\/yoast.com\/product\/yoast-seo-wordpress\/ -->\n<title>Das war der Girls&#039;Day 2011 f\u00fcr Hannah und Karin - SCHWEBACH Maler &amp; Lackierer<\/title>\n<meta name=\"robots\" content=\"index, follow, max-snippet:-1, max-image-preview:large, max-video-preview:-1\" \/>\n<link rel=\"canonical\" href=\"https:\/\/schwebach.de\/?p=577\" \/>\n<meta property=\"og:locale\" content=\"de_DE\" \/>\n<meta property=\"og:type\" content=\"article\" \/>\n<meta property=\"og:title\" content=\"Das war der Girls&#039;Day 2011 f\u00fcr Hannah und Karin - SCHWEBACH Maler &amp; Lackierer\" \/>\n<meta property=\"og:description\" content=\"\u00a0Am 14. April 2011 war wieder Girls&#039;Day bei Schwebach. In diesem Jahr hatten wir Hannah und Karin bei uns zu Besuch. Beide M\u00e4dchen kommen aus Trier und in ihrer Freizeit spielen sie gerne Fu\u00dfball.Der Arbeitstag bei Schwebach begann mit einem\" \/>\n<meta property=\"og:url\" content=\"https:\/\/schwebach.de\/?p=577\" \/>\n<meta property=\"og:site_name\" content=\"SCHWEBACH Maler &amp; Lackierer\" \/>\n<meta property=\"article:publisher\" content=\"https:\/\/www.facebook.com\/schwebach.wohlfuehlmaler\" \/>\n<meta property=\"article:published_time\" content=\"2011-04-14T14:03:01+00:00\" \/>\n<meta property=\"article:modified_time\" content=\"2025-06-04T10:50:27+00:00\" \/>\n<meta property=\"og:image\" content=\"https:\/\/schwebach.de\/wp-content\/uploads\/2016\/05\/Girls_Day2011_1.jpg\" \/>\n\t<meta property=\"og:image:width\" content=\"450\" \/>\n\t<meta property=\"og:image:height\" content=\"338\" \/>\n\t<meta property=\"og:image:type\" content=\"image\/jpeg\" \/>\n<meta name=\"author\" content=\"Schwebach\" \/>\n<meta name=\"twitter:card\" content=\"summary_large_image\" \/>\n<meta name=\"twitter:label1\" content=\"Verfasst von\" \/>\n\t<meta name=\"twitter:data1\" content=\"Schwebach\" \/>\n\t<meta name=\"twitter:label2\" content=\"Gesch\u00e4tzte Lesezeit\" \/>\n\t<meta name=\"twitter:data2\" content=\"1\u00a0Minute\" \/>\n<script type=\"application\/ld+json\" class=\"yoast-schema-graph\">{\"@context\":\"https:\\\/\\\/schema.org\",\"@graph\":[{\"@type\":\"Article\",\"@id\":\"https:\\\/\\\/schwebach.de\\\/?p=577#article\",\"isPartOf\":{\"@id\":\"https:\\\/\\\/schwebach.de\\\/?p=577\"},\"author\":{\"name\":\"Schwebach\",\"@id\":\"https:\\\/\\\/schwebach.de\\\/#\\\/schema\\\/person\\\/d00f441195aff8fe4987add5febad44d\"},\"headline\":\"Das war der Girls&#8217;Day 2011 f\u00fcr Hannah und Karin\",\"datePublished\":\"2011-04-14T14:03:01+00:00\",\"dateModified\":\"2025-06-04T10:50:27+00:00\",\"mainEntityOfPage\":{\"@id\":\"https:\\\/\\\/schwebach.de\\\/?p=577\"},\"wordCount\":308,\"commentCount\":0,\"publisher\":{\"@id\":\"https:\\\/\\\/schwebach.de\\\/#organization\"},\"image\":{\"@id\":\"https:\\\/\\\/schwebach.de\\\/?p=577#primaryimage\"},\"thumbnailUrl\":\"https:\\\/\\\/schwebach.de\\\/wp-content\\\/uploads\\\/2016\\\/05\\\/Girls_Day2011_1.jpg\",\"articleSection\":[\"Girls'Day\"],\"inLanguage\":\"de\",\"potentialAction\":[{\"@type\":\"CommentAction\",\"name\":\"Comment\",\"target\":[\"https:\\\/\\\/schwebach.de\\\/?p=577#respond\"]}]},{\"@type\":\"WebPage\",\"@id\":\"https:\\\/\\\/schwebach.de\\\/?p=577\",\"url\":\"https:\\\/\\\/schwebach.de\\\/?p=577\",\"name\":\"Das war der Girls'Day 2011 f\u00fcr Hannah und Karin - SCHWEBACH Maler &amp; Lackierer\",\"isPartOf\":{\"@id\":\"https:\\\/\\\/schwebach.de\\\/#website\"},\"primaryImageOfPage\":{\"@id\":\"https:\\\/\\\/schwebach.de\\\/?p=577#primaryimage\"},\"image\":{\"@id\":\"https:\\\/\\\/schwebach.de\\\/?p=577#primaryimage\"},\"thumbnailUrl\":\"https:\\\/\\\/schwebach.de\\\/wp-content\\\/uploads\\\/2016\\\/05\\\/Girls_Day2011_1.jpg\",\"datePublished\":\"2011-04-14T14:03:01+00:00\",\"dateModified\":\"2025-06-04T10:50:27+00:00\",\"breadcrumb\":{\"@id\":\"https:\\\/\\\/schwebach.de\\\/?p=577#breadcrumb\"},\"inLanguage\":\"de\",\"potentialAction\":[{\"@type\":\"ReadAction\",\"target\":[\"https:\\\/\\\/schwebach.de\\\/?p=577\"]}]},{\"@type\":\"ImageObject\",\"inLanguage\":\"de\",\"@id\":\"https:\\\/\\\/schwebach.de\\\/?p=577#primaryimage\",\"url\":\"https:\\\/\\\/schwebach.de\\\/wp-content\\\/uploads\\\/2016\\\/05\\\/Girls_Day2011_1.jpg\",\"contentUrl\":\"https:\\\/\\\/schwebach.de\\\/wp-content\\\/uploads\\\/2016\\\/05\\\/Girls_Day2011_1.jpg\",\"width\":450,\"height\":338},{\"@type\":\"BreadcrumbList\",\"@id\":\"https:\\\/\\\/schwebach.de\\\/?p=577#breadcrumb\",\"itemListElement\":[{\"@type\":\"ListItem\",\"position\":1,\"name\":\"Startseite\",\"item\":\"https:\\\/\\\/schwebach.de\\\/\"},{\"@type\":\"ListItem\",\"position\":2,\"name\":\"Das war der Girls&#8217;Day 2011 f\u00fcr Hannah und Karin\"}]},{\"@type\":\"WebSite\",\"@id\":\"https:\\\/\\\/schwebach.de\\\/#website\",\"url\":\"https:\\\/\\\/schwebach.de\\\/\",\"name\":\"SCHWEBACH Maler &amp; Lackierer\",\"description\":\"Ihr Wohlf\u00fchlmaler aus Irsch\\\/Saar\",\"publisher\":{\"@id\":\"https:\\\/\\\/schwebach.de\\\/#organization\"},\"potentialAction\":[{\"@type\":\"SearchAction\",\"target\":{\"@type\":\"EntryPoint\",\"urlTemplate\":\"https:\\\/\\\/schwebach.de\\\/?s={search_term_string}\"},\"query-input\":{\"@type\":\"PropertyValueSpecification\",\"valueRequired\":true,\"valueName\":\"search_term_string\"}}],\"inLanguage\":\"de\"},{\"@type\":\"Organization\",\"@id\":\"https:\\\/\\\/schwebach.de\\\/#organization\",\"name\":\"Schwebach Maler & Lackierer GmbH\",\"url\":\"https:\\\/\\\/schwebach.de\\\/\",\"logo\":{\"@type\":\"ImageObject\",\"inLanguage\":\"de\",\"@id\":\"https:\\\/\\\/schwebach.de\\\/#\\\/schema\\\/logo\\\/image\\\/\",\"url\":\"https:\\\/\\\/schwebach.de\\\/wp-content\\\/uploads\\\/2016\\\/04\\\/butterfly.png\",\"contentUrl\":\"https:\\\/\\\/schwebach.de\\\/wp-content\\\/uploads\\\/2016\\\/04\\\/butterfly.png\",\"width\":463,\"height\":310,\"caption\":\"Schwebach Maler & Lackierer GmbH\"},\"image\":{\"@id\":\"https:\\\/\\\/schwebach.de\\\/#\\\/schema\\\/logo\\\/image\\\/\"},\"sameAs\":[\"https:\\\/\\\/www.facebook.com\\\/schwebach.wohlfuehlmaler\",\"https:\\\/\\\/www.youtube.com\\\/user\\\/Wohlfuehlmaler\"]},{\"@type\":\"Person\",\"@id\":\"https:\\\/\\\/schwebach.de\\\/#\\\/schema\\\/person\\\/d00f441195aff8fe4987add5febad44d\",\"name\":\"Schwebach\",\"image\":{\"@type\":\"ImageObject\",\"inLanguage\":\"de\",\"@id\":\"https:\\\/\\\/secure.gravatar.com\\\/avatar\\\/34291dd68034cb7317838ad1f4c39bc27d010389fac30629b636c5776ac49376?s=96&d=mm&r=g\",\"url\":\"https:\\\/\\\/secure.gravatar.com\\\/avatar\\\/34291dd68034cb7317838ad1f4c39bc27d010389fac30629b636c5776ac49376?s=96&d=mm&r=g\",\"contentUrl\":\"https:\\\/\\\/secure.gravatar.com\\\/avatar\\\/34291dd68034cb7317838ad1f4c39bc27d010389fac30629b636c5776ac49376?s=96&d=mm&r=g\",\"caption\":\"Schwebach\"},\"url\":\"https:\\\/\\\/schwebach.de\\\/?author=1\"}]}<\/script>\n<!-- \/ Yoast SEO plugin. -->","yoast_head_json":{"title":"Das war der Girls'Day 2011 f\u00fcr Hannah und Karin - SCHWEBACH Maler &amp; Lackierer","robots":{"index":"index","follow":"follow","max-snippet":"max-snippet:-1","max-image-preview":"max-image-preview:large","max-video-preview":"max-video-preview:-1"},"canonical":"https:\/\/schwebach.de\/?p=577","og_locale":"de_DE","og_type":"article","og_title":"Das war der Girls'Day 2011 f\u00fcr Hannah und Karin - SCHWEBACH Maler &amp; Lackierer","og_description":"\u00a0Am 14. April 2011 war wieder Girls'Day bei Schwebach. In diesem Jahr hatten wir Hannah und Karin bei uns zu Besuch. Beide M\u00e4dchen kommen aus Trier und in ihrer Freizeit spielen sie gerne Fu\u00dfball.Der Arbeitstag bei Schwebach begann mit einem","og_url":"https:\/\/schwebach.de\/?p=577","og_site_name":"SCHWEBACH Maler &amp; Lackierer","article_publisher":"https:\/\/www.facebook.com\/schwebach.wohlfuehlmaler","article_published_time":"2011-04-14T14:03:01+00:00","article_modified_time":"2025-06-04T10:50:27+00:00","og_image":[{"width":450,"height":338,"url":"https:\/\/schwebach.de\/wp-content\/uploads\/2016\/05\/Girls_Day2011_1.jpg","type":"image\/jpeg"}],"author":"Schwebach","twitter_card":"summary_large_image","twitter_misc":{"Verfasst von":"Schwebach","Gesch\u00e4tzte Lesezeit":"1\u00a0Minute"},"schema":{"@context":"https:\/\/schema.org","@graph":[{"@type":"Article","@id":"https:\/\/schwebach.de\/?p=577#article","isPartOf":{"@id":"https:\/\/schwebach.de\/?p=577"},"author":{"name":"Schwebach","@id":"https:\/\/schwebach.de\/#\/schema\/person\/d00f441195aff8fe4987add5febad44d"},"headline":"Das war der Girls&#8217;Day 2011 f\u00fcr Hannah und Karin","datePublished":"2011-04-14T14:03:01+00:00","dateModified":"2025-06-04T10:50:27+00:00","mainEntityOfPage":{"@id":"https:\/\/schwebach.de\/?p=577"},"wordCount":308,"commentCount":0,"publisher":{"@id":"https:\/\/schwebach.de\/#organization"},"image":{"@id":"https:\/\/schwebach.de\/?p=577#primaryimage"},"thumbnailUrl":"https:\/\/schwebach.de\/wp-content\/uploads\/2016\/05\/Girls_Day2011_1.jpg","articleSection":["Girls'Day"],"inLanguage":"de","potentialAction":[{"@type":"CommentAction","name":"Comment","target":["https:\/\/schwebach.de\/?p=577#respond"]}]},{"@type":"WebPage","@id":"https:\/\/schwebach.de\/?p=577","url":"https:\/\/schwebach.de\/?p=577","name":"Das war der Girls'Day 2011 f\u00fcr Hannah und Karin - SCHWEBACH Maler &amp; Lackierer","isPartOf":{"@id":"https:\/\/schwebach.de\/#website"},"primaryImageOfPage":{"@id":"https:\/\/schwebach.de\/?p=577#primaryimage"},"image":{"@id":"https:\/\/schwebach.de\/?p=577#primaryimage"},"thumbnailUrl":"https:\/\/schwebach.de\/wp-content\/uploads\/2016\/05\/Girls_Day2011_1.jpg","datePublished":"2011-04-14T14:03:01+00:00","dateModified":"2025-06-04T10:50:27+00:00","breadcrumb":{"@id":"https:\/\/schwebach.de\/?p=577#breadcrumb"},"inLanguage":"de","potentialAction":[{"@type":"ReadAction","target":["https:\/\/schwebach.de\/?p=577"]}]},{"@type":"ImageObject","inLanguage":"de","@id":"https:\/\/schwebach.de\/?p=577#primaryimage","url":"https:\/\/schwebach.de\/wp-content\/uploads\/2016\/05\/Girls_Day2011_1.jpg","contentUrl":"https:\/\/schwebach.de\/wp-content\/uploads\/2016\/05\/Girls_Day2011_1.jpg","width":450,"height":338},{"@type":"BreadcrumbList","@id":"https:\/\/schwebach.de\/?p=577#breadcrumb","itemListElement":[{"@type":"ListItem","position":1,"name":"Startseite","item":"https:\/\/schwebach.de\/"},{"@type":"ListItem","position":2,"name":"Das war der Girls&#8217;Day 2011 f\u00fcr Hannah und Karin"}]},{"@type":"WebSite","@id":"https:\/\/schwebach.de\/#website","url":"https:\/\/schwebach.de\/","name":"SCHWEBACH Maler &amp; Lackierer","description":"Ihr Wohlf\u00fchlmaler aus Irsch\/Saar","publisher":{"@id":"https:\/\/schwebach.de\/#organization"},"potentialAction":[{"@type":"SearchAction","target":{"@type":"EntryPoint","urlTemplate":"https:\/\/schwebach.de\/?s={search_term_string}"},"query-input":{"@type":"PropertyValueSpecification","valueRequired":true,"valueName":"search_term_string"}}],"inLanguage":"de"},{"@type":"Organization","@id":"https:\/\/schwebach.de\/#organization","name":"Schwebach Maler & Lackierer GmbH","url":"https:\/\/schwebach.de\/","logo":{"@type":"ImageObject","inLanguage":"de","@id":"https:\/\/schwebach.de\/#\/schema\/logo\/image\/","url":"https:\/\/schwebach.de\/wp-content\/uploads\/2016\/04\/butterfly.png","contentUrl":"https:\/\/schwebach.de\/wp-content\/uploads\/2016\/04\/butterfly.png","width":463,"height":310,"caption":"Schwebach Maler & Lackierer GmbH"},"image":{"@id":"https:\/\/schwebach.de\/#\/schema\/logo\/image\/"},"sameAs":["https:\/\/www.facebook.com\/schwebach.wohlfuehlmaler","https:\/\/www.youtube.com\/user\/Wohlfuehlmaler"]},{"@type":"Person","@id":"https:\/\/schwebach.de\/#\/schema\/person\/d00f441195aff8fe4987add5febad44d","name":"Schwebach","image":{"@type":"ImageObject","inLanguage":"de","@id":"https:\/\/secure.gravatar.com\/avatar\/34291dd68034cb7317838ad1f4c39bc27d010389fac30629b636c5776ac49376?s=96&d=mm&r=g","url":"https:\/\/secure.gravatar.com\/avatar\/34291dd68034cb7317838ad1f4c39bc27d010389fac30629b636c5776ac49376?s=96&d=mm&r=g","contentUrl":"https:\/\/secure.gravatar.com\/avatar\/34291dd68034cb7317838ad1f4c39bc27d010389fac30629b636c5776ac49376?s=96&d=mm&r=g","caption":"Schwebach"},"url":"https:\/\/schwebach.de\/?author=1"}]}},"_links":{"self":[{"href":"https:\/\/schwebach.de\/index.php?rest_route=\/wp\/v2\/posts\/577","targetHints":{"allow":["GET"]}}],"collection":[{"href":"https:\/\/schwebach.de\/index.php?rest_route=\/wp\/v2\/posts"}],"about":[{"href":"https:\/\/schwebach.de\/index.php?rest_route=\/wp\/v2\/types\/post"}],"author":[{"embeddable":true,"href":"https:\/\/schwebach.de\/index.php?rest_route=\/wp\/v2\/users\/1"}],"replies":[{"embeddable":true,"href":"https:\/\/schwebach.de\/index.php?rest_route=%2Fwp%2Fv2%2Fcomments&post=577"}],"version-history":[{"count":5,"href":"https:\/\/schwebach.de\/index.php?rest_route=\/wp\/v2\/posts\/577\/revisions"}],"predecessor-version":[{"id":937,"href":"https:\/\/schwebach.de\/index.php?rest_route=\/wp\/v2\/posts\/577\/revisions\/937"}],"wp:featuredmedia":[{"embeddable":true,"href":"https:\/\/schwebach.de\/index.php?rest_route=\/wp\/v2\/media\/580"}],"wp:attachment":[{"href":"https:\/\/schwebach.de\/index.php?rest_route=%2Fwp%2Fv2%2Fmedia&parent=577"}],"wp:term":[{"taxonomy":"category","embeddable":true,"href":"https:\/\/schwebach.de\/index.php?rest_route=%2Fwp%2Fv2%2Fcategories&post=577"},{"taxonomy":"post_tag","embeddable":true,"href":"https:\/\/schwebach.de\/index.php?rest_route=%2Fwp%2Fv2%2Ftags&post=577"}],"curies":[{"name":"wp","href":"https:\/\/api.w.org\/{rel}","templated":true}]}}