{"id":550,"date":"2012-03-20T12:51:34","date_gmt":"2012-03-20T12:51:34","guid":{"rendered":"http:\/\/maler-schwebach.de\/?p=550"},"modified":"2016-05-23T11:05:58","modified_gmt":"2016-05-23T11:05:58","slug":"erfa-treffen-bei-schwebach","status":"publish","type":"post","link":"https:\/\/schwebach.de\/?p=550","title":{"rendered":"Erfa-Treffen bei SCHWEBACH"},"content":{"rendered":"<div id=\"pl-550\"  class=\"panel-layout\" ><div id=\"pg-550-0\"  class=\"panel-grid panel-no-style\" ><div id=\"pgc-550-0-0\"  class=\"panel-grid-cell\" ><div id=\"panel-550-0-0-0\" class=\"so-panel widget widget_sow-editor panel-first-child panel-last-child\" data-index=\"0\" ><div\n\t\t\t\n\t\t\tclass=\"so-widget-sow-editor so-widget-sow-editor-base\"\n\t\t\t\n\t\t>\n<div class=\"siteorigin-widget-tinymce textwidget\">\n\t<figure id=\"attachment_551\" aria-describedby=\"caption-attachment-551\" style=\"width: 450px\" class=\"wp-caption alignleft\"><img loading=\"lazy\" decoding=\"async\" class=\"wp-image-551 size-full\" src=\"https:\/\/schwebach.de\/wp-content\/uploads\/2016\/05\/ERFA.jpg\" alt=\"ERFA-Treffen bei SCHWEBACH\" width=\"450\" height=\"406\" srcset=\"https:\/\/schwebach.de\/wp-content\/uploads\/2016\/05\/ERFA.jpg 450w, https:\/\/schwebach.de\/wp-content\/uploads\/2016\/05\/ERFA-300x271.jpg 300w\" sizes=\"auto, (max-width: 450px) 100vw, 450px\" \/><figcaption id=\"caption-attachment-551\" class=\"wp-caption-text\">ERFA-Treffen bei SCHWEBACH<\/figcaption><\/figure>\n<p>Wir sind nun schon seit einigen Jahren aktiv bei den Erfa-Treffen dabei. Diese Aktion wurde von Matthias Heilig von der Malerzeitschrift \"<a href=\"http:\/\/www.mappe.de\/\" target=\"_blank\">Die Mappe<\/a>\" initiiert und seither unter der bew\u00e4hrten Leitung von Frau <a href=\"http:\/\/www.andreaeigel.de\/\" target=\"_blank\">Andrea Eigel<\/a> moderiert. F\u00fcr uns ist der Austausch mit anderen Malerbetrieben sehr wichtig und da wir in langj\u00e4hrig gleicher Zusammensetzung arbeiten, ist dieser Erfahrungsaustausch auch sehr offen und fruchtbar.<\/p>\n<\/div>\n<\/div><\/div><\/div><div id=\"pgc-550-0-1\"  class=\"panel-grid-cell\" ><div id=\"panel-550-0-1-0\" class=\"so-panel widget widget_sow-editor panel-first-child panel-last-child\" data-index=\"1\" ><div\n\t\t\t\n\t\t\tclass=\"so-widget-sow-editor so-widget-sow-editor-base\"\n\t\t\t\n\t\t>\n<div class=\"siteorigin-widget-tinymce textwidget\">\n\t<h3>ERFA-Treffen bei SCHWEBACH<\/h3>\n<p>Die Treffen finden etwa halbj\u00e4hrlich statt und es gibt jeweils bestimmte Themen als Vorgabe, zu denen Frau Eigel Input und viele Denkanst\u00f6\u00dfe liefert. Dass dann in wenigen Monaten schon das n\u00e4chste Erfa-Treffen sein wird, ist immer wieder Ansporn und auch Druck, dass dem Workshop auch Ergebnisse folgen werden.<br \/>Wir sind schon gespannt, mit welchen Themen wir diesmal konfrontiert werden. F\u00fcr uns ist dieses Erfa-Treffen wieder ganz besonders, denn diesmal sind wir auch wieder Gastgeber.<br \/>Da der eigentliche Workshop wirklich sehr produktiv und intensiv ist, m\u00fcssen die Pausen auch abwechslungsreich gef\u00fcllt werden. Am Montag dem 2. April starten die Erfa-Tage mit einer Weinprobe der Saarweine und einem gemeinsamen Abendessen. Am 3. und 4. April ist dann die eigentliche Tagung mit Coaching, Training und Zielbesprechungen. In den Pausen werden wir uns die sch\u00f6ne Altstadt von Saarburg mit ihrem Wasserfall, dem M\u00fchlenmuseum und der Burg anschauen.<br \/>Am Ersten Tagungstag wollen wir auch gemeinsam noch die Ausstellung <a href=\"http:\/\/www.mille-deco.de\/\" target=\"_blank\">Mille Deco<\/a> in Trier anschauen.<\/p>\n<\/div>\n<\/div><\/div><\/div><\/div><\/div>","protected":false},"excerpt":{"rendered":"<p>Wir sind nun schon seit einigen Jahren aktiv bei den Erfa-Treffen dabei. Diese Aktion wurde von Matthias Heilig von der Malerzeitschrift &#8222;Die Mappe&#8220; initiiert und seither unter der bew\u00e4hrten Leitung von Frau Andrea Eigel moderiert. F\u00fcr uns ist der Austausch<\/p>\n","protected":false},"author":1,"featured_media":551,"comment_status":"open","ping_status":"open","sticky":false,"template":"","format":"standard","meta":{"footnotes":""},"categories":[48,20,9],"tags":[],"class_list":["post-550","post","type-post","status-publish","format-standard","has-post-thumbnail","hentry","category-erfa","category-termin","category-workshops"],"yoast_head":"<!-- This site is optimized with the Yoast SEO plugin v27.4 - https:\/\/yoast.com\/product\/yoast-seo-wordpress\/ -->\n<title>ERFA-Treffen bei SCHWEBACH Maler &amp; Lackierer GmbH<\/title>\n<meta name=\"robots\" content=\"index, follow, max-snippet:-1, max-image-preview:large, max-video-preview:-1\" \/>\n<link rel=\"canonical\" href=\"https:\/\/schwebach.de\/?p=550\" \/>\n<meta property=\"og:locale\" content=\"de_DE\" \/>\n<meta property=\"og:type\" content=\"article\" \/>\n<meta property=\"og:title\" content=\"ERFA-Treffen bei SCHWEBACH Maler &amp; Lackierer GmbH\" \/>\n<meta property=\"og:description\" content=\"Wir sind nun schon seit einigen Jahren aktiv bei den Erfa-Treffen dabei. Diese Aktion wurde von Matthias Heilig von der Malerzeitschrift &quot;Die Mappe&quot; initiiert und seither unter der bew\u00e4hrten Leitung von Frau Andrea Eigel moderiert. F\u00fcr uns ist der Austausch\" \/>\n<meta property=\"og:url\" content=\"https:\/\/schwebach.de\/?p=550\" \/>\n<meta property=\"og:site_name\" content=\"SCHWEBACH Maler &amp; Lackierer\" \/>\n<meta property=\"article:publisher\" content=\"https:\/\/www.facebook.com\/schwebach.wohlfuehlmaler\" \/>\n<meta property=\"article:published_time\" content=\"2012-03-20T12:51:34+00:00\" \/>\n<meta property=\"article:modified_time\" content=\"2016-05-23T11:05:58+00:00\" \/>\n<meta property=\"og:image\" content=\"https:\/\/schwebach.de\/wp-content\/uploads\/2016\/05\/ERFA.jpg\" \/>\n\t<meta property=\"og:image:width\" content=\"450\" \/>\n\t<meta property=\"og:image:height\" content=\"406\" \/>\n\t<meta property=\"og:image:type\" content=\"image\/jpeg\" \/>\n<meta name=\"author\" content=\"Schwebach\" \/>\n<meta name=\"twitter:card\" content=\"summary_large_image\" \/>\n<meta name=\"twitter:label1\" content=\"Verfasst von\" \/>\n\t<meta name=\"twitter:data1\" content=\"Schwebach\" \/>\n\t<meta name=\"twitter:label2\" content=\"Gesch\u00e4tzte Lesezeit\" \/>\n\t<meta name=\"twitter:data2\" content=\"1\u00a0Minute\" \/>\n<script type=\"application\/ld+json\" class=\"yoast-schema-graph\">{\"@context\":\"https:\\\/\\\/schema.org\",\"@graph\":[{\"@type\":\"Article\",\"@id\":\"https:\\\/\\\/schwebach.de\\\/?p=550#article\",\"isPartOf\":{\"@id\":\"https:\\\/\\\/schwebach.de\\\/?p=550\"},\"author\":{\"name\":\"Schwebach\",\"@id\":\"https:\\\/\\\/schwebach.de\\\/#\\\/schema\\\/person\\\/d00f441195aff8fe4987add5febad44d\"},\"headline\":\"Erfa-Treffen bei SCHWEBACH\",\"datePublished\":\"2012-03-20T12:51:34+00:00\",\"dateModified\":\"2016-05-23T11:05:58+00:00\",\"mainEntityOfPage\":{\"@id\":\"https:\\\/\\\/schwebach.de\\\/?p=550\"},\"wordCount\":238,\"commentCount\":0,\"publisher\":{\"@id\":\"https:\\\/\\\/schwebach.de\\\/#organization\"},\"image\":{\"@id\":\"https:\\\/\\\/schwebach.de\\\/?p=550#primaryimage\"},\"thumbnailUrl\":\"https:\\\/\\\/schwebach.de\\\/wp-content\\\/uploads\\\/2016\\\/05\\\/ERFA.jpg\",\"articleSection\":[\"ERFA\",\"Termin\",\"Workshops\"],\"inLanguage\":\"de\",\"potentialAction\":[{\"@type\":\"CommentAction\",\"name\":\"Comment\",\"target\":[\"https:\\\/\\\/schwebach.de\\\/?p=550#respond\"]}]},{\"@type\":\"WebPage\",\"@id\":\"https:\\\/\\\/schwebach.de\\\/?p=550\",\"url\":\"https:\\\/\\\/schwebach.de\\\/?p=550\",\"name\":\"ERFA-Treffen bei SCHWEBACH Maler & Lackierer GmbH\",\"isPartOf\":{\"@id\":\"https:\\\/\\\/schwebach.de\\\/#website\"},\"primaryImageOfPage\":{\"@id\":\"https:\\\/\\\/schwebach.de\\\/?p=550#primaryimage\"},\"image\":{\"@id\":\"https:\\\/\\\/schwebach.de\\\/?p=550#primaryimage\"},\"thumbnailUrl\":\"https:\\\/\\\/schwebach.de\\\/wp-content\\\/uploads\\\/2016\\\/05\\\/ERFA.jpg\",\"datePublished\":\"2012-03-20T12:51:34+00:00\",\"dateModified\":\"2016-05-23T11:05:58+00:00\",\"breadcrumb\":{\"@id\":\"https:\\\/\\\/schwebach.de\\\/?p=550#breadcrumb\"},\"inLanguage\":\"de\",\"potentialAction\":[{\"@type\":\"ReadAction\",\"target\":[\"https:\\\/\\\/schwebach.de\\\/?p=550\"]}]},{\"@type\":\"ImageObject\",\"inLanguage\":\"de\",\"@id\":\"https:\\\/\\\/schwebach.de\\\/?p=550#primaryimage\",\"url\":\"https:\\\/\\\/schwebach.de\\\/wp-content\\\/uploads\\\/2016\\\/05\\\/ERFA.jpg\",\"contentUrl\":\"https:\\\/\\\/schwebach.de\\\/wp-content\\\/uploads\\\/2016\\\/05\\\/ERFA.jpg\",\"width\":450,\"height\":406,\"caption\":\"ERFA\"},{\"@type\":\"BreadcrumbList\",\"@id\":\"https:\\\/\\\/schwebach.de\\\/?p=550#breadcrumb\",\"itemListElement\":[{\"@type\":\"ListItem\",\"position\":1,\"name\":\"Startseite\",\"item\":\"https:\\\/\\\/schwebach.de\\\/\"},{\"@type\":\"ListItem\",\"position\":2,\"name\":\"Erfa-Treffen bei SCHWEBACH\"}]},{\"@type\":\"WebSite\",\"@id\":\"https:\\\/\\\/schwebach.de\\\/#website\",\"url\":\"https:\\\/\\\/schwebach.de\\\/\",\"name\":\"SCHWEBACH Maler &amp; Lackierer\",\"description\":\"Ihr Wohlf\u00fchlmaler aus Irsch\\\/Saar\",\"publisher\":{\"@id\":\"https:\\\/\\\/schwebach.de\\\/#organization\"},\"potentialAction\":[{\"@type\":\"SearchAction\",\"target\":{\"@type\":\"EntryPoint\",\"urlTemplate\":\"https:\\\/\\\/schwebach.de\\\/?s={search_term_string}\"},\"query-input\":{\"@type\":\"PropertyValueSpecification\",\"valueRequired\":true,\"valueName\":\"search_term_string\"}}],\"inLanguage\":\"de\"},{\"@type\":\"Organization\",\"@id\":\"https:\\\/\\\/schwebach.de\\\/#organization\",\"name\":\"Schwebach Maler & Lackierer GmbH\",\"url\":\"https:\\\/\\\/schwebach.de\\\/\",\"logo\":{\"@type\":\"ImageObject\",\"inLanguage\":\"de\",\"@id\":\"https:\\\/\\\/schwebach.de\\\/#\\\/schema\\\/logo\\\/image\\\/\",\"url\":\"https:\\\/\\\/schwebach.de\\\/wp-content\\\/uploads\\\/2016\\\/04\\\/butterfly.png\",\"contentUrl\":\"https:\\\/\\\/schwebach.de\\\/wp-content\\\/uploads\\\/2016\\\/04\\\/butterfly.png\",\"width\":463,\"height\":310,\"caption\":\"Schwebach Maler & Lackierer GmbH\"},\"image\":{\"@id\":\"https:\\\/\\\/schwebach.de\\\/#\\\/schema\\\/logo\\\/image\\\/\"},\"sameAs\":[\"https:\\\/\\\/www.facebook.com\\\/schwebach.wohlfuehlmaler\",\"https:\\\/\\\/www.youtube.com\\\/user\\\/Wohlfuehlmaler\"]},{\"@type\":\"Person\",\"@id\":\"https:\\\/\\\/schwebach.de\\\/#\\\/schema\\\/person\\\/d00f441195aff8fe4987add5febad44d\",\"name\":\"Schwebach\",\"image\":{\"@type\":\"ImageObject\",\"inLanguage\":\"de\",\"@id\":\"https:\\\/\\\/secure.gravatar.com\\\/avatar\\\/34291dd68034cb7317838ad1f4c39bc27d010389fac30629b636c5776ac49376?s=96&d=mm&r=g\",\"url\":\"https:\\\/\\\/secure.gravatar.com\\\/avatar\\\/34291dd68034cb7317838ad1f4c39bc27d010389fac30629b636c5776ac49376?s=96&d=mm&r=g\",\"contentUrl\":\"https:\\\/\\\/secure.gravatar.com\\\/avatar\\\/34291dd68034cb7317838ad1f4c39bc27d010389fac30629b636c5776ac49376?s=96&d=mm&r=g\",\"caption\":\"Schwebach\"},\"url\":\"https:\\\/\\\/schwebach.de\\\/?author=1\"}]}<\/script>\n<!-- \/ Yoast SEO plugin. -->","yoast_head_json":{"title":"ERFA-Treffen bei SCHWEBACH Maler & Lackierer GmbH","robots":{"index":"index","follow":"follow","max-snippet":"max-snippet:-1","max-image-preview":"max-image-preview:large","max-video-preview":"max-video-preview:-1"},"canonical":"https:\/\/schwebach.de\/?p=550","og_locale":"de_DE","og_type":"article","og_title":"ERFA-Treffen bei SCHWEBACH Maler & Lackierer GmbH","og_description":"Wir sind nun schon seit einigen Jahren aktiv bei den Erfa-Treffen dabei. Diese Aktion wurde von Matthias Heilig von der Malerzeitschrift \"Die Mappe\" initiiert und seither unter der bew\u00e4hrten Leitung von Frau Andrea Eigel moderiert. F\u00fcr uns ist der Austausch","og_url":"https:\/\/schwebach.de\/?p=550","og_site_name":"SCHWEBACH Maler &amp; Lackierer","article_publisher":"https:\/\/www.facebook.com\/schwebach.wohlfuehlmaler","article_published_time":"2012-03-20T12:51:34+00:00","article_modified_time":"2016-05-23T11:05:58+00:00","og_image":[{"width":450,"height":406,"url":"https:\/\/schwebach.de\/wp-content\/uploads\/2016\/05\/ERFA.jpg","type":"image\/jpeg"}],"author":"Schwebach","twitter_card":"summary_large_image","twitter_misc":{"Verfasst von":"Schwebach","Gesch\u00e4tzte Lesezeit":"1\u00a0Minute"},"schema":{"@context":"https:\/\/schema.org","@graph":[{"@type":"Article","@id":"https:\/\/schwebach.de\/?p=550#article","isPartOf":{"@id":"https:\/\/schwebach.de\/?p=550"},"author":{"name":"Schwebach","@id":"https:\/\/schwebach.de\/#\/schema\/person\/d00f441195aff8fe4987add5febad44d"},"headline":"Erfa-Treffen bei SCHWEBACH","datePublished":"2012-03-20T12:51:34+00:00","dateModified":"2016-05-23T11:05:58+00:00","mainEntityOfPage":{"@id":"https:\/\/schwebach.de\/?p=550"},"wordCount":238,"commentCount":0,"publisher":{"@id":"https:\/\/schwebach.de\/#organization"},"image":{"@id":"https:\/\/schwebach.de\/?p=550#primaryimage"},"thumbnailUrl":"https:\/\/schwebach.de\/wp-content\/uploads\/2016\/05\/ERFA.jpg","articleSection":["ERFA","Termin","Workshops"],"inLanguage":"de","potentialAction":[{"@type":"CommentAction","name":"Comment","target":["https:\/\/schwebach.de\/?p=550#respond"]}]},{"@type":"WebPage","@id":"https:\/\/schwebach.de\/?p=550","url":"https:\/\/schwebach.de\/?p=550","name":"ERFA-Treffen bei SCHWEBACH Maler & Lackierer GmbH","isPartOf":{"@id":"https:\/\/schwebach.de\/#website"},"primaryImageOfPage":{"@id":"https:\/\/schwebach.de\/?p=550#primaryimage"},"image":{"@id":"https:\/\/schwebach.de\/?p=550#primaryimage"},"thumbnailUrl":"https:\/\/schwebach.de\/wp-content\/uploads\/2016\/05\/ERFA.jpg","datePublished":"2012-03-20T12:51:34+00:00","dateModified":"2016-05-23T11:05:58+00:00","breadcrumb":{"@id":"https:\/\/schwebach.de\/?p=550#breadcrumb"},"inLanguage":"de","potentialAction":[{"@type":"ReadAction","target":["https:\/\/schwebach.de\/?p=550"]}]},{"@type":"ImageObject","inLanguage":"de","@id":"https:\/\/schwebach.de\/?p=550#primaryimage","url":"https:\/\/schwebach.de\/wp-content\/uploads\/2016\/05\/ERFA.jpg","contentUrl":"https:\/\/schwebach.de\/wp-content\/uploads\/2016\/05\/ERFA.jpg","width":450,"height":406,"caption":"ERFA"},{"@type":"BreadcrumbList","@id":"https:\/\/schwebach.de\/?p=550#breadcrumb","itemListElement":[{"@type":"ListItem","position":1,"name":"Startseite","item":"https:\/\/schwebach.de\/"},{"@type":"ListItem","position":2,"name":"Erfa-Treffen bei SCHWEBACH"}]},{"@type":"WebSite","@id":"https:\/\/schwebach.de\/#website","url":"https:\/\/schwebach.de\/","name":"SCHWEBACH Maler &amp; Lackierer","description":"Ihr Wohlf\u00fchlmaler aus Irsch\/Saar","publisher":{"@id":"https:\/\/schwebach.de\/#organization"},"potentialAction":[{"@type":"SearchAction","target":{"@type":"EntryPoint","urlTemplate":"https:\/\/schwebach.de\/?s={search_term_string}"},"query-input":{"@type":"PropertyValueSpecification","valueRequired":true,"valueName":"search_term_string"}}],"inLanguage":"de"},{"@type":"Organization","@id":"https:\/\/schwebach.de\/#organization","name":"Schwebach Maler & Lackierer GmbH","url":"https:\/\/schwebach.de\/","logo":{"@type":"ImageObject","inLanguage":"de","@id":"https:\/\/schwebach.de\/#\/schema\/logo\/image\/","url":"https:\/\/schwebach.de\/wp-content\/uploads\/2016\/04\/butterfly.png","contentUrl":"https:\/\/schwebach.de\/wp-content\/uploads\/2016\/04\/butterfly.png","width":463,"height":310,"caption":"Schwebach Maler & Lackierer GmbH"},"image":{"@id":"https:\/\/schwebach.de\/#\/schema\/logo\/image\/"},"sameAs":["https:\/\/www.facebook.com\/schwebach.wohlfuehlmaler","https:\/\/www.youtube.com\/user\/Wohlfuehlmaler"]},{"@type":"Person","@id":"https:\/\/schwebach.de\/#\/schema\/person\/d00f441195aff8fe4987add5febad44d","name":"Schwebach","image":{"@type":"ImageObject","inLanguage":"de","@id":"https:\/\/secure.gravatar.com\/avatar\/34291dd68034cb7317838ad1f4c39bc27d010389fac30629b636c5776ac49376?s=96&d=mm&r=g","url":"https:\/\/secure.gravatar.com\/avatar\/34291dd68034cb7317838ad1f4c39bc27d010389fac30629b636c5776ac49376?s=96&d=mm&r=g","contentUrl":"https:\/\/secure.gravatar.com\/avatar\/34291dd68034cb7317838ad1f4c39bc27d010389fac30629b636c5776ac49376?s=96&d=mm&r=g","caption":"Schwebach"},"url":"https:\/\/schwebach.de\/?author=1"}]}},"_links":{"self":[{"href":"https:\/\/schwebach.de\/index.php?rest_route=\/wp\/v2\/posts\/550","targetHints":{"allow":["GET"]}}],"collection":[{"href":"https:\/\/schwebach.de\/index.php?rest_route=\/wp\/v2\/posts"}],"about":[{"href":"https:\/\/schwebach.de\/index.php?rest_route=\/wp\/v2\/types\/post"}],"author":[{"embeddable":true,"href":"https:\/\/schwebach.de\/index.php?rest_route=\/wp\/v2\/users\/1"}],"replies":[{"embeddable":true,"href":"https:\/\/schwebach.de\/index.php?rest_route=%2Fwp%2Fv2%2Fcomments&post=550"}],"version-history":[{"count":4,"href":"https:\/\/schwebach.de\/index.php?rest_route=\/wp\/v2\/posts\/550\/revisions"}],"predecessor-version":[{"id":881,"href":"https:\/\/schwebach.de\/index.php?rest_route=\/wp\/v2\/posts\/550\/revisions\/881"}],"wp:featuredmedia":[{"embeddable":true,"href":"https:\/\/schwebach.de\/index.php?rest_route=\/wp\/v2\/media\/551"}],"wp:attachment":[{"href":"https:\/\/schwebach.de\/index.php?rest_route=%2Fwp%2Fv2%2Fmedia&parent=550"}],"wp:term":[{"taxonomy":"category","embeddable":true,"href":"https:\/\/schwebach.de\/index.php?rest_route=%2Fwp%2Fv2%2Fcategories&post=550"},{"taxonomy":"post_tag","embeddable":true,"href":"https:\/\/schwebach.de\/index.php?rest_route=%2Fwp%2Fv2%2Ftags&post=550"}],"curies":[{"name":"wp","href":"https:\/\/api.w.org\/{rel}","templated":true}]}}