{"id":547,"date":"2012-04-04T12:49:06","date_gmt":"2012-04-04T12:49:06","guid":{"rendered":"http:\/\/maler-schwebach.de\/?p=547"},"modified":"2016-05-16T14:27:17","modified_gmt":"2016-05-16T14:27:17","slug":"erfa-treffen-2012","status":"publish","type":"post","link":"https:\/\/schwebach.de\/?p=547","title":{"rendered":"R\u00fcckblick ERFA-Treffen 2012 in Saarburg"},"content":{"rendered":"<div id=\"pl-547\"  class=\"panel-layout\" ><div id=\"pg-547-0\"  class=\"panel-grid panel-no-style\" ><div id=\"pgc-547-0-0\"  class=\"panel-grid-cell\" ><div id=\"panel-547-0-0-0\" class=\"so-panel widget widget_sow-editor panel-first-child panel-last-child\" data-index=\"0\" ><div\n\t\t\t\n\t\t\tclass=\"so-widget-sow-editor so-widget-sow-editor-base\"\n\t\t\t\n\t\t><h3 class=\"widget-title\">R\u00fcckblick ERFA-Treffen 2012 in Saarburg<\/h3>\n<div class=\"siteorigin-widget-tinymce textwidget\">\n\t<figure id=\"attachment_548\" aria-describedby=\"caption-attachment-548\" style=\"width: 400px\" class=\"wp-caption alignright\"><img loading=\"lazy\" decoding=\"async\" class=\"wp-image-548 size-full\" src=\"https:\/\/schwebach.de\/wp-content\/uploads\/2016\/05\/erfa2012.jpg\" alt=\"ERFA-Treffen 2012\" width=\"400\" height=\"225\" srcset=\"https:\/\/schwebach.de\/wp-content\/uploads\/2016\/05\/erfa2012.jpg 400w, https:\/\/schwebach.de\/wp-content\/uploads\/2016\/05\/erfa2012-300x169.jpg 300w\" sizes=\"auto, (max-width: 400px) 100vw, 400px\" \/><figcaption id=\"caption-attachment-548\" class=\"wp-caption-text\">ERFA-Treffen 2012<\/figcaption><\/figure>\n<p>Vom 2.-4. April 2012 fand das Arbeitstreffen der Erfa-Gruppe in Saarburg statt. Diese Aktion, die von der Malerzeitschrift \"<a href=\"http:\/\/www.mappe.de\/\" target=\"_blank\">Die Mappe<\/a>\" initiiert wurde und seither unter der bew\u00e4hrten Leitung von Frau <a href=\"http:\/\/www.andreaeigel.de\/\" target=\"_blank\">Andrea Eigel<\/a> moderiert wird, ist f\u00fcr uns ein wichtiger Erfahrungs- und Ideenaustausch und war schon f\u00fcr viele Ideen der Ausgangspunkt. Auch diesmal konnten in vielen offenen und konstruktiven Gespr\u00e4chen und Workshops Erfahrungen und Anregungen ausgetauscht werden.<\/p>\n<p>Schon am Montag, dem 2. April gab es im Rahmen einer sehr sch\u00f6nen Saarweinprobe viele interessante Gespr\u00e4che und es wurden Projekte aufgesetzt, die unseren Kunden echten Mehrwert und ehrliche Beratung bieten werden.<\/p>\n<p>Wir bedanken uns ganz herzlich bei allen Teilnehmern, den Gastgebern vom Wirtshaus Zum Pferdemark, dem Initiator Matthias Heilig von der Malerzeitschrift \"Die Mappe\" und der Moderatorin Frau Andrea Eigel.<\/p>\n<\/div>\n<\/div><\/div><\/div><\/div><\/div>","protected":false},"excerpt":{"rendered":"<p>Vom 2.-4. April 2012 fand das Arbeitstreffen der Erfa-Gruppe in Saarburg statt. Diese Aktion, die von der Malerzeitschrift &#8222;Die Mappe&#8220; initiiert wurde und seither unter der bew\u00e4hrten Leitung von Frau Andrea Eigel moderiert wird, ist f\u00fcr uns ein wichtiger Erfahrungs-<\/p>\n","protected":false},"author":1,"featured_media":548,"comment_status":"open","ping_status":"open","sticky":false,"template":"","format":"standard","meta":{"footnotes":""},"categories":[48,20,9],"tags":[],"class_list":["post-547","post","type-post","status-publish","format-standard","has-post-thumbnail","hentry","category-erfa","category-termin","category-workshops"],"yoast_head":"<!-- This site is optimized with the Yoast SEO plugin v27.4 - https:\/\/yoast.com\/product\/yoast-seo-wordpress\/ -->\n<title>ERFA-Treffen 2012 mit SCHWEBACH in Saarburg<\/title>\n<meta name=\"robots\" content=\"index, follow, max-snippet:-1, max-image-preview:large, max-video-preview:-1\" \/>\n<link rel=\"canonical\" href=\"https:\/\/schwebach.de\/?p=547\" \/>\n<meta property=\"og:locale\" content=\"de_DE\" \/>\n<meta property=\"og:type\" content=\"article\" \/>\n<meta property=\"og:title\" content=\"ERFA-Treffen 2012 mit SCHWEBACH in Saarburg\" \/>\n<meta property=\"og:description\" content=\"Vom 2.-4. April 2012 fand das Arbeitstreffen der Erfa-Gruppe in Saarburg statt. Diese Aktion, die von der Malerzeitschrift &quot;Die Mappe&quot; initiiert wurde und seither unter der bew\u00e4hrten Leitung von Frau Andrea Eigel moderiert wird, ist f\u00fcr uns ein wichtiger Erfahrungs-\" \/>\n<meta property=\"og:url\" content=\"https:\/\/schwebach.de\/?p=547\" \/>\n<meta property=\"og:site_name\" content=\"SCHWEBACH Maler &amp; Lackierer\" \/>\n<meta property=\"article:publisher\" content=\"https:\/\/www.facebook.com\/schwebach.wohlfuehlmaler\" \/>\n<meta property=\"article:published_time\" content=\"2012-04-04T12:49:06+00:00\" \/>\n<meta property=\"article:modified_time\" content=\"2016-05-16T14:27:17+00:00\" \/>\n<meta property=\"og:image\" content=\"https:\/\/schwebach.de\/wp-content\/uploads\/2016\/05\/erfa2012.jpg\" \/>\n\t<meta property=\"og:image:width\" content=\"400\" \/>\n\t<meta property=\"og:image:height\" content=\"225\" \/>\n\t<meta property=\"og:image:type\" content=\"image\/jpeg\" \/>\n<meta name=\"author\" content=\"Schwebach\" \/>\n<meta name=\"twitter:card\" content=\"summary_large_image\" \/>\n<meta name=\"twitter:label1\" content=\"Verfasst von\" \/>\n\t<meta name=\"twitter:data1\" content=\"Schwebach\" \/>\n\t<meta name=\"twitter:label2\" content=\"Gesch\u00e4tzte Lesezeit\" \/>\n\t<meta name=\"twitter:data2\" content=\"1\u00a0Minute\" \/>\n<script type=\"application\/ld+json\" class=\"yoast-schema-graph\">{\"@context\":\"https:\\\/\\\/schema.org\",\"@graph\":[{\"@type\":\"Article\",\"@id\":\"https:\\\/\\\/schwebach.de\\\/?p=547#article\",\"isPartOf\":{\"@id\":\"https:\\\/\\\/schwebach.de\\\/?p=547\"},\"author\":{\"name\":\"Schwebach\",\"@id\":\"https:\\\/\\\/schwebach.de\\\/#\\\/schema\\\/person\\\/d00f441195aff8fe4987add5febad44d\"},\"headline\":\"R\u00fcckblick ERFA-Treffen 2012 in Saarburg\",\"datePublished\":\"2012-04-04T12:49:06+00:00\",\"dateModified\":\"2016-05-16T14:27:17+00:00\",\"mainEntityOfPage\":{\"@id\":\"https:\\\/\\\/schwebach.de\\\/?p=547\"},\"wordCount\":144,\"commentCount\":0,\"publisher\":{\"@id\":\"https:\\\/\\\/schwebach.de\\\/#organization\"},\"image\":{\"@id\":\"https:\\\/\\\/schwebach.de\\\/?p=547#primaryimage\"},\"thumbnailUrl\":\"https:\\\/\\\/schwebach.de\\\/wp-content\\\/uploads\\\/2016\\\/05\\\/erfa2012.jpg\",\"articleSection\":[\"ERFA\",\"Termin\",\"Workshops\"],\"inLanguage\":\"de\",\"potentialAction\":[{\"@type\":\"CommentAction\",\"name\":\"Comment\",\"target\":[\"https:\\\/\\\/schwebach.de\\\/?p=547#respond\"]}]},{\"@type\":\"WebPage\",\"@id\":\"https:\\\/\\\/schwebach.de\\\/?p=547\",\"url\":\"https:\\\/\\\/schwebach.de\\\/?p=547\",\"name\":\"ERFA-Treffen 2012 mit SCHWEBACH in Saarburg\",\"isPartOf\":{\"@id\":\"https:\\\/\\\/schwebach.de\\\/#website\"},\"primaryImageOfPage\":{\"@id\":\"https:\\\/\\\/schwebach.de\\\/?p=547#primaryimage\"},\"image\":{\"@id\":\"https:\\\/\\\/schwebach.de\\\/?p=547#primaryimage\"},\"thumbnailUrl\":\"https:\\\/\\\/schwebach.de\\\/wp-content\\\/uploads\\\/2016\\\/05\\\/erfa2012.jpg\",\"datePublished\":\"2012-04-04T12:49:06+00:00\",\"dateModified\":\"2016-05-16T14:27:17+00:00\",\"breadcrumb\":{\"@id\":\"https:\\\/\\\/schwebach.de\\\/?p=547#breadcrumb\"},\"inLanguage\":\"de\",\"potentialAction\":[{\"@type\":\"ReadAction\",\"target\":[\"https:\\\/\\\/schwebach.de\\\/?p=547\"]}]},{\"@type\":\"ImageObject\",\"inLanguage\":\"de\",\"@id\":\"https:\\\/\\\/schwebach.de\\\/?p=547#primaryimage\",\"url\":\"https:\\\/\\\/schwebach.de\\\/wp-content\\\/uploads\\\/2016\\\/05\\\/erfa2012.jpg\",\"contentUrl\":\"https:\\\/\\\/schwebach.de\\\/wp-content\\\/uploads\\\/2016\\\/05\\\/erfa2012.jpg\",\"width\":400,\"height\":225,\"caption\":\"ERFA-Treffen\"},{\"@type\":\"BreadcrumbList\",\"@id\":\"https:\\\/\\\/schwebach.de\\\/?p=547#breadcrumb\",\"itemListElement\":[{\"@type\":\"ListItem\",\"position\":1,\"name\":\"Startseite\",\"item\":\"https:\\\/\\\/schwebach.de\\\/\"},{\"@type\":\"ListItem\",\"position\":2,\"name\":\"R\u00fcckblick ERFA-Treffen 2012 in Saarburg\"}]},{\"@type\":\"WebSite\",\"@id\":\"https:\\\/\\\/schwebach.de\\\/#website\",\"url\":\"https:\\\/\\\/schwebach.de\\\/\",\"name\":\"SCHWEBACH Maler &amp; Lackierer\",\"description\":\"Ihr Wohlf\u00fchlmaler aus Irsch\\\/Saar\",\"publisher\":{\"@id\":\"https:\\\/\\\/schwebach.de\\\/#organization\"},\"potentialAction\":[{\"@type\":\"SearchAction\",\"target\":{\"@type\":\"EntryPoint\",\"urlTemplate\":\"https:\\\/\\\/schwebach.de\\\/?s={search_term_string}\"},\"query-input\":{\"@type\":\"PropertyValueSpecification\",\"valueRequired\":true,\"valueName\":\"search_term_string\"}}],\"inLanguage\":\"de\"},{\"@type\":\"Organization\",\"@id\":\"https:\\\/\\\/schwebach.de\\\/#organization\",\"name\":\"Schwebach Maler & Lackierer GmbH\",\"url\":\"https:\\\/\\\/schwebach.de\\\/\",\"logo\":{\"@type\":\"ImageObject\",\"inLanguage\":\"de\",\"@id\":\"https:\\\/\\\/schwebach.de\\\/#\\\/schema\\\/logo\\\/image\\\/\",\"url\":\"https:\\\/\\\/schwebach.de\\\/wp-content\\\/uploads\\\/2016\\\/04\\\/butterfly.png\",\"contentUrl\":\"https:\\\/\\\/schwebach.de\\\/wp-content\\\/uploads\\\/2016\\\/04\\\/butterfly.png\",\"width\":463,\"height\":310,\"caption\":\"Schwebach Maler & Lackierer GmbH\"},\"image\":{\"@id\":\"https:\\\/\\\/schwebach.de\\\/#\\\/schema\\\/logo\\\/image\\\/\"},\"sameAs\":[\"https:\\\/\\\/www.facebook.com\\\/schwebach.wohlfuehlmaler\",\"https:\\\/\\\/www.youtube.com\\\/user\\\/Wohlfuehlmaler\"]},{\"@type\":\"Person\",\"@id\":\"https:\\\/\\\/schwebach.de\\\/#\\\/schema\\\/person\\\/d00f441195aff8fe4987add5febad44d\",\"name\":\"Schwebach\",\"image\":{\"@type\":\"ImageObject\",\"inLanguage\":\"de\",\"@id\":\"https:\\\/\\\/secure.gravatar.com\\\/avatar\\\/34291dd68034cb7317838ad1f4c39bc27d010389fac30629b636c5776ac49376?s=96&d=mm&r=g\",\"url\":\"https:\\\/\\\/secure.gravatar.com\\\/avatar\\\/34291dd68034cb7317838ad1f4c39bc27d010389fac30629b636c5776ac49376?s=96&d=mm&r=g\",\"contentUrl\":\"https:\\\/\\\/secure.gravatar.com\\\/avatar\\\/34291dd68034cb7317838ad1f4c39bc27d010389fac30629b636c5776ac49376?s=96&d=mm&r=g\",\"caption\":\"Schwebach\"},\"url\":\"https:\\\/\\\/schwebach.de\\\/?author=1\"}]}<\/script>\n<!-- \/ Yoast SEO plugin. -->","yoast_head_json":{"title":"ERFA-Treffen 2012 mit SCHWEBACH in Saarburg","robots":{"index":"index","follow":"follow","max-snippet":"max-snippet:-1","max-image-preview":"max-image-preview:large","max-video-preview":"max-video-preview:-1"},"canonical":"https:\/\/schwebach.de\/?p=547","og_locale":"de_DE","og_type":"article","og_title":"ERFA-Treffen 2012 mit SCHWEBACH in Saarburg","og_description":"Vom 2.-4. April 2012 fand das Arbeitstreffen der Erfa-Gruppe in Saarburg statt. Diese Aktion, die von der Malerzeitschrift \"Die Mappe\" initiiert wurde und seither unter der bew\u00e4hrten Leitung von Frau Andrea Eigel moderiert wird, ist f\u00fcr uns ein wichtiger Erfahrungs-","og_url":"https:\/\/schwebach.de\/?p=547","og_site_name":"SCHWEBACH Maler &amp; Lackierer","article_publisher":"https:\/\/www.facebook.com\/schwebach.wohlfuehlmaler","article_published_time":"2012-04-04T12:49:06+00:00","article_modified_time":"2016-05-16T14:27:17+00:00","og_image":[{"width":400,"height":225,"url":"https:\/\/schwebach.de\/wp-content\/uploads\/2016\/05\/erfa2012.jpg","type":"image\/jpeg"}],"author":"Schwebach","twitter_card":"summary_large_image","twitter_misc":{"Verfasst von":"Schwebach","Gesch\u00e4tzte Lesezeit":"1\u00a0Minute"},"schema":{"@context":"https:\/\/schema.org","@graph":[{"@type":"Article","@id":"https:\/\/schwebach.de\/?p=547#article","isPartOf":{"@id":"https:\/\/schwebach.de\/?p=547"},"author":{"name":"Schwebach","@id":"https:\/\/schwebach.de\/#\/schema\/person\/d00f441195aff8fe4987add5febad44d"},"headline":"R\u00fcckblick ERFA-Treffen 2012 in Saarburg","datePublished":"2012-04-04T12:49:06+00:00","dateModified":"2016-05-16T14:27:17+00:00","mainEntityOfPage":{"@id":"https:\/\/schwebach.de\/?p=547"},"wordCount":144,"commentCount":0,"publisher":{"@id":"https:\/\/schwebach.de\/#organization"},"image":{"@id":"https:\/\/schwebach.de\/?p=547#primaryimage"},"thumbnailUrl":"https:\/\/schwebach.de\/wp-content\/uploads\/2016\/05\/erfa2012.jpg","articleSection":["ERFA","Termin","Workshops"],"inLanguage":"de","potentialAction":[{"@type":"CommentAction","name":"Comment","target":["https:\/\/schwebach.de\/?p=547#respond"]}]},{"@type":"WebPage","@id":"https:\/\/schwebach.de\/?p=547","url":"https:\/\/schwebach.de\/?p=547","name":"ERFA-Treffen 2012 mit SCHWEBACH in Saarburg","isPartOf":{"@id":"https:\/\/schwebach.de\/#website"},"primaryImageOfPage":{"@id":"https:\/\/schwebach.de\/?p=547#primaryimage"},"image":{"@id":"https:\/\/schwebach.de\/?p=547#primaryimage"},"thumbnailUrl":"https:\/\/schwebach.de\/wp-content\/uploads\/2016\/05\/erfa2012.jpg","datePublished":"2012-04-04T12:49:06+00:00","dateModified":"2016-05-16T14:27:17+00:00","breadcrumb":{"@id":"https:\/\/schwebach.de\/?p=547#breadcrumb"},"inLanguage":"de","potentialAction":[{"@type":"ReadAction","target":["https:\/\/schwebach.de\/?p=547"]}]},{"@type":"ImageObject","inLanguage":"de","@id":"https:\/\/schwebach.de\/?p=547#primaryimage","url":"https:\/\/schwebach.de\/wp-content\/uploads\/2016\/05\/erfa2012.jpg","contentUrl":"https:\/\/schwebach.de\/wp-content\/uploads\/2016\/05\/erfa2012.jpg","width":400,"height":225,"caption":"ERFA-Treffen"},{"@type":"BreadcrumbList","@id":"https:\/\/schwebach.de\/?p=547#breadcrumb","itemListElement":[{"@type":"ListItem","position":1,"name":"Startseite","item":"https:\/\/schwebach.de\/"},{"@type":"ListItem","position":2,"name":"R\u00fcckblick ERFA-Treffen 2012 in Saarburg"}]},{"@type":"WebSite","@id":"https:\/\/schwebach.de\/#website","url":"https:\/\/schwebach.de\/","name":"SCHWEBACH Maler &amp; Lackierer","description":"Ihr Wohlf\u00fchlmaler aus Irsch\/Saar","publisher":{"@id":"https:\/\/schwebach.de\/#organization"},"potentialAction":[{"@type":"SearchAction","target":{"@type":"EntryPoint","urlTemplate":"https:\/\/schwebach.de\/?s={search_term_string}"},"query-input":{"@type":"PropertyValueSpecification","valueRequired":true,"valueName":"search_term_string"}}],"inLanguage":"de"},{"@type":"Organization","@id":"https:\/\/schwebach.de\/#organization","name":"Schwebach Maler & Lackierer GmbH","url":"https:\/\/schwebach.de\/","logo":{"@type":"ImageObject","inLanguage":"de","@id":"https:\/\/schwebach.de\/#\/schema\/logo\/image\/","url":"https:\/\/schwebach.de\/wp-content\/uploads\/2016\/04\/butterfly.png","contentUrl":"https:\/\/schwebach.de\/wp-content\/uploads\/2016\/04\/butterfly.png","width":463,"height":310,"caption":"Schwebach Maler & Lackierer GmbH"},"image":{"@id":"https:\/\/schwebach.de\/#\/schema\/logo\/image\/"},"sameAs":["https:\/\/www.facebook.com\/schwebach.wohlfuehlmaler","https:\/\/www.youtube.com\/user\/Wohlfuehlmaler"]},{"@type":"Person","@id":"https:\/\/schwebach.de\/#\/schema\/person\/d00f441195aff8fe4987add5febad44d","name":"Schwebach","image":{"@type":"ImageObject","inLanguage":"de","@id":"https:\/\/secure.gravatar.com\/avatar\/34291dd68034cb7317838ad1f4c39bc27d010389fac30629b636c5776ac49376?s=96&d=mm&r=g","url":"https:\/\/secure.gravatar.com\/avatar\/34291dd68034cb7317838ad1f4c39bc27d010389fac30629b636c5776ac49376?s=96&d=mm&r=g","contentUrl":"https:\/\/secure.gravatar.com\/avatar\/34291dd68034cb7317838ad1f4c39bc27d010389fac30629b636c5776ac49376?s=96&d=mm&r=g","caption":"Schwebach"},"url":"https:\/\/schwebach.de\/?author=1"}]}},"_links":{"self":[{"href":"https:\/\/schwebach.de\/index.php?rest_route=\/wp\/v2\/posts\/547","targetHints":{"allow":["GET"]}}],"collection":[{"href":"https:\/\/schwebach.de\/index.php?rest_route=\/wp\/v2\/posts"}],"about":[{"href":"https:\/\/schwebach.de\/index.php?rest_route=\/wp\/v2\/types\/post"}],"author":[{"embeddable":true,"href":"https:\/\/schwebach.de\/index.php?rest_route=\/wp\/v2\/users\/1"}],"replies":[{"embeddable":true,"href":"https:\/\/schwebach.de\/index.php?rest_route=%2Fwp%2Fv2%2Fcomments&post=547"}],"version-history":[{"count":3,"href":"https:\/\/schwebach.de\/index.php?rest_route=\/wp\/v2\/posts\/547\/revisions"}],"predecessor-version":[{"id":800,"href":"https:\/\/schwebach.de\/index.php?rest_route=\/wp\/v2\/posts\/547\/revisions\/800"}],"wp:featuredmedia":[{"embeddable":true,"href":"https:\/\/schwebach.de\/index.php?rest_route=\/wp\/v2\/media\/548"}],"wp:attachment":[{"href":"https:\/\/schwebach.de\/index.php?rest_route=%2Fwp%2Fv2%2Fmedia&parent=547"}],"wp:term":[{"taxonomy":"category","embeddable":true,"href":"https:\/\/schwebach.de\/index.php?rest_route=%2Fwp%2Fv2%2Fcategories&post=547"},{"taxonomy":"post_tag","embeddable":true,"href":"https:\/\/schwebach.de\/index.php?rest_route=%2Fwp%2Fv2%2Ftags&post=547"}],"curies":[{"name":"wp","href":"https:\/\/api.w.org\/{rel}","templated":true}]}}