{"id":541,"date":"2012-04-26T12:41:06","date_gmt":"2012-04-26T12:41:06","guid":{"rendered":"http:\/\/maler-schwebach.de\/?p=541"},"modified":"2016-05-30T12:36:43","modified_gmt":"2016-05-30T12:36:43","slug":"girlsday-2012","status":"publish","type":"post","link":"https:\/\/schwebach.de\/?p=541","title":{"rendered":"Das war der Girls&#8217;Day 2012"},"content":{"rendered":"<div id=\"pl-541\"  class=\"panel-layout\" ><div id=\"pg-541-0\"  class=\"panel-grid panel-no-style\" ><div id=\"pgc-541-0-0\"  class=\"panel-grid-cell\" ><div id=\"panel-541-0-0-0\" class=\"so-panel widget widget_sow-editor panel-first-child panel-last-child\" data-index=\"0\" ><div\n\t\t\t\n\t\t\tclass=\"so-widget-sow-editor so-widget-sow-editor-base\"\n\t\t\t\n\t\t>\n<div class=\"siteorigin-widget-tinymce textwidget\">\n\t<figure id=\"attachment_542\" aria-describedby=\"caption-attachment-542\" style=\"width: 700px\" class=\"wp-caption aligncenter\"><img loading=\"lazy\" decoding=\"async\" class=\"size-full wp-image-542\" src=\"https:\/\/maler-schwebach.de\/wp-content\/uploads\/2016\/05\/girlsday2012.jpg\" alt=\"Girls'Day 2012\" width=\"700\" height=\"393\" srcset=\"https:\/\/schwebach.de\/wp-content\/uploads\/2016\/05\/girlsday2012.jpg 700w, https:\/\/schwebach.de\/wp-content\/uploads\/2016\/05\/girlsday2012-300x168.jpg 300w\" sizes=\"auto, (max-width: 700px) 100vw, 700px\" \/><figcaption id=\"caption-attachment-542\" class=\"wp-caption-text\">Girls'Day 2012<\/figcaption><\/figure>\n<p>Am 26. April fand wieder der bundesweite \"Girls'Day\" statt. Wir sind ein regelm\u00e4\u00dfiger Teilnehmer bei diesem \"M\u00e4dchen Zukunftstag\" und auch in diesem Jahr konnten wir zwei interessierten Sch\u00fclerinnen einen Einblick in unseren Malerbetrieb bieten.<\/p>\n<h2>Das war der Girls'Day 2012 bei SCHWEBACH<\/h2>\n<p>In diesem Jahr waren Julia und Anna bei uns im Team mit dabei. Zusammen mit unseren Azubis Jens, Dominik und Oliver, sowie unseren Praktikanten Tim und Leo hatten wir also an diesem Tag eine ganz besonders Junge Truppe.<\/p>\n<p>Der Girls'Day 2012 war f\u00fcr uns sehr erfolgreich verlaufen und wir denken, dass auch Anna und Julia viel Spa\u00df bei uns hatten. Im n\u00e4chsten Jahr sind wir sicherlich auch wieder dabei und freuen uns schon auf den Girls'Day 2013.<\/p>\n<p>Die offizielle Seite \u00fcber den Girls'Day mit jeder Menge Infos und Downloads gibt es \u00fcbrigens unter<br \/> <a href=\"http:\/\/www.girls-day.de\" target=\"_blank\">www.girls-day.de<\/a>.<\/p>\n<\/div>\n<\/div><\/div><\/div><\/div><\/div>","protected":false},"excerpt":{"rendered":"<p>Am 26. April fand wieder der bundesweite &#8222;Girls&#8217;Day&#8220; statt. Wir sind ein regelm\u00e4\u00dfiger Teilnehmer bei diesem &#8222;M\u00e4dchen Zukunftstag&#8220; und auch in diesem Jahr konnten wir zwei interessierten Sch\u00fclerinnen einen Einblick in unseren Malerbetrieb bieten.Das war der Girls&#8217;Day 2012 bei SCHWEBACHIn<\/p>\n","protected":false},"author":1,"featured_media":542,"comment_status":"open","ping_status":"open","sticky":false,"template":"","format":"standard","meta":{"footnotes":""},"categories":[8],"tags":[],"class_list":["post-541","post","type-post","status-publish","format-standard","has-post-thumbnail","hentry","category-girlsday"],"yoast_head":"<!-- This site is optimized with the Yoast SEO plugin v27.4 - https:\/\/yoast.com\/product\/yoast-seo-wordpress\/ -->\n<title>Der Girls&#039;Day 2012 beim SCHWEBACH Maler Team aus Irsch<\/title>\n<meta name=\"description\" content=\"Beim Girls&#039;Day 2012 waren Julia und Anna bei uns im Maler-Team SCHWEBACH mit dabei und bekamen einen Einblick in unser farbiges Handwerk.\" \/>\n<meta name=\"robots\" content=\"index, follow, max-snippet:-1, max-image-preview:large, max-video-preview:-1\" \/>\n<link rel=\"canonical\" href=\"https:\/\/schwebach.de\/?p=541\" \/>\n<meta property=\"og:locale\" content=\"de_DE\" \/>\n<meta property=\"og:type\" content=\"article\" \/>\n<meta property=\"og:title\" content=\"Der Girls&#039;Day 2012 beim SCHWEBACH Maler Team aus Irsch\" \/>\n<meta property=\"og:description\" content=\"Beim Girls&#039;Day 2012 waren Julia und Anna bei uns im Maler-Team SCHWEBACH mit dabei und bekamen einen Einblick in unser farbiges Handwerk.\" \/>\n<meta property=\"og:url\" content=\"https:\/\/schwebach.de\/?p=541\" \/>\n<meta property=\"og:site_name\" content=\"SCHWEBACH Maler &amp; Lackierer\" \/>\n<meta property=\"article:publisher\" content=\"https:\/\/www.facebook.com\/schwebach.wohlfuehlmaler\" \/>\n<meta property=\"article:published_time\" content=\"2012-04-26T12:41:06+00:00\" \/>\n<meta property=\"article:modified_time\" content=\"2016-05-30T12:36:43+00:00\" \/>\n<meta property=\"og:image\" content=\"https:\/\/schwebach.de\/wp-content\/uploads\/2016\/05\/girlsday2012.jpg\" \/>\n\t<meta property=\"og:image:width\" content=\"700\" \/>\n\t<meta property=\"og:image:height\" content=\"393\" \/>\n\t<meta property=\"og:image:type\" content=\"image\/jpeg\" \/>\n<meta name=\"author\" content=\"Schwebach\" \/>\n<meta name=\"twitter:card\" content=\"summary_large_image\" \/>\n<meta name=\"twitter:label1\" content=\"Verfasst von\" \/>\n\t<meta name=\"twitter:data1\" content=\"Schwebach\" \/>\n\t<meta name=\"twitter:label2\" content=\"Gesch\u00e4tzte Lesezeit\" \/>\n\t<meta name=\"twitter:data2\" content=\"1\u00a0Minute\" \/>\n<script type=\"application\/ld+json\" class=\"yoast-schema-graph\">{\"@context\":\"https:\\\/\\\/schema.org\",\"@graph\":[{\"@type\":\"Article\",\"@id\":\"https:\\\/\\\/schwebach.de\\\/?p=541#article\",\"isPartOf\":{\"@id\":\"https:\\\/\\\/schwebach.de\\\/?p=541\"},\"author\":{\"name\":\"Schwebach\",\"@id\":\"https:\\\/\\\/schwebach.de\\\/#\\\/schema\\\/person\\\/d00f441195aff8fe4987add5febad44d\"},\"headline\":\"Das war der Girls&#8217;Day 2012\",\"datePublished\":\"2012-04-26T12:41:06+00:00\",\"dateModified\":\"2016-05-30T12:36:43+00:00\",\"mainEntityOfPage\":{\"@id\":\"https:\\\/\\\/schwebach.de\\\/?p=541\"},\"wordCount\":152,\"commentCount\":0,\"publisher\":{\"@id\":\"https:\\\/\\\/schwebach.de\\\/#organization\"},\"image\":{\"@id\":\"https:\\\/\\\/schwebach.de\\\/?p=541#primaryimage\"},\"thumbnailUrl\":\"https:\\\/\\\/schwebach.de\\\/wp-content\\\/uploads\\\/2016\\\/05\\\/girlsday2012.jpg\",\"articleSection\":[\"Girls'Day\"],\"inLanguage\":\"de\",\"potentialAction\":[{\"@type\":\"CommentAction\",\"name\":\"Comment\",\"target\":[\"https:\\\/\\\/schwebach.de\\\/?p=541#respond\"]}]},{\"@type\":\"WebPage\",\"@id\":\"https:\\\/\\\/schwebach.de\\\/?p=541\",\"url\":\"https:\\\/\\\/schwebach.de\\\/?p=541\",\"name\":\"Der Girls'Day 2012 beim SCHWEBACH Maler Team aus Irsch\",\"isPartOf\":{\"@id\":\"https:\\\/\\\/schwebach.de\\\/#website\"},\"primaryImageOfPage\":{\"@id\":\"https:\\\/\\\/schwebach.de\\\/?p=541#primaryimage\"},\"image\":{\"@id\":\"https:\\\/\\\/schwebach.de\\\/?p=541#primaryimage\"},\"thumbnailUrl\":\"https:\\\/\\\/schwebach.de\\\/wp-content\\\/uploads\\\/2016\\\/05\\\/girlsday2012.jpg\",\"datePublished\":\"2012-04-26T12:41:06+00:00\",\"dateModified\":\"2016-05-30T12:36:43+00:00\",\"description\":\"Beim Girls'Day 2012 waren Julia und Anna bei uns im Maler-Team SCHWEBACH mit dabei und bekamen einen Einblick in unser farbiges Handwerk.\",\"breadcrumb\":{\"@id\":\"https:\\\/\\\/schwebach.de\\\/?p=541#breadcrumb\"},\"inLanguage\":\"de\",\"potentialAction\":[{\"@type\":\"ReadAction\",\"target\":[\"https:\\\/\\\/schwebach.de\\\/?p=541\"]}]},{\"@type\":\"ImageObject\",\"inLanguage\":\"de\",\"@id\":\"https:\\\/\\\/schwebach.de\\\/?p=541#primaryimage\",\"url\":\"https:\\\/\\\/schwebach.de\\\/wp-content\\\/uploads\\\/2016\\\/05\\\/girlsday2012.jpg\",\"contentUrl\":\"https:\\\/\\\/schwebach.de\\\/wp-content\\\/uploads\\\/2016\\\/05\\\/girlsday2012.jpg\",\"width\":700,\"height\":393,\"caption\":\"Girls'Day 2012\"},{\"@type\":\"BreadcrumbList\",\"@id\":\"https:\\\/\\\/schwebach.de\\\/?p=541#breadcrumb\",\"itemListElement\":[{\"@type\":\"ListItem\",\"position\":1,\"name\":\"Startseite\",\"item\":\"https:\\\/\\\/schwebach.de\\\/\"},{\"@type\":\"ListItem\",\"position\":2,\"name\":\"Das war der Girls&#8217;Day 2012\"}]},{\"@type\":\"WebSite\",\"@id\":\"https:\\\/\\\/schwebach.de\\\/#website\",\"url\":\"https:\\\/\\\/schwebach.de\\\/\",\"name\":\"SCHWEBACH Maler &amp; Lackierer\",\"description\":\"Ihr Wohlf\u00fchlmaler aus Irsch\\\/Saar\",\"publisher\":{\"@id\":\"https:\\\/\\\/schwebach.de\\\/#organization\"},\"potentialAction\":[{\"@type\":\"SearchAction\",\"target\":{\"@type\":\"EntryPoint\",\"urlTemplate\":\"https:\\\/\\\/schwebach.de\\\/?s={search_term_string}\"},\"query-input\":{\"@type\":\"PropertyValueSpecification\",\"valueRequired\":true,\"valueName\":\"search_term_string\"}}],\"inLanguage\":\"de\"},{\"@type\":\"Organization\",\"@id\":\"https:\\\/\\\/schwebach.de\\\/#organization\",\"name\":\"Schwebach Maler & Lackierer GmbH\",\"url\":\"https:\\\/\\\/schwebach.de\\\/\",\"logo\":{\"@type\":\"ImageObject\",\"inLanguage\":\"de\",\"@id\":\"https:\\\/\\\/schwebach.de\\\/#\\\/schema\\\/logo\\\/image\\\/\",\"url\":\"https:\\\/\\\/schwebach.de\\\/wp-content\\\/uploads\\\/2016\\\/04\\\/butterfly.png\",\"contentUrl\":\"https:\\\/\\\/schwebach.de\\\/wp-content\\\/uploads\\\/2016\\\/04\\\/butterfly.png\",\"width\":463,\"height\":310,\"caption\":\"Schwebach Maler & Lackierer GmbH\"},\"image\":{\"@id\":\"https:\\\/\\\/schwebach.de\\\/#\\\/schema\\\/logo\\\/image\\\/\"},\"sameAs\":[\"https:\\\/\\\/www.facebook.com\\\/schwebach.wohlfuehlmaler\",\"https:\\\/\\\/www.youtube.com\\\/user\\\/Wohlfuehlmaler\"]},{\"@type\":\"Person\",\"@id\":\"https:\\\/\\\/schwebach.de\\\/#\\\/schema\\\/person\\\/d00f441195aff8fe4987add5febad44d\",\"name\":\"Schwebach\",\"image\":{\"@type\":\"ImageObject\",\"inLanguage\":\"de\",\"@id\":\"https:\\\/\\\/secure.gravatar.com\\\/avatar\\\/34291dd68034cb7317838ad1f4c39bc27d010389fac30629b636c5776ac49376?s=96&d=mm&r=g\",\"url\":\"https:\\\/\\\/secure.gravatar.com\\\/avatar\\\/34291dd68034cb7317838ad1f4c39bc27d010389fac30629b636c5776ac49376?s=96&d=mm&r=g\",\"contentUrl\":\"https:\\\/\\\/secure.gravatar.com\\\/avatar\\\/34291dd68034cb7317838ad1f4c39bc27d010389fac30629b636c5776ac49376?s=96&d=mm&r=g\",\"caption\":\"Schwebach\"},\"url\":\"https:\\\/\\\/schwebach.de\\\/?author=1\"}]}<\/script>\n<!-- \/ Yoast SEO plugin. -->","yoast_head_json":{"title":"Der Girls'Day 2012 beim SCHWEBACH Maler Team aus Irsch","description":"Beim Girls'Day 2012 waren Julia und Anna bei uns im Maler-Team SCHWEBACH mit dabei und bekamen einen Einblick in unser farbiges Handwerk.","robots":{"index":"index","follow":"follow","max-snippet":"max-snippet:-1","max-image-preview":"max-image-preview:large","max-video-preview":"max-video-preview:-1"},"canonical":"https:\/\/schwebach.de\/?p=541","og_locale":"de_DE","og_type":"article","og_title":"Der Girls'Day 2012 beim SCHWEBACH Maler Team aus Irsch","og_description":"Beim Girls'Day 2012 waren Julia und Anna bei uns im Maler-Team SCHWEBACH mit dabei und bekamen einen Einblick in unser farbiges Handwerk.","og_url":"https:\/\/schwebach.de\/?p=541","og_site_name":"SCHWEBACH Maler &amp; Lackierer","article_publisher":"https:\/\/www.facebook.com\/schwebach.wohlfuehlmaler","article_published_time":"2012-04-26T12:41:06+00:00","article_modified_time":"2016-05-30T12:36:43+00:00","og_image":[{"width":700,"height":393,"url":"https:\/\/schwebach.de\/wp-content\/uploads\/2016\/05\/girlsday2012.jpg","type":"image\/jpeg"}],"author":"Schwebach","twitter_card":"summary_large_image","twitter_misc":{"Verfasst von":"Schwebach","Gesch\u00e4tzte Lesezeit":"1\u00a0Minute"},"schema":{"@context":"https:\/\/schema.org","@graph":[{"@type":"Article","@id":"https:\/\/schwebach.de\/?p=541#article","isPartOf":{"@id":"https:\/\/schwebach.de\/?p=541"},"author":{"name":"Schwebach","@id":"https:\/\/schwebach.de\/#\/schema\/person\/d00f441195aff8fe4987add5febad44d"},"headline":"Das war der Girls&#8217;Day 2012","datePublished":"2012-04-26T12:41:06+00:00","dateModified":"2016-05-30T12:36:43+00:00","mainEntityOfPage":{"@id":"https:\/\/schwebach.de\/?p=541"},"wordCount":152,"commentCount":0,"publisher":{"@id":"https:\/\/schwebach.de\/#organization"},"image":{"@id":"https:\/\/schwebach.de\/?p=541#primaryimage"},"thumbnailUrl":"https:\/\/schwebach.de\/wp-content\/uploads\/2016\/05\/girlsday2012.jpg","articleSection":["Girls'Day"],"inLanguage":"de","potentialAction":[{"@type":"CommentAction","name":"Comment","target":["https:\/\/schwebach.de\/?p=541#respond"]}]},{"@type":"WebPage","@id":"https:\/\/schwebach.de\/?p=541","url":"https:\/\/schwebach.de\/?p=541","name":"Der Girls'Day 2012 beim SCHWEBACH Maler Team aus Irsch","isPartOf":{"@id":"https:\/\/schwebach.de\/#website"},"primaryImageOfPage":{"@id":"https:\/\/schwebach.de\/?p=541#primaryimage"},"image":{"@id":"https:\/\/schwebach.de\/?p=541#primaryimage"},"thumbnailUrl":"https:\/\/schwebach.de\/wp-content\/uploads\/2016\/05\/girlsday2012.jpg","datePublished":"2012-04-26T12:41:06+00:00","dateModified":"2016-05-30T12:36:43+00:00","description":"Beim Girls'Day 2012 waren Julia und Anna bei uns im Maler-Team SCHWEBACH mit dabei und bekamen einen Einblick in unser farbiges Handwerk.","breadcrumb":{"@id":"https:\/\/schwebach.de\/?p=541#breadcrumb"},"inLanguage":"de","potentialAction":[{"@type":"ReadAction","target":["https:\/\/schwebach.de\/?p=541"]}]},{"@type":"ImageObject","inLanguage":"de","@id":"https:\/\/schwebach.de\/?p=541#primaryimage","url":"https:\/\/schwebach.de\/wp-content\/uploads\/2016\/05\/girlsday2012.jpg","contentUrl":"https:\/\/schwebach.de\/wp-content\/uploads\/2016\/05\/girlsday2012.jpg","width":700,"height":393,"caption":"Girls'Day 2012"},{"@type":"BreadcrumbList","@id":"https:\/\/schwebach.de\/?p=541#breadcrumb","itemListElement":[{"@type":"ListItem","position":1,"name":"Startseite","item":"https:\/\/schwebach.de\/"},{"@type":"ListItem","position":2,"name":"Das war der Girls&#8217;Day 2012"}]},{"@type":"WebSite","@id":"https:\/\/schwebach.de\/#website","url":"https:\/\/schwebach.de\/","name":"SCHWEBACH Maler &amp; Lackierer","description":"Ihr Wohlf\u00fchlmaler aus Irsch\/Saar","publisher":{"@id":"https:\/\/schwebach.de\/#organization"},"potentialAction":[{"@type":"SearchAction","target":{"@type":"EntryPoint","urlTemplate":"https:\/\/schwebach.de\/?s={search_term_string}"},"query-input":{"@type":"PropertyValueSpecification","valueRequired":true,"valueName":"search_term_string"}}],"inLanguage":"de"},{"@type":"Organization","@id":"https:\/\/schwebach.de\/#organization","name":"Schwebach Maler & Lackierer GmbH","url":"https:\/\/schwebach.de\/","logo":{"@type":"ImageObject","inLanguage":"de","@id":"https:\/\/schwebach.de\/#\/schema\/logo\/image\/","url":"https:\/\/schwebach.de\/wp-content\/uploads\/2016\/04\/butterfly.png","contentUrl":"https:\/\/schwebach.de\/wp-content\/uploads\/2016\/04\/butterfly.png","width":463,"height":310,"caption":"Schwebach Maler & Lackierer GmbH"},"image":{"@id":"https:\/\/schwebach.de\/#\/schema\/logo\/image\/"},"sameAs":["https:\/\/www.facebook.com\/schwebach.wohlfuehlmaler","https:\/\/www.youtube.com\/user\/Wohlfuehlmaler"]},{"@type":"Person","@id":"https:\/\/schwebach.de\/#\/schema\/person\/d00f441195aff8fe4987add5febad44d","name":"Schwebach","image":{"@type":"ImageObject","inLanguage":"de","@id":"https:\/\/secure.gravatar.com\/avatar\/34291dd68034cb7317838ad1f4c39bc27d010389fac30629b636c5776ac49376?s=96&d=mm&r=g","url":"https:\/\/secure.gravatar.com\/avatar\/34291dd68034cb7317838ad1f4c39bc27d010389fac30629b636c5776ac49376?s=96&d=mm&r=g","contentUrl":"https:\/\/secure.gravatar.com\/avatar\/34291dd68034cb7317838ad1f4c39bc27d010389fac30629b636c5776ac49376?s=96&d=mm&r=g","caption":"Schwebach"},"url":"https:\/\/schwebach.de\/?author=1"}]}},"_links":{"self":[{"href":"https:\/\/schwebach.de\/index.php?rest_route=\/wp\/v2\/posts\/541","targetHints":{"allow":["GET"]}}],"collection":[{"href":"https:\/\/schwebach.de\/index.php?rest_route=\/wp\/v2\/posts"}],"about":[{"href":"https:\/\/schwebach.de\/index.php?rest_route=\/wp\/v2\/types\/post"}],"author":[{"embeddable":true,"href":"https:\/\/schwebach.de\/index.php?rest_route=\/wp\/v2\/users\/1"}],"replies":[{"embeddable":true,"href":"https:\/\/schwebach.de\/index.php?rest_route=%2Fwp%2Fv2%2Fcomments&post=541"}],"version-history":[{"count":8,"href":"https:\/\/schwebach.de\/index.php?rest_route=\/wp\/v2\/posts\/541\/revisions"}],"predecessor-version":[{"id":1036,"href":"https:\/\/schwebach.de\/index.php?rest_route=\/wp\/v2\/posts\/541\/revisions\/1036"}],"wp:featuredmedia":[{"embeddable":true,"href":"https:\/\/schwebach.de\/index.php?rest_route=\/wp\/v2\/media\/542"}],"wp:attachment":[{"href":"https:\/\/schwebach.de\/index.php?rest_route=%2Fwp%2Fv2%2Fmedia&parent=541"}],"wp:term":[{"taxonomy":"category","embeddable":true,"href":"https:\/\/schwebach.de\/index.php?rest_route=%2Fwp%2Fv2%2Fcategories&post=541"},{"taxonomy":"post_tag","embeddable":true,"href":"https:\/\/schwebach.de\/index.php?rest_route=%2Fwp%2Fv2%2Ftags&post=541"}],"curies":[{"name":"wp","href":"https:\/\/api.w.org\/{rel}","templated":true}]}}