{"id":530,"date":"2012-06-02T20:33:18","date_gmt":"2012-06-02T20:33:18","guid":{"rendered":"http:\/\/maler-schwebach.de\/?p=530"},"modified":"2017-10-24T17:32:10","modified_gmt":"2017-10-24T17:32:10","slug":"gruppenbester-jens","status":"publish","type":"post","link":"https:\/\/schwebach.de\/?p=530","title":{"rendered":"Jens Becker &#8211; Gruppenbester Maler u. Lackierer Azubi im 1. Lehrjahr"},"content":{"rendered":"<div id=\"pl-530\"  class=\"panel-layout\" ><div id=\"pg-530-0\"  class=\"panel-grid panel-no-style\" ><div id=\"pgc-530-0-0\"  class=\"panel-grid-cell\" ><div id=\"panel-530-0-0-0\" class=\"so-panel widget widget_sow-editor panel-first-child panel-last-child\" data-index=\"0\" ><div\n\t\t\t\n\t\t\tclass=\"so-widget-sow-editor so-widget-sow-editor-base\"\n\t\t\t\n\t\t>\n<div class=\"siteorigin-widget-tinymce textwidget\">\n\t<figure id=\"attachment_532\" aria-describedby=\"caption-attachment-532\" style=\"width: 300px\" class=\"wp-caption alignleft\"><img loading=\"lazy\" decoding=\"async\" class=\"wp-image-532 size-full\" src=\"https:\/\/schwebach.de\/wp-content\/uploads\/2016\/04\/20120606_Jens.jpg\" alt=\"Gruppenbester Maler u. Lackierer Azubi im 1. Lehrjahr\" width=\"300\" height=\"225\" \/><figcaption id=\"caption-attachment-532\" class=\"wp-caption-text\">Jens Becker - Gruppenbester Maler u. Lackierer Azubi im 1. Lehrjahr<\/figcaption><\/figure>\n<p>Bei einem \u00fcberbetrieblichen Ausbildungslehrgang der Handwerkskammer Trier konnte Jens Becker den Kurs vom 21. Mai bis 1. Juni als Gruppenbester Azubi im 1. Lehrjahr abschlie\u00dfen.<br \/> Das Thema f\u00fcr eine Kabine war:<\/p>\n<p>\"Die Gestaltung eines Kinderzimmers f\u00fcr ein 5 J\u00e4hriges Kind (Geschlecht beliebig) mit Ornament, Seepferd und Borde\".<\/p>\n<figure id=\"attachment_531\" aria-describedby=\"caption-attachment-531\" style=\"width: 400px\" class=\"wp-caption alignright\"><img loading=\"lazy\" decoding=\"async\" class=\"wp-image-531 size-full\" src=\"https:\/\/schwebach.de\/wp-content\/uploads\/2016\/04\/20120606_Kinderzimmer.jpg\" alt=\"Kinderzimmer\" width=\"400\" height=\"300\" srcset=\"https:\/\/schwebach.de\/wp-content\/uploads\/2016\/04\/20120606_Kinderzimmer.jpg 400w, https:\/\/schwebach.de\/wp-content\/uploads\/2016\/04\/20120606_Kinderzimmer-300x225.jpg 300w\" sizes=\"auto, (max-width: 400px) 100vw, 400px\" \/><figcaption id=\"caption-attachment-531\" class=\"wp-caption-text\">Kinderzimmer<\/figcaption><\/figure>\n<p>Weitere Vorgabe f\u00fcr diese Aufgabe:<\/p>\n<p>Platte: Holzplatte mit Streichputz beschichten, Muster einbringen und mittels Wickel-, Tupf- oder Lasurtechnik gestalten<br \/> Muster: Kreuzschlag<br \/> Technik: Rand -&gt; Wickeltechnik<br \/> Mitte -&gt; Lasurtechnik<br \/> Jens hat sich f\u00fcr ein Jungenzimmer entschieden. Die 2 Bilder sind Ornamente die Jens als Vorlage hatte. Diese Ornamente hat er im Ma\u00dfstab vergr\u00f6\u00dfert und aufgemalt. Seepferd und Ornament haben die Farben Vollton Orange, der jeweils 2mal mit Wei\u00df aufgehellt wurde. Dazu hat der die Farbe Schwarz als direkten Kontrast gew\u00e4hlt.<\/p>\n<p>Bilder gibt es auch auf <a href=\"https:\/\/www.facebook.com\/media\/set\/?set=a.322969234450761.76984.110741795673507&amp;type=3\" target=\"_blank\">Facebook<\/a><\/p>\n<\/div>\n<\/div><\/div><\/div><\/div><\/div>","protected":false},"excerpt":{"rendered":"<p>Bei einem \u00fcberbetrieblichen Ausbildungslehrgang der Handwerkskammer Trier konnte Jens Becker den Kurs vom 21. Mai bis 1. Juni als Gruppenbester Azubi im 1. Lehrjahr abschlie\u00dfen. Das Thema f\u00fcr eine Kabine war:&#8220;Die Gestaltung eines Kinderzimmers f\u00fcr ein 5 J\u00e4hriges Kind (Geschlecht<\/p>\n","protected":false},"author":1,"featured_media":532,"comment_status":"open","ping_status":"open","sticky":false,"template":"","format":"standard","meta":{"footnotes":""},"categories":[63,18],"tags":[],"class_list":["post-530","post","type-post","status-publish","format-standard","has-post-thumbnail","hentry","category-auszeichnungen","category-team"],"yoast_head":"<!-- This site is optimized with the Yoast SEO plugin v27.4 - https:\/\/yoast.com\/product\/yoast-seo-wordpress\/ -->\n<title>Jens Becker - Gruppenbester Maler Azubi im 1. Lehrjahr<\/title>\n<meta name=\"description\" content=\"Bei einem \u00fcberbetrieblichen Ausbildungslehrgang der Handwerkskammer Trier konnte Jens Becker den Kurs als Gruppenbester Azubi im 1. Lehrjahr abschlie\u00dfen.\" \/>\n<meta name=\"robots\" content=\"index, follow, max-snippet:-1, max-image-preview:large, max-video-preview:-1\" \/>\n<link rel=\"canonical\" href=\"https:\/\/schwebach.de\/?p=530\" \/>\n<meta property=\"og:locale\" content=\"de_DE\" \/>\n<meta property=\"og:type\" content=\"article\" \/>\n<meta property=\"og:title\" content=\"Jens Becker - Gruppenbester Maler Azubi im 1. Lehrjahr\" \/>\n<meta property=\"og:description\" content=\"Bei einem \u00fcberbetrieblichen Ausbildungslehrgang der Handwerkskammer Trier konnte Jens Becker den Kurs als Gruppenbester Azubi im 1. Lehrjahr abschlie\u00dfen.\" \/>\n<meta property=\"og:url\" content=\"https:\/\/schwebach.de\/?p=530\" \/>\n<meta property=\"og:site_name\" content=\"SCHWEBACH Maler &amp; Lackierer\" \/>\n<meta property=\"article:publisher\" content=\"https:\/\/www.facebook.com\/schwebach.wohlfuehlmaler\" \/>\n<meta property=\"article:published_time\" content=\"2012-06-02T20:33:18+00:00\" \/>\n<meta property=\"article:modified_time\" content=\"2017-10-24T17:32:10+00:00\" \/>\n<meta property=\"og:image\" content=\"https:\/\/schwebach.de\/wp-content\/uploads\/2016\/04\/20120606_Jens.jpg\" \/>\n\t<meta property=\"og:image:width\" content=\"300\" \/>\n\t<meta property=\"og:image:height\" content=\"225\" \/>\n\t<meta property=\"og:image:type\" content=\"image\/jpeg\" \/>\n<meta name=\"author\" content=\"Schwebach\" \/>\n<meta name=\"twitter:card\" content=\"summary_large_image\" \/>\n<meta name=\"twitter:label1\" content=\"Verfasst von\" \/>\n\t<meta name=\"twitter:data1\" content=\"Schwebach\" \/>\n\t<meta name=\"twitter:label2\" content=\"Gesch\u00e4tzte Lesezeit\" \/>\n\t<meta name=\"twitter:data2\" content=\"1\u00a0Minute\" \/>\n<script type=\"application\/ld+json\" class=\"yoast-schema-graph\">{\"@context\":\"https:\\\/\\\/schema.org\",\"@graph\":[{\"@type\":\"Article\",\"@id\":\"https:\\\/\\\/schwebach.de\\\/?p=530#article\",\"isPartOf\":{\"@id\":\"https:\\\/\\\/schwebach.de\\\/?p=530\"},\"author\":{\"name\":\"Schwebach\",\"@id\":\"https:\\\/\\\/schwebach.de\\\/#\\\/schema\\\/person\\\/d00f441195aff8fe4987add5febad44d\"},\"headline\":\"Jens Becker &#8211; Gruppenbester Maler u. Lackierer Azubi im 1. Lehrjahr\",\"datePublished\":\"2012-06-02T20:33:18+00:00\",\"dateModified\":\"2017-10-24T17:32:10+00:00\",\"mainEntityOfPage\":{\"@id\":\"https:\\\/\\\/schwebach.de\\\/?p=530\"},\"wordCount\":173,\"commentCount\":0,\"publisher\":{\"@id\":\"https:\\\/\\\/schwebach.de\\\/#organization\"},\"image\":{\"@id\":\"https:\\\/\\\/schwebach.de\\\/?p=530#primaryimage\"},\"thumbnailUrl\":\"https:\\\/\\\/schwebach.de\\\/wp-content\\\/uploads\\\/2016\\\/04\\\/20120606_Jens.jpg\",\"articleSection\":[\"Auszeichnungen\",\"Team\"],\"inLanguage\":\"de\",\"potentialAction\":[{\"@type\":\"CommentAction\",\"name\":\"Comment\",\"target\":[\"https:\\\/\\\/schwebach.de\\\/?p=530#respond\"]}]},{\"@type\":\"WebPage\",\"@id\":\"https:\\\/\\\/schwebach.de\\\/?p=530\",\"url\":\"https:\\\/\\\/schwebach.de\\\/?p=530\",\"name\":\"Jens Becker - Gruppenbester Maler Azubi im 1. Lehrjahr\",\"isPartOf\":{\"@id\":\"https:\\\/\\\/schwebach.de\\\/#website\"},\"primaryImageOfPage\":{\"@id\":\"https:\\\/\\\/schwebach.de\\\/?p=530#primaryimage\"},\"image\":{\"@id\":\"https:\\\/\\\/schwebach.de\\\/?p=530#primaryimage\"},\"thumbnailUrl\":\"https:\\\/\\\/schwebach.de\\\/wp-content\\\/uploads\\\/2016\\\/04\\\/20120606_Jens.jpg\",\"datePublished\":\"2012-06-02T20:33:18+00:00\",\"dateModified\":\"2017-10-24T17:32:10+00:00\",\"description\":\"Bei einem \u00fcberbetrieblichen Ausbildungslehrgang der Handwerkskammer Trier konnte Jens Becker den Kurs als Gruppenbester Azubi im 1. Lehrjahr abschlie\u00dfen.\",\"breadcrumb\":{\"@id\":\"https:\\\/\\\/schwebach.de\\\/?p=530#breadcrumb\"},\"inLanguage\":\"de\",\"potentialAction\":[{\"@type\":\"ReadAction\",\"target\":[\"https:\\\/\\\/schwebach.de\\\/?p=530\"]}]},{\"@type\":\"ImageObject\",\"inLanguage\":\"de\",\"@id\":\"https:\\\/\\\/schwebach.de\\\/?p=530#primaryimage\",\"url\":\"https:\\\/\\\/schwebach.de\\\/wp-content\\\/uploads\\\/2016\\\/04\\\/20120606_Jens.jpg\",\"contentUrl\":\"https:\\\/\\\/schwebach.de\\\/wp-content\\\/uploads\\\/2016\\\/04\\\/20120606_Jens.jpg\",\"width\":300,\"height\":225},{\"@type\":\"BreadcrumbList\",\"@id\":\"https:\\\/\\\/schwebach.de\\\/?p=530#breadcrumb\",\"itemListElement\":[{\"@type\":\"ListItem\",\"position\":1,\"name\":\"Startseite\",\"item\":\"https:\\\/\\\/schwebach.de\\\/\"},{\"@type\":\"ListItem\",\"position\":2,\"name\":\"Jens Becker &#8211; Gruppenbester Maler u. Lackierer Azubi im 1. Lehrjahr\"}]},{\"@type\":\"WebSite\",\"@id\":\"https:\\\/\\\/schwebach.de\\\/#website\",\"url\":\"https:\\\/\\\/schwebach.de\\\/\",\"name\":\"SCHWEBACH Maler &amp; Lackierer\",\"description\":\"Ihr Wohlf\u00fchlmaler aus Irsch\\\/Saar\",\"publisher\":{\"@id\":\"https:\\\/\\\/schwebach.de\\\/#organization\"},\"potentialAction\":[{\"@type\":\"SearchAction\",\"target\":{\"@type\":\"EntryPoint\",\"urlTemplate\":\"https:\\\/\\\/schwebach.de\\\/?s={search_term_string}\"},\"query-input\":{\"@type\":\"PropertyValueSpecification\",\"valueRequired\":true,\"valueName\":\"search_term_string\"}}],\"inLanguage\":\"de\"},{\"@type\":\"Organization\",\"@id\":\"https:\\\/\\\/schwebach.de\\\/#organization\",\"name\":\"Schwebach Maler & Lackierer GmbH\",\"url\":\"https:\\\/\\\/schwebach.de\\\/\",\"logo\":{\"@type\":\"ImageObject\",\"inLanguage\":\"de\",\"@id\":\"https:\\\/\\\/schwebach.de\\\/#\\\/schema\\\/logo\\\/image\\\/\",\"url\":\"https:\\\/\\\/schwebach.de\\\/wp-content\\\/uploads\\\/2016\\\/04\\\/butterfly.png\",\"contentUrl\":\"https:\\\/\\\/schwebach.de\\\/wp-content\\\/uploads\\\/2016\\\/04\\\/butterfly.png\",\"width\":463,\"height\":310,\"caption\":\"Schwebach Maler & Lackierer GmbH\"},\"image\":{\"@id\":\"https:\\\/\\\/schwebach.de\\\/#\\\/schema\\\/logo\\\/image\\\/\"},\"sameAs\":[\"https:\\\/\\\/www.facebook.com\\\/schwebach.wohlfuehlmaler\",\"https:\\\/\\\/www.youtube.com\\\/user\\\/Wohlfuehlmaler\"]},{\"@type\":\"Person\",\"@id\":\"https:\\\/\\\/schwebach.de\\\/#\\\/schema\\\/person\\\/d00f441195aff8fe4987add5febad44d\",\"name\":\"Schwebach\",\"image\":{\"@type\":\"ImageObject\",\"inLanguage\":\"de\",\"@id\":\"https:\\\/\\\/secure.gravatar.com\\\/avatar\\\/34291dd68034cb7317838ad1f4c39bc27d010389fac30629b636c5776ac49376?s=96&d=mm&r=g\",\"url\":\"https:\\\/\\\/secure.gravatar.com\\\/avatar\\\/34291dd68034cb7317838ad1f4c39bc27d010389fac30629b636c5776ac49376?s=96&d=mm&r=g\",\"contentUrl\":\"https:\\\/\\\/secure.gravatar.com\\\/avatar\\\/34291dd68034cb7317838ad1f4c39bc27d010389fac30629b636c5776ac49376?s=96&d=mm&r=g\",\"caption\":\"Schwebach\"},\"url\":\"https:\\\/\\\/schwebach.de\\\/?author=1\"}]}<\/script>\n<!-- \/ Yoast SEO plugin. -->","yoast_head_json":{"title":"Jens Becker - Gruppenbester Maler Azubi im 1. Lehrjahr","description":"Bei einem \u00fcberbetrieblichen Ausbildungslehrgang der Handwerkskammer Trier konnte Jens Becker den Kurs als Gruppenbester Azubi im 1. Lehrjahr abschlie\u00dfen.","robots":{"index":"index","follow":"follow","max-snippet":"max-snippet:-1","max-image-preview":"max-image-preview:large","max-video-preview":"max-video-preview:-1"},"canonical":"https:\/\/schwebach.de\/?p=530","og_locale":"de_DE","og_type":"article","og_title":"Jens Becker - Gruppenbester Maler Azubi im 1. Lehrjahr","og_description":"Bei einem \u00fcberbetrieblichen Ausbildungslehrgang der Handwerkskammer Trier konnte Jens Becker den Kurs als Gruppenbester Azubi im 1. Lehrjahr abschlie\u00dfen.","og_url":"https:\/\/schwebach.de\/?p=530","og_site_name":"SCHWEBACH Maler &amp; Lackierer","article_publisher":"https:\/\/www.facebook.com\/schwebach.wohlfuehlmaler","article_published_time":"2012-06-02T20:33:18+00:00","article_modified_time":"2017-10-24T17:32:10+00:00","og_image":[{"width":300,"height":225,"url":"https:\/\/schwebach.de\/wp-content\/uploads\/2016\/04\/20120606_Jens.jpg","type":"image\/jpeg"}],"author":"Schwebach","twitter_card":"summary_large_image","twitter_misc":{"Verfasst von":"Schwebach","Gesch\u00e4tzte Lesezeit":"1\u00a0Minute"},"schema":{"@context":"https:\/\/schema.org","@graph":[{"@type":"Article","@id":"https:\/\/schwebach.de\/?p=530#article","isPartOf":{"@id":"https:\/\/schwebach.de\/?p=530"},"author":{"name":"Schwebach","@id":"https:\/\/schwebach.de\/#\/schema\/person\/d00f441195aff8fe4987add5febad44d"},"headline":"Jens Becker &#8211; Gruppenbester Maler u. Lackierer Azubi im 1. Lehrjahr","datePublished":"2012-06-02T20:33:18+00:00","dateModified":"2017-10-24T17:32:10+00:00","mainEntityOfPage":{"@id":"https:\/\/schwebach.de\/?p=530"},"wordCount":173,"commentCount":0,"publisher":{"@id":"https:\/\/schwebach.de\/#organization"},"image":{"@id":"https:\/\/schwebach.de\/?p=530#primaryimage"},"thumbnailUrl":"https:\/\/schwebach.de\/wp-content\/uploads\/2016\/04\/20120606_Jens.jpg","articleSection":["Auszeichnungen","Team"],"inLanguage":"de","potentialAction":[{"@type":"CommentAction","name":"Comment","target":["https:\/\/schwebach.de\/?p=530#respond"]}]},{"@type":"WebPage","@id":"https:\/\/schwebach.de\/?p=530","url":"https:\/\/schwebach.de\/?p=530","name":"Jens Becker - Gruppenbester Maler Azubi im 1. Lehrjahr","isPartOf":{"@id":"https:\/\/schwebach.de\/#website"},"primaryImageOfPage":{"@id":"https:\/\/schwebach.de\/?p=530#primaryimage"},"image":{"@id":"https:\/\/schwebach.de\/?p=530#primaryimage"},"thumbnailUrl":"https:\/\/schwebach.de\/wp-content\/uploads\/2016\/04\/20120606_Jens.jpg","datePublished":"2012-06-02T20:33:18+00:00","dateModified":"2017-10-24T17:32:10+00:00","description":"Bei einem \u00fcberbetrieblichen Ausbildungslehrgang der Handwerkskammer Trier konnte Jens Becker den Kurs als Gruppenbester Azubi im 1. Lehrjahr abschlie\u00dfen.","breadcrumb":{"@id":"https:\/\/schwebach.de\/?p=530#breadcrumb"},"inLanguage":"de","potentialAction":[{"@type":"ReadAction","target":["https:\/\/schwebach.de\/?p=530"]}]},{"@type":"ImageObject","inLanguage":"de","@id":"https:\/\/schwebach.de\/?p=530#primaryimage","url":"https:\/\/schwebach.de\/wp-content\/uploads\/2016\/04\/20120606_Jens.jpg","contentUrl":"https:\/\/schwebach.de\/wp-content\/uploads\/2016\/04\/20120606_Jens.jpg","width":300,"height":225},{"@type":"BreadcrumbList","@id":"https:\/\/schwebach.de\/?p=530#breadcrumb","itemListElement":[{"@type":"ListItem","position":1,"name":"Startseite","item":"https:\/\/schwebach.de\/"},{"@type":"ListItem","position":2,"name":"Jens Becker &#8211; Gruppenbester Maler u. Lackierer Azubi im 1. Lehrjahr"}]},{"@type":"WebSite","@id":"https:\/\/schwebach.de\/#website","url":"https:\/\/schwebach.de\/","name":"SCHWEBACH Maler &amp; Lackierer","description":"Ihr Wohlf\u00fchlmaler aus Irsch\/Saar","publisher":{"@id":"https:\/\/schwebach.de\/#organization"},"potentialAction":[{"@type":"SearchAction","target":{"@type":"EntryPoint","urlTemplate":"https:\/\/schwebach.de\/?s={search_term_string}"},"query-input":{"@type":"PropertyValueSpecification","valueRequired":true,"valueName":"search_term_string"}}],"inLanguage":"de"},{"@type":"Organization","@id":"https:\/\/schwebach.de\/#organization","name":"Schwebach Maler & Lackierer GmbH","url":"https:\/\/schwebach.de\/","logo":{"@type":"ImageObject","inLanguage":"de","@id":"https:\/\/schwebach.de\/#\/schema\/logo\/image\/","url":"https:\/\/schwebach.de\/wp-content\/uploads\/2016\/04\/butterfly.png","contentUrl":"https:\/\/schwebach.de\/wp-content\/uploads\/2016\/04\/butterfly.png","width":463,"height":310,"caption":"Schwebach Maler & Lackierer GmbH"},"image":{"@id":"https:\/\/schwebach.de\/#\/schema\/logo\/image\/"},"sameAs":["https:\/\/www.facebook.com\/schwebach.wohlfuehlmaler","https:\/\/www.youtube.com\/user\/Wohlfuehlmaler"]},{"@type":"Person","@id":"https:\/\/schwebach.de\/#\/schema\/person\/d00f441195aff8fe4987add5febad44d","name":"Schwebach","image":{"@type":"ImageObject","inLanguage":"de","@id":"https:\/\/secure.gravatar.com\/avatar\/34291dd68034cb7317838ad1f4c39bc27d010389fac30629b636c5776ac49376?s=96&d=mm&r=g","url":"https:\/\/secure.gravatar.com\/avatar\/34291dd68034cb7317838ad1f4c39bc27d010389fac30629b636c5776ac49376?s=96&d=mm&r=g","contentUrl":"https:\/\/secure.gravatar.com\/avatar\/34291dd68034cb7317838ad1f4c39bc27d010389fac30629b636c5776ac49376?s=96&d=mm&r=g","caption":"Schwebach"},"url":"https:\/\/schwebach.de\/?author=1"}]}},"_links":{"self":[{"href":"https:\/\/schwebach.de\/index.php?rest_route=\/wp\/v2\/posts\/530","targetHints":{"allow":["GET"]}}],"collection":[{"href":"https:\/\/schwebach.de\/index.php?rest_route=\/wp\/v2\/posts"}],"about":[{"href":"https:\/\/schwebach.de\/index.php?rest_route=\/wp\/v2\/types\/post"}],"author":[{"embeddable":true,"href":"https:\/\/schwebach.de\/index.php?rest_route=\/wp\/v2\/users\/1"}],"replies":[{"embeddable":true,"href":"https:\/\/schwebach.de\/index.php?rest_route=%2Fwp%2Fv2%2Fcomments&post=530"}],"version-history":[{"count":8,"href":"https:\/\/schwebach.de\/index.php?rest_route=\/wp\/v2\/posts\/530\/revisions"}],"predecessor-version":[{"id":1725,"href":"https:\/\/schwebach.de\/index.php?rest_route=\/wp\/v2\/posts\/530\/revisions\/1725"}],"wp:featuredmedia":[{"embeddable":true,"href":"https:\/\/schwebach.de\/index.php?rest_route=\/wp\/v2\/media\/532"}],"wp:attachment":[{"href":"https:\/\/schwebach.de\/index.php?rest_route=%2Fwp%2Fv2%2Fmedia&parent=530"}],"wp:term":[{"taxonomy":"category","embeddable":true,"href":"https:\/\/schwebach.de\/index.php?rest_route=%2Fwp%2Fv2%2Fcategories&post=530"},{"taxonomy":"post_tag","embeddable":true,"href":"https:\/\/schwebach.de\/index.php?rest_route=%2Fwp%2Fv2%2Ftags&post=530"}],"curies":[{"name":"wp","href":"https:\/\/api.w.org\/{rel}","templated":true}]}}