{"id":494,"date":"2013-02-13T15:26:55","date_gmt":"2013-02-13T15:26:55","guid":{"rendered":"http:\/\/maler-schwebach.de\/?p=494"},"modified":"2016-05-29T20:17:09","modified_gmt":"2016-05-29T20:17:09","slug":"verstaerkung-fuer-das-schwebach-team-3","status":"publish","type":"post","link":"https:\/\/schwebach.de\/?p=494","title":{"rendered":"Verst\u00e4rkung f\u00fcr das Schwebach-Team"},"content":{"rendered":"<div id=\"pl-494\"  class=\"panel-layout\" ><div id=\"pg-494-0\"  class=\"panel-grid panel-no-style\" ><div id=\"pgc-494-0-0\"  class=\"panel-grid-cell\" ><div id=\"panel-494-0-0-0\" class=\"so-panel widget widget_sow-editor panel-first-child panel-last-child\" data-index=\"0\" ><div\n\t\t\t\n\t\t\tclass=\"so-widget-sow-editor so-widget-sow-editor-base\"\n\t\t\t\n\t\t>\n<div class=\"siteorigin-widget-tinymce textwidget\">\n\t<figure id=\"attachment_290\" aria-describedby=\"caption-attachment-290\" style=\"width: 350px\" class=\"wp-caption alignright\"><img loading=\"lazy\" decoding=\"async\" class=\"wp-image-290 size-full\" src=\"https:\/\/schwebach.de\/wp-content\/uploads\/2016\/04\/t_hemmer_susan.jpg\" alt=\"Susan Hemmer - Verst\u00e4rkung f\u00fcr das Schwebach-Team\" width=\"350\" height=\"525\" srcset=\"https:\/\/schwebach.de\/wp-content\/uploads\/2016\/04\/t_hemmer_susan.jpg 350w, https:\/\/schwebach.de\/wp-content\/uploads\/2016\/04\/t_hemmer_susan-200x300.jpg 200w\" sizes=\"auto, (max-width: 350px) 100vw, 350px\" \/><figcaption id=\"caption-attachment-290\" class=\"wp-caption-text\">Susan Hemmer - Verst\u00e4rkung f\u00fcr das Schwebach-Team<\/figcaption><\/figure>\n<p>Wir k\u00f6nnen und freuen, denn seit dem 19. Februar 2013 haben wir Verst\u00e4rkung f\u00fcr unseren Malerbetrieb.<br \/> Dies war der erste Arbeitstag von Susan Hemmer bei Schwebach. Susann ist Malergesellin und hat sich gleich sehr gut in unser Team eingef\u00fcgt.<br \/> Ihre erste Baustelle bei uns war eine Privatwohnung in Remich (Luxemburg), wo eine Wohnung von Grund auf neu gestaltet wurde und praktisch alle Maler- und Tapezierarbeiten angewendet wurden.<br \/> Wir w\u00fcnschen Susan viel Spa\u00df bei uns und eine erfolgreiche Zusammenarbeit.<\/p>\n<\/div>\n<\/div><\/div><\/div><\/div><\/div>","protected":false},"excerpt":{"rendered":"<p>Wir k\u00f6nnen und freuen, denn seit dem 19. Februar 2013 haben wir Verst\u00e4rkung f\u00fcr unseren Malerbetrieb. Dies war der erste Arbeitstag von Susan Hemmer bei Schwebach. Susann ist Malergesellin und hat sich gleich sehr gut in unser Team eingef\u00fcgt. Ihre<\/p>\n","protected":false},"author":1,"featured_media":290,"comment_status":"open","ping_status":"open","sticky":false,"template":"","format":"standard","meta":{"footnotes":""},"categories":[5,18],"tags":[],"class_list":["post-494","post","type-post","status-publish","format-standard","has-post-thumbnail","hentry","category-jobs","category-team"],"yoast_head":"<!-- This site is optimized with the Yoast SEO plugin v27.4 - https:\/\/yoast.com\/product\/yoast-seo-wordpress\/ -->\n<title>Malergesellin Susann ist die Verst\u00e4rkung f\u00fcr das Schwebach-Team<\/title>\n<meta name=\"description\" content=\"Wir freuen uns, dass mit Susan Hemmer Verst\u00e4rkung f\u00fcr das SCHWEBACH-Team gekommen ist und wir diesmal sogar eine Mitarbeiterin gewinnen konnten.\" \/>\n<meta name=\"robots\" content=\"index, follow, max-snippet:-1, max-image-preview:large, max-video-preview:-1\" \/>\n<link rel=\"canonical\" href=\"https:\/\/schwebach.de\/?p=494\" \/>\n<meta property=\"og:locale\" content=\"de_DE\" \/>\n<meta property=\"og:type\" content=\"article\" \/>\n<meta property=\"og:title\" content=\"Malergesellin Susann ist die Verst\u00e4rkung f\u00fcr das Schwebach-Team\" \/>\n<meta property=\"og:description\" content=\"Wir freuen uns, dass mit Susan Hemmer Verst\u00e4rkung f\u00fcr das SCHWEBACH-Team gekommen ist und wir diesmal sogar eine Mitarbeiterin gewinnen konnten.\" \/>\n<meta property=\"og:url\" content=\"https:\/\/schwebach.de\/?p=494\" \/>\n<meta property=\"og:site_name\" content=\"SCHWEBACH Maler &amp; Lackierer\" \/>\n<meta property=\"article:publisher\" content=\"https:\/\/www.facebook.com\/schwebach.wohlfuehlmaler\" \/>\n<meta property=\"article:published_time\" content=\"2013-02-13T15:26:55+00:00\" \/>\n<meta property=\"article:modified_time\" content=\"2016-05-29T20:17:09+00:00\" \/>\n<meta property=\"og:image\" content=\"https:\/\/schwebach.de\/wp-content\/uploads\/2016\/04\/t_hemmer_susan.jpg\" \/>\n\t<meta property=\"og:image:width\" content=\"350\" \/>\n\t<meta property=\"og:image:height\" content=\"525\" \/>\n\t<meta property=\"og:image:type\" content=\"image\/jpeg\" \/>\n<meta name=\"author\" content=\"Schwebach\" \/>\n<meta name=\"twitter:card\" content=\"summary_large_image\" \/>\n<meta name=\"twitter:label1\" content=\"Verfasst von\" \/>\n\t<meta name=\"twitter:data1\" content=\"Schwebach\" \/>\n<script type=\"application\/ld+json\" class=\"yoast-schema-graph\">{\"@context\":\"https:\\\/\\\/schema.org\",\"@graph\":[{\"@type\":\"Article\",\"@id\":\"https:\\\/\\\/schwebach.de\\\/?p=494#article\",\"isPartOf\":{\"@id\":\"https:\\\/\\\/schwebach.de\\\/?p=494\"},\"author\":{\"name\":\"Schwebach\",\"@id\":\"https:\\\/\\\/schwebach.de\\\/#\\\/schema\\\/person\\\/d00f441195aff8fe4987add5febad44d\"},\"headline\":\"Verst\u00e4rkung f\u00fcr das Schwebach-Team\",\"datePublished\":\"2013-02-13T15:26:55+00:00\",\"dateModified\":\"2016-05-29T20:17:09+00:00\",\"mainEntityOfPage\":{\"@id\":\"https:\\\/\\\/schwebach.de\\\/?p=494\"},\"wordCount\":98,\"commentCount\":0,\"publisher\":{\"@id\":\"https:\\\/\\\/schwebach.de\\\/#organization\"},\"image\":{\"@id\":\"https:\\\/\\\/schwebach.de\\\/?p=494#primaryimage\"},\"thumbnailUrl\":\"https:\\\/\\\/schwebach.de\\\/wp-content\\\/uploads\\\/2016\\\/04\\\/t_hemmer_susan.jpg\",\"articleSection\":[\"Jobs\",\"Team\"],\"inLanguage\":\"de\",\"potentialAction\":[{\"@type\":\"CommentAction\",\"name\":\"Comment\",\"target\":[\"https:\\\/\\\/schwebach.de\\\/?p=494#respond\"]}]},{\"@type\":\"WebPage\",\"@id\":\"https:\\\/\\\/schwebach.de\\\/?p=494\",\"url\":\"https:\\\/\\\/schwebach.de\\\/?p=494\",\"name\":\"Malergesellin Susann ist die Verst\u00e4rkung f\u00fcr das Schwebach-Team\",\"isPartOf\":{\"@id\":\"https:\\\/\\\/schwebach.de\\\/#website\"},\"primaryImageOfPage\":{\"@id\":\"https:\\\/\\\/schwebach.de\\\/?p=494#primaryimage\"},\"image\":{\"@id\":\"https:\\\/\\\/schwebach.de\\\/?p=494#primaryimage\"},\"thumbnailUrl\":\"https:\\\/\\\/schwebach.de\\\/wp-content\\\/uploads\\\/2016\\\/04\\\/t_hemmer_susan.jpg\",\"datePublished\":\"2013-02-13T15:26:55+00:00\",\"dateModified\":\"2016-05-29T20:17:09+00:00\",\"description\":\"Wir freuen uns, dass mit Susan Hemmer Verst\u00e4rkung f\u00fcr das SCHWEBACH-Team gekommen ist und wir diesmal sogar eine Mitarbeiterin gewinnen konnten.\",\"breadcrumb\":{\"@id\":\"https:\\\/\\\/schwebach.de\\\/?p=494#breadcrumb\"},\"inLanguage\":\"de\",\"potentialAction\":[{\"@type\":\"ReadAction\",\"target\":[\"https:\\\/\\\/schwebach.de\\\/?p=494\"]}]},{\"@type\":\"ImageObject\",\"inLanguage\":\"de\",\"@id\":\"https:\\\/\\\/schwebach.de\\\/?p=494#primaryimage\",\"url\":\"https:\\\/\\\/schwebach.de\\\/wp-content\\\/uploads\\\/2016\\\/04\\\/t_hemmer_susan.jpg\",\"contentUrl\":\"https:\\\/\\\/schwebach.de\\\/wp-content\\\/uploads\\\/2016\\\/04\\\/t_hemmer_susan.jpg\",\"width\":350,\"height\":525,\"caption\":\"Susan Hemmer\"},{\"@type\":\"BreadcrumbList\",\"@id\":\"https:\\\/\\\/schwebach.de\\\/?p=494#breadcrumb\",\"itemListElement\":[{\"@type\":\"ListItem\",\"position\":1,\"name\":\"Startseite\",\"item\":\"https:\\\/\\\/schwebach.de\\\/\"},{\"@type\":\"ListItem\",\"position\":2,\"name\":\"Verst\u00e4rkung f\u00fcr das Schwebach-Team\"}]},{\"@type\":\"WebSite\",\"@id\":\"https:\\\/\\\/schwebach.de\\\/#website\",\"url\":\"https:\\\/\\\/schwebach.de\\\/\",\"name\":\"SCHWEBACH Maler &amp; Lackierer\",\"description\":\"Ihr Wohlf\u00fchlmaler aus Irsch\\\/Saar\",\"publisher\":{\"@id\":\"https:\\\/\\\/schwebach.de\\\/#organization\"},\"potentialAction\":[{\"@type\":\"SearchAction\",\"target\":{\"@type\":\"EntryPoint\",\"urlTemplate\":\"https:\\\/\\\/schwebach.de\\\/?s={search_term_string}\"},\"query-input\":{\"@type\":\"PropertyValueSpecification\",\"valueRequired\":true,\"valueName\":\"search_term_string\"}}],\"inLanguage\":\"de\"},{\"@type\":\"Organization\",\"@id\":\"https:\\\/\\\/schwebach.de\\\/#organization\",\"name\":\"Schwebach Maler & Lackierer GmbH\",\"url\":\"https:\\\/\\\/schwebach.de\\\/\",\"logo\":{\"@type\":\"ImageObject\",\"inLanguage\":\"de\",\"@id\":\"https:\\\/\\\/schwebach.de\\\/#\\\/schema\\\/logo\\\/image\\\/\",\"url\":\"https:\\\/\\\/schwebach.de\\\/wp-content\\\/uploads\\\/2016\\\/04\\\/butterfly.png\",\"contentUrl\":\"https:\\\/\\\/schwebach.de\\\/wp-content\\\/uploads\\\/2016\\\/04\\\/butterfly.png\",\"width\":463,\"height\":310,\"caption\":\"Schwebach Maler & Lackierer GmbH\"},\"image\":{\"@id\":\"https:\\\/\\\/schwebach.de\\\/#\\\/schema\\\/logo\\\/image\\\/\"},\"sameAs\":[\"https:\\\/\\\/www.facebook.com\\\/schwebach.wohlfuehlmaler\",\"https:\\\/\\\/www.youtube.com\\\/user\\\/Wohlfuehlmaler\"]},{\"@type\":\"Person\",\"@id\":\"https:\\\/\\\/schwebach.de\\\/#\\\/schema\\\/person\\\/d00f441195aff8fe4987add5febad44d\",\"name\":\"Schwebach\",\"image\":{\"@type\":\"ImageObject\",\"inLanguage\":\"de\",\"@id\":\"https:\\\/\\\/secure.gravatar.com\\\/avatar\\\/34291dd68034cb7317838ad1f4c39bc27d010389fac30629b636c5776ac49376?s=96&d=mm&r=g\",\"url\":\"https:\\\/\\\/secure.gravatar.com\\\/avatar\\\/34291dd68034cb7317838ad1f4c39bc27d010389fac30629b636c5776ac49376?s=96&d=mm&r=g\",\"contentUrl\":\"https:\\\/\\\/secure.gravatar.com\\\/avatar\\\/34291dd68034cb7317838ad1f4c39bc27d010389fac30629b636c5776ac49376?s=96&d=mm&r=g\",\"caption\":\"Schwebach\"},\"url\":\"https:\\\/\\\/schwebach.de\\\/?author=1\"}]}<\/script>\n<!-- \/ Yoast SEO plugin. -->","yoast_head_json":{"title":"Malergesellin Susann ist die Verst\u00e4rkung f\u00fcr das Schwebach-Team","description":"Wir freuen uns, dass mit Susan Hemmer Verst\u00e4rkung f\u00fcr das SCHWEBACH-Team gekommen ist und wir diesmal sogar eine Mitarbeiterin gewinnen konnten.","robots":{"index":"index","follow":"follow","max-snippet":"max-snippet:-1","max-image-preview":"max-image-preview:large","max-video-preview":"max-video-preview:-1"},"canonical":"https:\/\/schwebach.de\/?p=494","og_locale":"de_DE","og_type":"article","og_title":"Malergesellin Susann ist die Verst\u00e4rkung f\u00fcr das Schwebach-Team","og_description":"Wir freuen uns, dass mit Susan Hemmer Verst\u00e4rkung f\u00fcr das SCHWEBACH-Team gekommen ist und wir diesmal sogar eine Mitarbeiterin gewinnen konnten.","og_url":"https:\/\/schwebach.de\/?p=494","og_site_name":"SCHWEBACH Maler &amp; Lackierer","article_publisher":"https:\/\/www.facebook.com\/schwebach.wohlfuehlmaler","article_published_time":"2013-02-13T15:26:55+00:00","article_modified_time":"2016-05-29T20:17:09+00:00","og_image":[{"width":350,"height":525,"url":"https:\/\/schwebach.de\/wp-content\/uploads\/2016\/04\/t_hemmer_susan.jpg","type":"image\/jpeg"}],"author":"Schwebach","twitter_card":"summary_large_image","twitter_misc":{"Verfasst von":"Schwebach"},"schema":{"@context":"https:\/\/schema.org","@graph":[{"@type":"Article","@id":"https:\/\/schwebach.de\/?p=494#article","isPartOf":{"@id":"https:\/\/schwebach.de\/?p=494"},"author":{"name":"Schwebach","@id":"https:\/\/schwebach.de\/#\/schema\/person\/d00f441195aff8fe4987add5febad44d"},"headline":"Verst\u00e4rkung f\u00fcr das Schwebach-Team","datePublished":"2013-02-13T15:26:55+00:00","dateModified":"2016-05-29T20:17:09+00:00","mainEntityOfPage":{"@id":"https:\/\/schwebach.de\/?p=494"},"wordCount":98,"commentCount":0,"publisher":{"@id":"https:\/\/schwebach.de\/#organization"},"image":{"@id":"https:\/\/schwebach.de\/?p=494#primaryimage"},"thumbnailUrl":"https:\/\/schwebach.de\/wp-content\/uploads\/2016\/04\/t_hemmer_susan.jpg","articleSection":["Jobs","Team"],"inLanguage":"de","potentialAction":[{"@type":"CommentAction","name":"Comment","target":["https:\/\/schwebach.de\/?p=494#respond"]}]},{"@type":"WebPage","@id":"https:\/\/schwebach.de\/?p=494","url":"https:\/\/schwebach.de\/?p=494","name":"Malergesellin Susann ist die Verst\u00e4rkung f\u00fcr das Schwebach-Team","isPartOf":{"@id":"https:\/\/schwebach.de\/#website"},"primaryImageOfPage":{"@id":"https:\/\/schwebach.de\/?p=494#primaryimage"},"image":{"@id":"https:\/\/schwebach.de\/?p=494#primaryimage"},"thumbnailUrl":"https:\/\/schwebach.de\/wp-content\/uploads\/2016\/04\/t_hemmer_susan.jpg","datePublished":"2013-02-13T15:26:55+00:00","dateModified":"2016-05-29T20:17:09+00:00","description":"Wir freuen uns, dass mit Susan Hemmer Verst\u00e4rkung f\u00fcr das SCHWEBACH-Team gekommen ist und wir diesmal sogar eine Mitarbeiterin gewinnen konnten.","breadcrumb":{"@id":"https:\/\/schwebach.de\/?p=494#breadcrumb"},"inLanguage":"de","potentialAction":[{"@type":"ReadAction","target":["https:\/\/schwebach.de\/?p=494"]}]},{"@type":"ImageObject","inLanguage":"de","@id":"https:\/\/schwebach.de\/?p=494#primaryimage","url":"https:\/\/schwebach.de\/wp-content\/uploads\/2016\/04\/t_hemmer_susan.jpg","contentUrl":"https:\/\/schwebach.de\/wp-content\/uploads\/2016\/04\/t_hemmer_susan.jpg","width":350,"height":525,"caption":"Susan Hemmer"},{"@type":"BreadcrumbList","@id":"https:\/\/schwebach.de\/?p=494#breadcrumb","itemListElement":[{"@type":"ListItem","position":1,"name":"Startseite","item":"https:\/\/schwebach.de\/"},{"@type":"ListItem","position":2,"name":"Verst\u00e4rkung f\u00fcr das Schwebach-Team"}]},{"@type":"WebSite","@id":"https:\/\/schwebach.de\/#website","url":"https:\/\/schwebach.de\/","name":"SCHWEBACH Maler &amp; Lackierer","description":"Ihr Wohlf\u00fchlmaler aus Irsch\/Saar","publisher":{"@id":"https:\/\/schwebach.de\/#organization"},"potentialAction":[{"@type":"SearchAction","target":{"@type":"EntryPoint","urlTemplate":"https:\/\/schwebach.de\/?s={search_term_string}"},"query-input":{"@type":"PropertyValueSpecification","valueRequired":true,"valueName":"search_term_string"}}],"inLanguage":"de"},{"@type":"Organization","@id":"https:\/\/schwebach.de\/#organization","name":"Schwebach Maler & Lackierer GmbH","url":"https:\/\/schwebach.de\/","logo":{"@type":"ImageObject","inLanguage":"de","@id":"https:\/\/schwebach.de\/#\/schema\/logo\/image\/","url":"https:\/\/schwebach.de\/wp-content\/uploads\/2016\/04\/butterfly.png","contentUrl":"https:\/\/schwebach.de\/wp-content\/uploads\/2016\/04\/butterfly.png","width":463,"height":310,"caption":"Schwebach Maler & Lackierer GmbH"},"image":{"@id":"https:\/\/schwebach.de\/#\/schema\/logo\/image\/"},"sameAs":["https:\/\/www.facebook.com\/schwebach.wohlfuehlmaler","https:\/\/www.youtube.com\/user\/Wohlfuehlmaler"]},{"@type":"Person","@id":"https:\/\/schwebach.de\/#\/schema\/person\/d00f441195aff8fe4987add5febad44d","name":"Schwebach","image":{"@type":"ImageObject","inLanguage":"de","@id":"https:\/\/secure.gravatar.com\/avatar\/34291dd68034cb7317838ad1f4c39bc27d010389fac30629b636c5776ac49376?s=96&d=mm&r=g","url":"https:\/\/secure.gravatar.com\/avatar\/34291dd68034cb7317838ad1f4c39bc27d010389fac30629b636c5776ac49376?s=96&d=mm&r=g","contentUrl":"https:\/\/secure.gravatar.com\/avatar\/34291dd68034cb7317838ad1f4c39bc27d010389fac30629b636c5776ac49376?s=96&d=mm&r=g","caption":"Schwebach"},"url":"https:\/\/schwebach.de\/?author=1"}]}},"_links":{"self":[{"href":"https:\/\/schwebach.de\/index.php?rest_route=\/wp\/v2\/posts\/494","targetHints":{"allow":["GET"]}}],"collection":[{"href":"https:\/\/schwebach.de\/index.php?rest_route=\/wp\/v2\/posts"}],"about":[{"href":"https:\/\/schwebach.de\/index.php?rest_route=\/wp\/v2\/types\/post"}],"author":[{"embeddable":true,"href":"https:\/\/schwebach.de\/index.php?rest_route=\/wp\/v2\/users\/1"}],"replies":[{"embeddable":true,"href":"https:\/\/schwebach.de\/index.php?rest_route=%2Fwp%2Fv2%2Fcomments&post=494"}],"version-history":[{"count":4,"href":"https:\/\/schwebach.de\/index.php?rest_route=\/wp\/v2\/posts\/494\/revisions"}],"predecessor-version":[{"id":1031,"href":"https:\/\/schwebach.de\/index.php?rest_route=\/wp\/v2\/posts\/494\/revisions\/1031"}],"wp:featuredmedia":[{"embeddable":true,"href":"https:\/\/schwebach.de\/index.php?rest_route=\/wp\/v2\/media\/290"}],"wp:attachment":[{"href":"https:\/\/schwebach.de\/index.php?rest_route=%2Fwp%2Fv2%2Fmedia&parent=494"}],"wp:term":[{"taxonomy":"category","embeddable":true,"href":"https:\/\/schwebach.de\/index.php?rest_route=%2Fwp%2Fv2%2Fcategories&post=494"},{"taxonomy":"post_tag","embeddable":true,"href":"https:\/\/schwebach.de\/index.php?rest_route=%2Fwp%2Fv2%2Ftags&post=494"}],"curies":[{"name":"wp","href":"https:\/\/api.w.org\/{rel}","templated":true}]}}