{"id":386,"date":"2015-05-01T10:19:09","date_gmt":"2015-05-01T10:19:09","guid":{"rendered":"http:\/\/maler-schwebach.de\/?p=386"},"modified":"2016-05-23T21:17:19","modified_gmt":"2016-05-23T21:17:19","slug":"verstaerkung-conze","status":"publish","type":"post","link":"https:\/\/schwebach.de\/?p=386","title":{"rendered":"Verst\u00e4rkung f\u00fcr das Schwebach-Team"},"content":{"rendered":"<figure id=\"attachment_302\" aria-describedby=\"caption-attachment-302\" style=\"width: 350px\" class=\"wp-caption alignright\"><img loading=\"lazy\" decoding=\"async\" class=\"wp-image-302 size-full\" src=\"https:\/\/schwebach.de\/wp-content\/uploads\/2016\/04\/t_Conze_Bjoern.jpg\" alt=\"Verst\u00e4rkung f\u00fcr das SCHWEBACH-Team: Bj\u00f6rn Conze\" width=\"350\" height=\"525\" srcset=\"https:\/\/schwebach.de\/wp-content\/uploads\/2016\/04\/t_Conze_Bjoern.jpg 350w, https:\/\/schwebach.de\/wp-content\/uploads\/2016\/04\/t_Conze_Bjoern-200x300.jpg 200w\" sizes=\"auto, (max-width: 350px) 100vw, 350px\" \/><figcaption id=\"caption-attachment-302\" class=\"wp-caption-text\">Verst\u00e4rkung f\u00fcr das SCHWEBACH-Team: Bj\u00f6rn Conze<\/figcaption><\/figure>\n<p>Schon seit einiger Zeit hatten wir nach Verst\u00e4rkung f\u00fcr das Schwebach-Team gesucht. Nun hat es auch endlich geklappt.<br \/>\nSeit dem 1. Mai 2015 hat unser Team Verst\u00e4rkung bekommen.<br \/>\nNeu im Team ist Bj\u00f6rn Conze. Er ist Malergeselle und Restaurateur.<\/p>\n<p>Herzlich Willkommen im Team!<\/p>\n","protected":false},"excerpt":{"rendered":"<p>Schon seit einiger Zeit hatten wir nach Verst\u00e4rkung f\u00fcr das Schwebach-Team gesucht. Nun hat es auch endlich geklappt. Seit dem 1. Mai 2015 hat unser Team Verst\u00e4rkung bekommen. Neu im Team ist Bj\u00f6rn Conze. Er ist Malergeselle und Restaurateur. Herzlich<\/p>\n","protected":false},"author":1,"featured_media":302,"comment_status":"open","ping_status":"open","sticky":false,"template":"","format":"standard","meta":{"footnotes":""},"categories":[18],"tags":[],"class_list":["post-386","post","type-post","status-publish","format-standard","has-post-thumbnail","hentry","category-team"],"yoast_head":"<!-- This site is optimized with the Yoast SEO plugin v27.4 - https:\/\/yoast.com\/product\/yoast-seo-wordpress\/ -->\n<title>Verst\u00e4rkung f\u00fcr das Team der SCHWEBACH Maler &amp; Lackierer<\/title>\n<meta name=\"robots\" content=\"index, follow, max-snippet:-1, max-image-preview:large, max-video-preview:-1\" \/>\n<link rel=\"canonical\" href=\"https:\/\/schwebach.de\/?p=386\" \/>\n<meta property=\"og:locale\" content=\"de_DE\" \/>\n<meta property=\"og:type\" content=\"article\" \/>\n<meta property=\"og:title\" content=\"Verst\u00e4rkung f\u00fcr das Team der SCHWEBACH Maler &amp; Lackierer\" \/>\n<meta property=\"og:description\" content=\"Schon seit einiger Zeit hatten wir nach Verst\u00e4rkung f\u00fcr das Schwebach-Team gesucht. Nun hat es auch endlich geklappt. Seit dem 1. Mai 2015 hat unser Team Verst\u00e4rkung bekommen. Neu im Team ist Bj\u00f6rn Conze. Er ist Malergeselle und Restaurateur. Herzlich\" \/>\n<meta property=\"og:url\" content=\"https:\/\/schwebach.de\/?p=386\" \/>\n<meta property=\"og:site_name\" content=\"SCHWEBACH Maler &amp; Lackierer\" \/>\n<meta property=\"article:publisher\" content=\"https:\/\/www.facebook.com\/schwebach.wohlfuehlmaler\" \/>\n<meta property=\"article:published_time\" content=\"2015-05-01T10:19:09+00:00\" \/>\n<meta property=\"article:modified_time\" content=\"2016-05-23T21:17:19+00:00\" \/>\n<meta property=\"og:image\" content=\"https:\/\/schwebach.de\/wp-content\/uploads\/2016\/04\/t_Conze_Bjoern.jpg\" \/>\n\t<meta property=\"og:image:width\" content=\"350\" \/>\n\t<meta property=\"og:image:height\" content=\"525\" \/>\n\t<meta property=\"og:image:type\" content=\"image\/jpeg\" \/>\n<meta name=\"author\" content=\"Schwebach\" \/>\n<meta name=\"twitter:card\" content=\"summary_large_image\" \/>\n<meta name=\"twitter:label1\" content=\"Verfasst von\" \/>\n\t<meta name=\"twitter:data1\" content=\"Schwebach\" \/>\n<script type=\"application\/ld+json\" class=\"yoast-schema-graph\">{\"@context\":\"https:\\\/\\\/schema.org\",\"@graph\":[{\"@type\":\"Article\",\"@id\":\"https:\\\/\\\/schwebach.de\\\/?p=386#article\",\"isPartOf\":{\"@id\":\"https:\\\/\\\/schwebach.de\\\/?p=386\"},\"author\":{\"name\":\"Schwebach\",\"@id\":\"https:\\\/\\\/schwebach.de\\\/#\\\/schema\\\/person\\\/d00f441195aff8fe4987add5febad44d\"},\"headline\":\"Verst\u00e4rkung f\u00fcr das Schwebach-Team\",\"datePublished\":\"2015-05-01T10:19:09+00:00\",\"dateModified\":\"2016-05-23T21:17:19+00:00\",\"mainEntityOfPage\":{\"@id\":\"https:\\\/\\\/schwebach.de\\\/?p=386\"},\"wordCount\":67,\"commentCount\":0,\"publisher\":{\"@id\":\"https:\\\/\\\/schwebach.de\\\/#organization\"},\"image\":{\"@id\":\"https:\\\/\\\/schwebach.de\\\/?p=386#primaryimage\"},\"thumbnailUrl\":\"https:\\\/\\\/schwebach.de\\\/wp-content\\\/uploads\\\/2016\\\/04\\\/t_Conze_Bjoern.jpg\",\"articleSection\":[\"Team\"],\"inLanguage\":\"de\",\"potentialAction\":[{\"@type\":\"CommentAction\",\"name\":\"Comment\",\"target\":[\"https:\\\/\\\/schwebach.de\\\/?p=386#respond\"]}]},{\"@type\":\"WebPage\",\"@id\":\"https:\\\/\\\/schwebach.de\\\/?p=386\",\"url\":\"https:\\\/\\\/schwebach.de\\\/?p=386\",\"name\":\"Verst\u00e4rkung f\u00fcr das Team der SCHWEBACH Maler & Lackierer\",\"isPartOf\":{\"@id\":\"https:\\\/\\\/schwebach.de\\\/#website\"},\"primaryImageOfPage\":{\"@id\":\"https:\\\/\\\/schwebach.de\\\/?p=386#primaryimage\"},\"image\":{\"@id\":\"https:\\\/\\\/schwebach.de\\\/?p=386#primaryimage\"},\"thumbnailUrl\":\"https:\\\/\\\/schwebach.de\\\/wp-content\\\/uploads\\\/2016\\\/04\\\/t_Conze_Bjoern.jpg\",\"datePublished\":\"2015-05-01T10:19:09+00:00\",\"dateModified\":\"2016-05-23T21:17:19+00:00\",\"breadcrumb\":{\"@id\":\"https:\\\/\\\/schwebach.de\\\/?p=386#breadcrumb\"},\"inLanguage\":\"de\",\"potentialAction\":[{\"@type\":\"ReadAction\",\"target\":[\"https:\\\/\\\/schwebach.de\\\/?p=386\"]}]},{\"@type\":\"ImageObject\",\"inLanguage\":\"de\",\"@id\":\"https:\\\/\\\/schwebach.de\\\/?p=386#primaryimage\",\"url\":\"https:\\\/\\\/schwebach.de\\\/wp-content\\\/uploads\\\/2016\\\/04\\\/t_Conze_Bjoern.jpg\",\"contentUrl\":\"https:\\\/\\\/schwebach.de\\\/wp-content\\\/uploads\\\/2016\\\/04\\\/t_Conze_Bjoern.jpg\",\"width\":350,\"height\":525,\"caption\":\"Bj\u00f6rn Conze\"},{\"@type\":\"BreadcrumbList\",\"@id\":\"https:\\\/\\\/schwebach.de\\\/?p=386#breadcrumb\",\"itemListElement\":[{\"@type\":\"ListItem\",\"position\":1,\"name\":\"Startseite\",\"item\":\"https:\\\/\\\/schwebach.de\\\/\"},{\"@type\":\"ListItem\",\"position\":2,\"name\":\"Verst\u00e4rkung f\u00fcr das Schwebach-Team\"}]},{\"@type\":\"WebSite\",\"@id\":\"https:\\\/\\\/schwebach.de\\\/#website\",\"url\":\"https:\\\/\\\/schwebach.de\\\/\",\"name\":\"SCHWEBACH Maler &amp; Lackierer\",\"description\":\"Ihr Wohlf\u00fchlmaler aus Irsch\\\/Saar\",\"publisher\":{\"@id\":\"https:\\\/\\\/schwebach.de\\\/#organization\"},\"potentialAction\":[{\"@type\":\"SearchAction\",\"target\":{\"@type\":\"EntryPoint\",\"urlTemplate\":\"https:\\\/\\\/schwebach.de\\\/?s={search_term_string}\"},\"query-input\":{\"@type\":\"PropertyValueSpecification\",\"valueRequired\":true,\"valueName\":\"search_term_string\"}}],\"inLanguage\":\"de\"},{\"@type\":\"Organization\",\"@id\":\"https:\\\/\\\/schwebach.de\\\/#organization\",\"name\":\"Schwebach Maler & Lackierer GmbH\",\"url\":\"https:\\\/\\\/schwebach.de\\\/\",\"logo\":{\"@type\":\"ImageObject\",\"inLanguage\":\"de\",\"@id\":\"https:\\\/\\\/schwebach.de\\\/#\\\/schema\\\/logo\\\/image\\\/\",\"url\":\"https:\\\/\\\/schwebach.de\\\/wp-content\\\/uploads\\\/2016\\\/04\\\/butterfly.png\",\"contentUrl\":\"https:\\\/\\\/schwebach.de\\\/wp-content\\\/uploads\\\/2016\\\/04\\\/butterfly.png\",\"width\":463,\"height\":310,\"caption\":\"Schwebach Maler & Lackierer GmbH\"},\"image\":{\"@id\":\"https:\\\/\\\/schwebach.de\\\/#\\\/schema\\\/logo\\\/image\\\/\"},\"sameAs\":[\"https:\\\/\\\/www.facebook.com\\\/schwebach.wohlfuehlmaler\",\"https:\\\/\\\/www.youtube.com\\\/user\\\/Wohlfuehlmaler\"]},{\"@type\":\"Person\",\"@id\":\"https:\\\/\\\/schwebach.de\\\/#\\\/schema\\\/person\\\/d00f441195aff8fe4987add5febad44d\",\"name\":\"Schwebach\",\"image\":{\"@type\":\"ImageObject\",\"inLanguage\":\"de\",\"@id\":\"https:\\\/\\\/secure.gravatar.com\\\/avatar\\\/34291dd68034cb7317838ad1f4c39bc27d010389fac30629b636c5776ac49376?s=96&d=mm&r=g\",\"url\":\"https:\\\/\\\/secure.gravatar.com\\\/avatar\\\/34291dd68034cb7317838ad1f4c39bc27d010389fac30629b636c5776ac49376?s=96&d=mm&r=g\",\"contentUrl\":\"https:\\\/\\\/secure.gravatar.com\\\/avatar\\\/34291dd68034cb7317838ad1f4c39bc27d010389fac30629b636c5776ac49376?s=96&d=mm&r=g\",\"caption\":\"Schwebach\"},\"url\":\"https:\\\/\\\/schwebach.de\\\/?author=1\"}]}<\/script>\n<!-- \/ Yoast SEO plugin. -->","yoast_head_json":{"title":"Verst\u00e4rkung f\u00fcr das Team der SCHWEBACH Maler & Lackierer","robots":{"index":"index","follow":"follow","max-snippet":"max-snippet:-1","max-image-preview":"max-image-preview:large","max-video-preview":"max-video-preview:-1"},"canonical":"https:\/\/schwebach.de\/?p=386","og_locale":"de_DE","og_type":"article","og_title":"Verst\u00e4rkung f\u00fcr das Team der SCHWEBACH Maler & Lackierer","og_description":"Schon seit einiger Zeit hatten wir nach Verst\u00e4rkung f\u00fcr das Schwebach-Team gesucht. Nun hat es auch endlich geklappt. Seit dem 1. Mai 2015 hat unser Team Verst\u00e4rkung bekommen. Neu im Team ist Bj\u00f6rn Conze. Er ist Malergeselle und Restaurateur. Herzlich","og_url":"https:\/\/schwebach.de\/?p=386","og_site_name":"SCHWEBACH Maler &amp; Lackierer","article_publisher":"https:\/\/www.facebook.com\/schwebach.wohlfuehlmaler","article_published_time":"2015-05-01T10:19:09+00:00","article_modified_time":"2016-05-23T21:17:19+00:00","og_image":[{"width":350,"height":525,"url":"https:\/\/schwebach.de\/wp-content\/uploads\/2016\/04\/t_Conze_Bjoern.jpg","type":"image\/jpeg"}],"author":"Schwebach","twitter_card":"summary_large_image","twitter_misc":{"Verfasst von":"Schwebach"},"schema":{"@context":"https:\/\/schema.org","@graph":[{"@type":"Article","@id":"https:\/\/schwebach.de\/?p=386#article","isPartOf":{"@id":"https:\/\/schwebach.de\/?p=386"},"author":{"name":"Schwebach","@id":"https:\/\/schwebach.de\/#\/schema\/person\/d00f441195aff8fe4987add5febad44d"},"headline":"Verst\u00e4rkung f\u00fcr das Schwebach-Team","datePublished":"2015-05-01T10:19:09+00:00","dateModified":"2016-05-23T21:17:19+00:00","mainEntityOfPage":{"@id":"https:\/\/schwebach.de\/?p=386"},"wordCount":67,"commentCount":0,"publisher":{"@id":"https:\/\/schwebach.de\/#organization"},"image":{"@id":"https:\/\/schwebach.de\/?p=386#primaryimage"},"thumbnailUrl":"https:\/\/schwebach.de\/wp-content\/uploads\/2016\/04\/t_Conze_Bjoern.jpg","articleSection":["Team"],"inLanguage":"de","potentialAction":[{"@type":"CommentAction","name":"Comment","target":["https:\/\/schwebach.de\/?p=386#respond"]}]},{"@type":"WebPage","@id":"https:\/\/schwebach.de\/?p=386","url":"https:\/\/schwebach.de\/?p=386","name":"Verst\u00e4rkung f\u00fcr das Team der SCHWEBACH Maler & Lackierer","isPartOf":{"@id":"https:\/\/schwebach.de\/#website"},"primaryImageOfPage":{"@id":"https:\/\/schwebach.de\/?p=386#primaryimage"},"image":{"@id":"https:\/\/schwebach.de\/?p=386#primaryimage"},"thumbnailUrl":"https:\/\/schwebach.de\/wp-content\/uploads\/2016\/04\/t_Conze_Bjoern.jpg","datePublished":"2015-05-01T10:19:09+00:00","dateModified":"2016-05-23T21:17:19+00:00","breadcrumb":{"@id":"https:\/\/schwebach.de\/?p=386#breadcrumb"},"inLanguage":"de","potentialAction":[{"@type":"ReadAction","target":["https:\/\/schwebach.de\/?p=386"]}]},{"@type":"ImageObject","inLanguage":"de","@id":"https:\/\/schwebach.de\/?p=386#primaryimage","url":"https:\/\/schwebach.de\/wp-content\/uploads\/2016\/04\/t_Conze_Bjoern.jpg","contentUrl":"https:\/\/schwebach.de\/wp-content\/uploads\/2016\/04\/t_Conze_Bjoern.jpg","width":350,"height":525,"caption":"Bj\u00f6rn Conze"},{"@type":"BreadcrumbList","@id":"https:\/\/schwebach.de\/?p=386#breadcrumb","itemListElement":[{"@type":"ListItem","position":1,"name":"Startseite","item":"https:\/\/schwebach.de\/"},{"@type":"ListItem","position":2,"name":"Verst\u00e4rkung f\u00fcr das Schwebach-Team"}]},{"@type":"WebSite","@id":"https:\/\/schwebach.de\/#website","url":"https:\/\/schwebach.de\/","name":"SCHWEBACH Maler &amp; Lackierer","description":"Ihr Wohlf\u00fchlmaler aus Irsch\/Saar","publisher":{"@id":"https:\/\/schwebach.de\/#organization"},"potentialAction":[{"@type":"SearchAction","target":{"@type":"EntryPoint","urlTemplate":"https:\/\/schwebach.de\/?s={search_term_string}"},"query-input":{"@type":"PropertyValueSpecification","valueRequired":true,"valueName":"search_term_string"}}],"inLanguage":"de"},{"@type":"Organization","@id":"https:\/\/schwebach.de\/#organization","name":"Schwebach Maler & Lackierer GmbH","url":"https:\/\/schwebach.de\/","logo":{"@type":"ImageObject","inLanguage":"de","@id":"https:\/\/schwebach.de\/#\/schema\/logo\/image\/","url":"https:\/\/schwebach.de\/wp-content\/uploads\/2016\/04\/butterfly.png","contentUrl":"https:\/\/schwebach.de\/wp-content\/uploads\/2016\/04\/butterfly.png","width":463,"height":310,"caption":"Schwebach Maler & Lackierer GmbH"},"image":{"@id":"https:\/\/schwebach.de\/#\/schema\/logo\/image\/"},"sameAs":["https:\/\/www.facebook.com\/schwebach.wohlfuehlmaler","https:\/\/www.youtube.com\/user\/Wohlfuehlmaler"]},{"@type":"Person","@id":"https:\/\/schwebach.de\/#\/schema\/person\/d00f441195aff8fe4987add5febad44d","name":"Schwebach","image":{"@type":"ImageObject","inLanguage":"de","@id":"https:\/\/secure.gravatar.com\/avatar\/34291dd68034cb7317838ad1f4c39bc27d010389fac30629b636c5776ac49376?s=96&d=mm&r=g","url":"https:\/\/secure.gravatar.com\/avatar\/34291dd68034cb7317838ad1f4c39bc27d010389fac30629b636c5776ac49376?s=96&d=mm&r=g","contentUrl":"https:\/\/secure.gravatar.com\/avatar\/34291dd68034cb7317838ad1f4c39bc27d010389fac30629b636c5776ac49376?s=96&d=mm&r=g","caption":"Schwebach"},"url":"https:\/\/schwebach.de\/?author=1"}]}},"_links":{"self":[{"href":"https:\/\/schwebach.de\/index.php?rest_route=\/wp\/v2\/posts\/386","targetHints":{"allow":["GET"]}}],"collection":[{"href":"https:\/\/schwebach.de\/index.php?rest_route=\/wp\/v2\/posts"}],"about":[{"href":"https:\/\/schwebach.de\/index.php?rest_route=\/wp\/v2\/types\/post"}],"author":[{"embeddable":true,"href":"https:\/\/schwebach.de\/index.php?rest_route=\/wp\/v2\/users\/1"}],"replies":[{"embeddable":true,"href":"https:\/\/schwebach.de\/index.php?rest_route=%2Fwp%2Fv2%2Fcomments&post=386"}],"version-history":[{"count":2,"href":"https:\/\/schwebach.de\/index.php?rest_route=\/wp\/v2\/posts\/386\/revisions"}],"predecessor-version":[{"id":928,"href":"https:\/\/schwebach.de\/index.php?rest_route=\/wp\/v2\/posts\/386\/revisions\/928"}],"wp:featuredmedia":[{"embeddable":true,"href":"https:\/\/schwebach.de\/index.php?rest_route=\/wp\/v2\/media\/302"}],"wp:attachment":[{"href":"https:\/\/schwebach.de\/index.php?rest_route=%2Fwp%2Fv2%2Fmedia&parent=386"}],"wp:term":[{"taxonomy":"category","embeddable":true,"href":"https:\/\/schwebach.de\/index.php?rest_route=%2Fwp%2Fv2%2Fcategories&post=386"},{"taxonomy":"post_tag","embeddable":true,"href":"https:\/\/schwebach.de\/index.php?rest_route=%2Fwp%2Fv2%2Ftags&post=386"}],"curies":[{"name":"wp","href":"https:\/\/api.w.org\/{rel}","templated":true}]}}