{"id":3476,"date":"2021-06-25T16:07:37","date_gmt":"2021-06-25T14:07:37","guid":{"rendered":"https:\/\/schwebach.de\/?p=3476"},"modified":"2021-07-07T16:19:48","modified_gmt":"2021-07-07T14:19:48","slug":"farbmischanlage","status":"publish","type":"post","link":"https:\/\/schwebach.de\/?p=3476","title":{"rendered":"Unsere neue Farbmischanlage"},"content":{"rendered":"<div id=\"pl-3476\"  class=\"panel-layout\" ><div id=\"pg-3476-0\"  class=\"panel-grid panel-no-style\" ><div id=\"pgc-3476-0-0\"  class=\"panel-grid-cell\" ><div id=\"panel-3476-0-0-0\" class=\"so-panel widget widget_sow-editor panel-first-child panel-last-child\" data-index=\"0\" ><div\n\t\t\t\n\t\t\tclass=\"so-widget-sow-editor so-widget-sow-editor-base\"\n\t\t\t\n\t\t>\n<div class=\"siteorigin-widget-tinymce textwidget\">\n\t<h2>Lust auf Farbe? Aber ganz genau!<\/h2>\n<p>Eine Farbe zu mischen, das klingt ganz banal, dabei ist dies eine \u00e4u\u00dferst pr\u00e4zise Aufgabe, denn unser Auge kann minimale Farbunterschiede schon erkennen.<br \/>\nDaher ist es wichtig eine Farbe im exakten Mischungsverh\u00e4ltnis zu erstellen und dabei auf eine maximale Homogenit\u00e4t zu achten.<\/p>\n<p>Mit unserer neuen Mischanlage ist genau das gew\u00e4hrleistet. Hier wird der Farbton aus den unterschiedlichen Grundfarben computergest\u00fctzt ermittelt, dosiert und dann auch perfekt durchmischt.<\/p>\n<p>Bezogen haben wir die Anlage \u00fcber das <a href=\"https:\/\/www.sto.de\/s\/LocationDetails\/0012p00003EGQTRAA5\/sto-vc-trier-verkaufscenter\" target=\"_blank\" rel=\"noopener\">STO Verkaufscenter in Trier Schweich<\/a>.<\/p>\n<figure id=\"attachment_3478\" aria-describedby=\"caption-attachment-3478\" style=\"width: 750px\" class=\"wp-caption alignnone\"><img loading=\"lazy\" decoding=\"async\" class=\"size-large wp-image-3478\" src=\"https:\/\/schwebach.de\/wp-content\/uploads\/2021\/07\/bb0bc3d5-e915-4bcb-b20d-83edde5a3dbb-768x1024.jpg\" alt=\"Farbmischanlage\" width=\"750\" height=\"1000\" srcset=\"https:\/\/schwebach.de\/wp-content\/uploads\/2021\/07\/bb0bc3d5-e915-4bcb-b20d-83edde5a3dbb-768x1024.jpg 768w, https:\/\/schwebach.de\/wp-content\/uploads\/2021\/07\/bb0bc3d5-e915-4bcb-b20d-83edde5a3dbb-225x300.jpg 225w, https:\/\/schwebach.de\/wp-content\/uploads\/2021\/07\/bb0bc3d5-e915-4bcb-b20d-83edde5a3dbb-1152x1536.jpg 1152w, https:\/\/schwebach.de\/wp-content\/uploads\/2021\/07\/bb0bc3d5-e915-4bcb-b20d-83edde5a3dbb.jpg 1200w\" sizes=\"auto, (max-width: 750px) 100vw, 750px\" \/><figcaption id=\"caption-attachment-3478\" class=\"wp-caption-text\">Farbmischanlage<\/figcaption><\/figure>\n<\/div>\n<\/div><\/div><\/div><\/div><\/div>","protected":false},"excerpt":{"rendered":"<p>Lust auf Farbe? Aber ganz genau! Eine Farbe zu mischen, das klingt ganz banal, dabei ist dies eine \u00e4u\u00dferst pr\u00e4zise Aufgabe, denn unser Auge kann minimale Farbunterschiede schon erkennen. Daher ist es wichtig eine Farbe im exakten Mischungsverh\u00e4ltnis zu erstellen<\/p>\n","protected":false},"author":1,"featured_media":3477,"comment_status":"open","ping_status":"open","sticky":false,"template":"","format":"standard","meta":{"footnotes":""},"categories":[53],"tags":[],"class_list":["post-3476","post","type-post","status-publish","format-standard","has-post-thumbnail","hentry","category-ausruestung"],"yoast_head":"<!-- This site is optimized with the Yoast SEO plugin v27.4 - https:\/\/yoast.com\/product\/yoast-seo-wordpress\/ -->\n<title>Unsere neue Farbmischanlage - SCHWEBACH Maler &amp; Lackierer<\/title>\n<meta name=\"description\" content=\"Die Qualit\u00e4t der Wandfarbe h\u00e4ngt nicht zuletzt von der genauen Dosierung und der homogenen Durchmischung durch unsere STO Farbmischanlage ab.\" \/>\n<meta name=\"robots\" content=\"index, follow, max-snippet:-1, max-image-preview:large, max-video-preview:-1\" \/>\n<link rel=\"canonical\" href=\"https:\/\/schwebach.de\/?p=3476\" \/>\n<meta property=\"og:locale\" content=\"de_DE\" \/>\n<meta property=\"og:type\" content=\"article\" \/>\n<meta property=\"og:title\" content=\"Unsere neue Farbmischanlage - SCHWEBACH Maler &amp; Lackierer\" \/>\n<meta property=\"og:description\" content=\"Die Qualit\u00e4t der Wandfarbe h\u00e4ngt nicht zuletzt von der genauen Dosierung und der homogenen Durchmischung durch unsere STO Farbmischanlage ab.\" \/>\n<meta property=\"og:url\" content=\"https:\/\/schwebach.de\/?p=3476\" \/>\n<meta property=\"og:site_name\" content=\"SCHWEBACH Maler &amp; Lackierer\" \/>\n<meta property=\"article:publisher\" content=\"https:\/\/www.facebook.com\/schwebach.wohlfuehlmaler\" \/>\n<meta property=\"article:published_time\" content=\"2021-06-25T14:07:37+00:00\" \/>\n<meta property=\"article:modified_time\" content=\"2021-07-07T14:19:48+00:00\" \/>\n<meta property=\"og:image\" content=\"https:\/\/schwebach.de\/wp-content\/uploads\/2021\/07\/f7c00ce4-1b11-4bcc-8c23-6d15139c3e02.jpg\" \/>\n\t<meta property=\"og:image:width\" content=\"1600\" \/>\n\t<meta property=\"og:image:height\" content=\"1200\" \/>\n\t<meta property=\"og:image:type\" content=\"image\/jpeg\" \/>\n<meta name=\"author\" content=\"Schwebach\" \/>\n<meta name=\"twitter:card\" content=\"summary_large_image\" \/>\n<meta name=\"twitter:label1\" content=\"Verfasst von\" \/>\n\t<meta name=\"twitter:data1\" content=\"Schwebach\" \/>\n\t<meta name=\"twitter:label2\" content=\"Gesch\u00e4tzte Lesezeit\" \/>\n\t<meta name=\"twitter:data2\" content=\"1\u00a0Minute\" \/>\n<script type=\"application\/ld+json\" class=\"yoast-schema-graph\">{\"@context\":\"https:\\\/\\\/schema.org\",\"@graph\":[{\"@type\":\"Article\",\"@id\":\"https:\\\/\\\/schwebach.de\\\/?p=3476#article\",\"isPartOf\":{\"@id\":\"https:\\\/\\\/schwebach.de\\\/?p=3476\"},\"author\":{\"name\":\"Schwebach\",\"@id\":\"https:\\\/\\\/schwebach.de\\\/#\\\/schema\\\/person\\\/d00f441195aff8fe4987add5febad44d\"},\"headline\":\"Unsere neue Farbmischanlage\",\"datePublished\":\"2021-06-25T14:07:37+00:00\",\"dateModified\":\"2021-07-07T14:19:48+00:00\",\"mainEntityOfPage\":{\"@id\":\"https:\\\/\\\/schwebach.de\\\/?p=3476\"},\"wordCount\":101,\"commentCount\":0,\"publisher\":{\"@id\":\"https:\\\/\\\/schwebach.de\\\/#organization\"},\"image\":{\"@id\":\"https:\\\/\\\/schwebach.de\\\/?p=3476#primaryimage\"},\"thumbnailUrl\":\"https:\\\/\\\/schwebach.de\\\/wp-content\\\/uploads\\\/2021\\\/07\\\/f7c00ce4-1b11-4bcc-8c23-6d15139c3e02.jpg\",\"articleSection\":[\"Ausr\u00fcstung\"],\"inLanguage\":\"de\",\"potentialAction\":[{\"@type\":\"CommentAction\",\"name\":\"Comment\",\"target\":[\"https:\\\/\\\/schwebach.de\\\/?p=3476#respond\"]}]},{\"@type\":\"WebPage\",\"@id\":\"https:\\\/\\\/schwebach.de\\\/?p=3476\",\"url\":\"https:\\\/\\\/schwebach.de\\\/?p=3476\",\"name\":\"Unsere neue Farbmischanlage - SCHWEBACH Maler &amp; Lackierer\",\"isPartOf\":{\"@id\":\"https:\\\/\\\/schwebach.de\\\/#website\"},\"primaryImageOfPage\":{\"@id\":\"https:\\\/\\\/schwebach.de\\\/?p=3476#primaryimage\"},\"image\":{\"@id\":\"https:\\\/\\\/schwebach.de\\\/?p=3476#primaryimage\"},\"thumbnailUrl\":\"https:\\\/\\\/schwebach.de\\\/wp-content\\\/uploads\\\/2021\\\/07\\\/f7c00ce4-1b11-4bcc-8c23-6d15139c3e02.jpg\",\"datePublished\":\"2021-06-25T14:07:37+00:00\",\"dateModified\":\"2021-07-07T14:19:48+00:00\",\"description\":\"Die Qualit\u00e4t der Wandfarbe h\u00e4ngt nicht zuletzt von der genauen Dosierung und der homogenen Durchmischung durch unsere STO Farbmischanlage ab.\",\"breadcrumb\":{\"@id\":\"https:\\\/\\\/schwebach.de\\\/?p=3476#breadcrumb\"},\"inLanguage\":\"de\",\"potentialAction\":[{\"@type\":\"ReadAction\",\"target\":[\"https:\\\/\\\/schwebach.de\\\/?p=3476\"]}]},{\"@type\":\"ImageObject\",\"inLanguage\":\"de\",\"@id\":\"https:\\\/\\\/schwebach.de\\\/?p=3476#primaryimage\",\"url\":\"https:\\\/\\\/schwebach.de\\\/wp-content\\\/uploads\\\/2021\\\/07\\\/f7c00ce4-1b11-4bcc-8c23-6d15139c3e02.jpg\",\"contentUrl\":\"https:\\\/\\\/schwebach.de\\\/wp-content\\\/uploads\\\/2021\\\/07\\\/f7c00ce4-1b11-4bcc-8c23-6d15139c3e02.jpg\",\"width\":1600,\"height\":1200,\"caption\":\"Farbmischanlage\"},{\"@type\":\"BreadcrumbList\",\"@id\":\"https:\\\/\\\/schwebach.de\\\/?p=3476#breadcrumb\",\"itemListElement\":[{\"@type\":\"ListItem\",\"position\":1,\"name\":\"Startseite\",\"item\":\"https:\\\/\\\/schwebach.de\\\/\"},{\"@type\":\"ListItem\",\"position\":2,\"name\":\"Unsere neue Farbmischanlage\"}]},{\"@type\":\"WebSite\",\"@id\":\"https:\\\/\\\/schwebach.de\\\/#website\",\"url\":\"https:\\\/\\\/schwebach.de\\\/\",\"name\":\"SCHWEBACH Maler &amp; Lackierer\",\"description\":\"Ihr Wohlf\u00fchlmaler aus Irsch\\\/Saar\",\"publisher\":{\"@id\":\"https:\\\/\\\/schwebach.de\\\/#organization\"},\"potentialAction\":[{\"@type\":\"SearchAction\",\"target\":{\"@type\":\"EntryPoint\",\"urlTemplate\":\"https:\\\/\\\/schwebach.de\\\/?s={search_term_string}\"},\"query-input\":{\"@type\":\"PropertyValueSpecification\",\"valueRequired\":true,\"valueName\":\"search_term_string\"}}],\"inLanguage\":\"de\"},{\"@type\":\"Organization\",\"@id\":\"https:\\\/\\\/schwebach.de\\\/#organization\",\"name\":\"Schwebach Maler & Lackierer GmbH\",\"url\":\"https:\\\/\\\/schwebach.de\\\/\",\"logo\":{\"@type\":\"ImageObject\",\"inLanguage\":\"de\",\"@id\":\"https:\\\/\\\/schwebach.de\\\/#\\\/schema\\\/logo\\\/image\\\/\",\"url\":\"https:\\\/\\\/schwebach.de\\\/wp-content\\\/uploads\\\/2016\\\/04\\\/butterfly.png\",\"contentUrl\":\"https:\\\/\\\/schwebach.de\\\/wp-content\\\/uploads\\\/2016\\\/04\\\/butterfly.png\",\"width\":463,\"height\":310,\"caption\":\"Schwebach Maler & Lackierer GmbH\"},\"image\":{\"@id\":\"https:\\\/\\\/schwebach.de\\\/#\\\/schema\\\/logo\\\/image\\\/\"},\"sameAs\":[\"https:\\\/\\\/www.facebook.com\\\/schwebach.wohlfuehlmaler\",\"https:\\\/\\\/www.youtube.com\\\/user\\\/Wohlfuehlmaler\"]},{\"@type\":\"Person\",\"@id\":\"https:\\\/\\\/schwebach.de\\\/#\\\/schema\\\/person\\\/d00f441195aff8fe4987add5febad44d\",\"name\":\"Schwebach\",\"image\":{\"@type\":\"ImageObject\",\"inLanguage\":\"de\",\"@id\":\"https:\\\/\\\/secure.gravatar.com\\\/avatar\\\/34291dd68034cb7317838ad1f4c39bc27d010389fac30629b636c5776ac49376?s=96&d=mm&r=g\",\"url\":\"https:\\\/\\\/secure.gravatar.com\\\/avatar\\\/34291dd68034cb7317838ad1f4c39bc27d010389fac30629b636c5776ac49376?s=96&d=mm&r=g\",\"contentUrl\":\"https:\\\/\\\/secure.gravatar.com\\\/avatar\\\/34291dd68034cb7317838ad1f4c39bc27d010389fac30629b636c5776ac49376?s=96&d=mm&r=g\",\"caption\":\"Schwebach\"},\"url\":\"https:\\\/\\\/schwebach.de\\\/?author=1\"}]}<\/script>\n<!-- \/ Yoast SEO plugin. -->","yoast_head_json":{"title":"Unsere neue Farbmischanlage - SCHWEBACH Maler &amp; Lackierer","description":"Die Qualit\u00e4t der Wandfarbe h\u00e4ngt nicht zuletzt von der genauen Dosierung und der homogenen Durchmischung durch unsere STO Farbmischanlage ab.","robots":{"index":"index","follow":"follow","max-snippet":"max-snippet:-1","max-image-preview":"max-image-preview:large","max-video-preview":"max-video-preview:-1"},"canonical":"https:\/\/schwebach.de\/?p=3476","og_locale":"de_DE","og_type":"article","og_title":"Unsere neue Farbmischanlage - SCHWEBACH Maler &amp; Lackierer","og_description":"Die Qualit\u00e4t der Wandfarbe h\u00e4ngt nicht zuletzt von der genauen Dosierung und der homogenen Durchmischung durch unsere STO Farbmischanlage ab.","og_url":"https:\/\/schwebach.de\/?p=3476","og_site_name":"SCHWEBACH Maler &amp; Lackierer","article_publisher":"https:\/\/www.facebook.com\/schwebach.wohlfuehlmaler","article_published_time":"2021-06-25T14:07:37+00:00","article_modified_time":"2021-07-07T14:19:48+00:00","og_image":[{"width":1600,"height":1200,"url":"https:\/\/schwebach.de\/wp-content\/uploads\/2021\/07\/f7c00ce4-1b11-4bcc-8c23-6d15139c3e02.jpg","type":"image\/jpeg"}],"author":"Schwebach","twitter_card":"summary_large_image","twitter_misc":{"Verfasst von":"Schwebach","Gesch\u00e4tzte Lesezeit":"1\u00a0Minute"},"schema":{"@context":"https:\/\/schema.org","@graph":[{"@type":"Article","@id":"https:\/\/schwebach.de\/?p=3476#article","isPartOf":{"@id":"https:\/\/schwebach.de\/?p=3476"},"author":{"name":"Schwebach","@id":"https:\/\/schwebach.de\/#\/schema\/person\/d00f441195aff8fe4987add5febad44d"},"headline":"Unsere neue Farbmischanlage","datePublished":"2021-06-25T14:07:37+00:00","dateModified":"2021-07-07T14:19:48+00:00","mainEntityOfPage":{"@id":"https:\/\/schwebach.de\/?p=3476"},"wordCount":101,"commentCount":0,"publisher":{"@id":"https:\/\/schwebach.de\/#organization"},"image":{"@id":"https:\/\/schwebach.de\/?p=3476#primaryimage"},"thumbnailUrl":"https:\/\/schwebach.de\/wp-content\/uploads\/2021\/07\/f7c00ce4-1b11-4bcc-8c23-6d15139c3e02.jpg","articleSection":["Ausr\u00fcstung"],"inLanguage":"de","potentialAction":[{"@type":"CommentAction","name":"Comment","target":["https:\/\/schwebach.de\/?p=3476#respond"]}]},{"@type":"WebPage","@id":"https:\/\/schwebach.de\/?p=3476","url":"https:\/\/schwebach.de\/?p=3476","name":"Unsere neue Farbmischanlage - SCHWEBACH Maler &amp; Lackierer","isPartOf":{"@id":"https:\/\/schwebach.de\/#website"},"primaryImageOfPage":{"@id":"https:\/\/schwebach.de\/?p=3476#primaryimage"},"image":{"@id":"https:\/\/schwebach.de\/?p=3476#primaryimage"},"thumbnailUrl":"https:\/\/schwebach.de\/wp-content\/uploads\/2021\/07\/f7c00ce4-1b11-4bcc-8c23-6d15139c3e02.jpg","datePublished":"2021-06-25T14:07:37+00:00","dateModified":"2021-07-07T14:19:48+00:00","description":"Die Qualit\u00e4t der Wandfarbe h\u00e4ngt nicht zuletzt von der genauen Dosierung und der homogenen Durchmischung durch unsere STO Farbmischanlage ab.","breadcrumb":{"@id":"https:\/\/schwebach.de\/?p=3476#breadcrumb"},"inLanguage":"de","potentialAction":[{"@type":"ReadAction","target":["https:\/\/schwebach.de\/?p=3476"]}]},{"@type":"ImageObject","inLanguage":"de","@id":"https:\/\/schwebach.de\/?p=3476#primaryimage","url":"https:\/\/schwebach.de\/wp-content\/uploads\/2021\/07\/f7c00ce4-1b11-4bcc-8c23-6d15139c3e02.jpg","contentUrl":"https:\/\/schwebach.de\/wp-content\/uploads\/2021\/07\/f7c00ce4-1b11-4bcc-8c23-6d15139c3e02.jpg","width":1600,"height":1200,"caption":"Farbmischanlage"},{"@type":"BreadcrumbList","@id":"https:\/\/schwebach.de\/?p=3476#breadcrumb","itemListElement":[{"@type":"ListItem","position":1,"name":"Startseite","item":"https:\/\/schwebach.de\/"},{"@type":"ListItem","position":2,"name":"Unsere neue Farbmischanlage"}]},{"@type":"WebSite","@id":"https:\/\/schwebach.de\/#website","url":"https:\/\/schwebach.de\/","name":"SCHWEBACH Maler &amp; Lackierer","description":"Ihr Wohlf\u00fchlmaler aus Irsch\/Saar","publisher":{"@id":"https:\/\/schwebach.de\/#organization"},"potentialAction":[{"@type":"SearchAction","target":{"@type":"EntryPoint","urlTemplate":"https:\/\/schwebach.de\/?s={search_term_string}"},"query-input":{"@type":"PropertyValueSpecification","valueRequired":true,"valueName":"search_term_string"}}],"inLanguage":"de"},{"@type":"Organization","@id":"https:\/\/schwebach.de\/#organization","name":"Schwebach Maler & Lackierer GmbH","url":"https:\/\/schwebach.de\/","logo":{"@type":"ImageObject","inLanguage":"de","@id":"https:\/\/schwebach.de\/#\/schema\/logo\/image\/","url":"https:\/\/schwebach.de\/wp-content\/uploads\/2016\/04\/butterfly.png","contentUrl":"https:\/\/schwebach.de\/wp-content\/uploads\/2016\/04\/butterfly.png","width":463,"height":310,"caption":"Schwebach Maler & Lackierer GmbH"},"image":{"@id":"https:\/\/schwebach.de\/#\/schema\/logo\/image\/"},"sameAs":["https:\/\/www.facebook.com\/schwebach.wohlfuehlmaler","https:\/\/www.youtube.com\/user\/Wohlfuehlmaler"]},{"@type":"Person","@id":"https:\/\/schwebach.de\/#\/schema\/person\/d00f441195aff8fe4987add5febad44d","name":"Schwebach","image":{"@type":"ImageObject","inLanguage":"de","@id":"https:\/\/secure.gravatar.com\/avatar\/34291dd68034cb7317838ad1f4c39bc27d010389fac30629b636c5776ac49376?s=96&d=mm&r=g","url":"https:\/\/secure.gravatar.com\/avatar\/34291dd68034cb7317838ad1f4c39bc27d010389fac30629b636c5776ac49376?s=96&d=mm&r=g","contentUrl":"https:\/\/secure.gravatar.com\/avatar\/34291dd68034cb7317838ad1f4c39bc27d010389fac30629b636c5776ac49376?s=96&d=mm&r=g","caption":"Schwebach"},"url":"https:\/\/schwebach.de\/?author=1"}]}},"_links":{"self":[{"href":"https:\/\/schwebach.de\/index.php?rest_route=\/wp\/v2\/posts\/3476","targetHints":{"allow":["GET"]}}],"collection":[{"href":"https:\/\/schwebach.de\/index.php?rest_route=\/wp\/v2\/posts"}],"about":[{"href":"https:\/\/schwebach.de\/index.php?rest_route=\/wp\/v2\/types\/post"}],"author":[{"embeddable":true,"href":"https:\/\/schwebach.de\/index.php?rest_route=\/wp\/v2\/users\/1"}],"replies":[{"embeddable":true,"href":"https:\/\/schwebach.de\/index.php?rest_route=%2Fwp%2Fv2%2Fcomments&post=3476"}],"version-history":[{"count":1,"href":"https:\/\/schwebach.de\/index.php?rest_route=\/wp\/v2\/posts\/3476\/revisions"}],"predecessor-version":[{"id":3479,"href":"https:\/\/schwebach.de\/index.php?rest_route=\/wp\/v2\/posts\/3476\/revisions\/3479"}],"wp:featuredmedia":[{"embeddable":true,"href":"https:\/\/schwebach.de\/index.php?rest_route=\/wp\/v2\/media\/3477"}],"wp:attachment":[{"href":"https:\/\/schwebach.de\/index.php?rest_route=%2Fwp%2Fv2%2Fmedia&parent=3476"}],"wp:term":[{"taxonomy":"category","embeddable":true,"href":"https:\/\/schwebach.de\/index.php?rest_route=%2Fwp%2Fv2%2Fcategories&post=3476"},{"taxonomy":"post_tag","embeddable":true,"href":"https:\/\/schwebach.de\/index.php?rest_route=%2Fwp%2Fv2%2Ftags&post=3476"}],"curies":[{"name":"wp","href":"https:\/\/api.w.org\/{rel}","templated":true}]}}