{"id":3469,"date":"2021-05-19T17:35:11","date_gmt":"2021-05-19T15:35:11","guid":{"rendered":"https:\/\/schwebach.de\/?p=3469"},"modified":"2021-05-19T17:36:05","modified_gmt":"2021-05-19T15:36:05","slug":"bauwagen","status":"publish","type":"post","link":"https:\/\/schwebach.de\/?p=3469","title":{"rendered":"Auch unser Bauwagen hat &#8222;Lust auf Farbe&#8220;"},"content":{"rendered":"<div id=\"pl-3469\"  class=\"panel-layout\" ><div id=\"pg-3469-0\"  class=\"panel-grid panel-no-style\" ><div id=\"pgc-3469-0-0\"  class=\"panel-grid-cell\" ><div id=\"panel-3469-0-0-0\" class=\"so-panel widget widget_sow-editor panel-first-child panel-last-child\" data-index=\"0\" ><div\n\t\t\t\n\t\t\tclass=\"so-widget-sow-editor so-widget-sow-editor-base\"\n\t\t\t\n\t\t>\n<div class=\"siteorigin-widget-tinymce textwidget\">\n\t<h2><img loading=\"lazy\" decoding=\"async\" class=\"size-large wp-image-3470 alignright\" src=\"https:\/\/schwebach.de\/wp-content\/uploads\/2021\/05\/Bauwagen1-1024x768.jpg\" alt=\"Bauwagen\" width=\"750\" height=\"563\" srcset=\"https:\/\/schwebach.de\/wp-content\/uploads\/2021\/05\/Bauwagen1-1024x768.jpg 1024w, https:\/\/schwebach.de\/wp-content\/uploads\/2021\/05\/Bauwagen1-300x225.jpg 300w, https:\/\/schwebach.de\/wp-content\/uploads\/2021\/05\/Bauwagen1-768x576.jpg 768w, https:\/\/schwebach.de\/wp-content\/uploads\/2021\/05\/Bauwagen1-1536x1152.jpg 1536w, https:\/\/schwebach.de\/wp-content\/uploads\/2021\/05\/Bauwagen1.jpg 1600w\" sizes=\"auto, (max-width: 750px) 100vw, 750px\" \/>Der Bauwagen - Unser Hotel \"4-Jahreszeiten\"<\/h2>\n<p>Mit unserem Bauwagen bieten sich viele M\u00f6glichkeiten, um eine Baustelle besser bedienen zu k\u00f6nnen. Allerdings fehlte dem Bauwagen noch eine wichtige Sache: Farbe.<\/p>\n<p>Auch ein Bauwagen darf lebendige Farben haben. Das haben wir entsprechend umgesetzt und ihm so eine individuelle Note verliehen.<\/p>\n<p>Als Malerbetrieb ist \"Lust auf Farbe\" ein Firmenmotto, denn Farben sind nicht nur sch\u00f6n, sondern sie wirken sich auch auf unsere Psyche und unser Wohlbefinden aus. Wir haben uns entschieden, den Bauwagen von allen Seiten gro\u00dffl\u00e4chig zu bekleben und hatten dabei an die 4 Jahreszeiten gedacht, denn unser Bauwagen ist ja auch zu allen Jahreszeiten im Einsatz.<\/p>\n<p>Dabei ist es schon ganz sch\u00f6n knifflig, gr\u00f6\u00dfere Fl\u00e4chen blasenfrei aufzukleben und die 4 Jahreszeiten hatten wir jetzt auch innerhalb einer Stunde w\u00e4hrend der Klebearbeiten.<\/p>\n<p>Mit dem Ergebnis sind wir aber sehr zufrieden und k\u00f6nnen frei nach Barbara sagen: \"Das Kleben ist sch\u00f6n!\"<\/p>\n<p><img loading=\"lazy\" decoding=\"async\" class=\"alignnone size-large wp-image-3471\" src=\"https:\/\/schwebach.de\/wp-content\/uploads\/2021\/05\/Bauwagen2-768x1024.jpg\" alt=\"Unser Bauwagen\" width=\"750\" height=\"1000\" srcset=\"https:\/\/schwebach.de\/wp-content\/uploads\/2021\/05\/Bauwagen2-768x1024.jpg 768w, https:\/\/schwebach.de\/wp-content\/uploads\/2021\/05\/Bauwagen2-225x300.jpg 225w, https:\/\/schwebach.de\/wp-content\/uploads\/2021\/05\/Bauwagen2-1152x1536.jpg 1152w, https:\/\/schwebach.de\/wp-content\/uploads\/2021\/05\/Bauwagen2.jpg 1200w\" sizes=\"auto, (max-width: 750px) 100vw, 750px\" \/><\/p>\n<\/div>\n<\/div><\/div><\/div><\/div><\/div>","protected":false},"excerpt":{"rendered":"<p>Der Bauwagen &#8211; Unser Hotel &#8222;4-Jahreszeiten&#8220; Mit unserem Bauwagen bieten sich viele M\u00f6glichkeiten, um eine Baustelle besser bedienen zu k\u00f6nnen. Allerdings fehlte dem Bauwagen noch eine wichtige Sache: Farbe. Auch ein Bauwagen darf lebendige Farben haben. Das haben wir entsprechend<\/p>\n","protected":false},"author":1,"featured_media":3471,"comment_status":"open","ping_status":"open","sticky":false,"template":"","format":"standard","meta":{"footnotes":""},"categories":[53],"tags":[],"class_list":["post-3469","post","type-post","status-publish","format-standard","has-post-thumbnail","hentry","category-ausruestung"],"yoast_head":"<!-- This site is optimized with the Yoast SEO plugin v27.4 - https:\/\/yoast.com\/product\/yoast-seo-wordpress\/ -->\n<title>Frische Farben nun auch f\u00fcr den Schwebach Bauwagen<\/title>\n<meta name=\"description\" content=\"Auch ein Bauwagen darf lebendige Farben haben. Das haben wir entsprechend umgesetzt und ihm so eine individuelle Note verliehen.\" \/>\n<meta name=\"robots\" content=\"index, follow, max-snippet:-1, max-image-preview:large, max-video-preview:-1\" \/>\n<link rel=\"canonical\" href=\"https:\/\/schwebach.de\/?p=3469\" \/>\n<meta property=\"og:locale\" content=\"de_DE\" \/>\n<meta property=\"og:type\" content=\"article\" \/>\n<meta property=\"og:title\" content=\"Frische Farben nun auch f\u00fcr den Schwebach Bauwagen\" \/>\n<meta property=\"og:description\" content=\"Auch ein Bauwagen darf lebendige Farben haben. Das haben wir entsprechend umgesetzt und ihm so eine individuelle Note verliehen.\" \/>\n<meta property=\"og:url\" content=\"https:\/\/schwebach.de\/?p=3469\" \/>\n<meta property=\"og:site_name\" content=\"SCHWEBACH Maler &amp; Lackierer\" \/>\n<meta property=\"article:publisher\" content=\"https:\/\/www.facebook.com\/schwebach.wohlfuehlmaler\" \/>\n<meta property=\"article:published_time\" content=\"2021-05-19T15:35:11+00:00\" \/>\n<meta property=\"article:modified_time\" content=\"2021-05-19T15:36:05+00:00\" \/>\n<meta property=\"og:image\" content=\"https:\/\/schwebach.de\/wp-content\/uploads\/2021\/05\/Bauwagen2.jpg\" \/>\n\t<meta property=\"og:image:width\" content=\"1200\" \/>\n\t<meta property=\"og:image:height\" content=\"1600\" \/>\n\t<meta property=\"og:image:type\" content=\"image\/jpeg\" \/>\n<meta name=\"author\" content=\"Schwebach\" \/>\n<meta name=\"twitter:card\" content=\"summary_large_image\" \/>\n<meta name=\"twitter:label1\" content=\"Verfasst von\" \/>\n\t<meta name=\"twitter:data1\" content=\"Schwebach\" \/>\n\t<meta name=\"twitter:label2\" content=\"Gesch\u00e4tzte Lesezeit\" \/>\n\t<meta name=\"twitter:data2\" content=\"2\u00a0Minuten\" \/>\n<script type=\"application\/ld+json\" class=\"yoast-schema-graph\">{\"@context\":\"https:\\\/\\\/schema.org\",\"@graph\":[{\"@type\":\"Article\",\"@id\":\"https:\\\/\\\/schwebach.de\\\/?p=3469#article\",\"isPartOf\":{\"@id\":\"https:\\\/\\\/schwebach.de\\\/?p=3469\"},\"author\":{\"name\":\"Schwebach\",\"@id\":\"https:\\\/\\\/schwebach.de\\\/#\\\/schema\\\/person\\\/d00f441195aff8fe4987add5febad44d\"},\"headline\":\"Auch unser Bauwagen hat &#8222;Lust auf Farbe&#8220;\",\"datePublished\":\"2021-05-19T15:35:11+00:00\",\"dateModified\":\"2021-05-19T15:36:05+00:00\",\"mainEntityOfPage\":{\"@id\":\"https:\\\/\\\/schwebach.de\\\/?p=3469\"},\"wordCount\":164,\"commentCount\":0,\"publisher\":{\"@id\":\"https:\\\/\\\/schwebach.de\\\/#organization\"},\"image\":{\"@id\":\"https:\\\/\\\/schwebach.de\\\/?p=3469#primaryimage\"},\"thumbnailUrl\":\"https:\\\/\\\/schwebach.de\\\/wp-content\\\/uploads\\\/2021\\\/05\\\/Bauwagen2.jpg\",\"articleSection\":[\"Ausr\u00fcstung\"],\"inLanguage\":\"de\",\"potentialAction\":[{\"@type\":\"CommentAction\",\"name\":\"Comment\",\"target\":[\"https:\\\/\\\/schwebach.de\\\/?p=3469#respond\"]}]},{\"@type\":\"WebPage\",\"@id\":\"https:\\\/\\\/schwebach.de\\\/?p=3469\",\"url\":\"https:\\\/\\\/schwebach.de\\\/?p=3469\",\"name\":\"Frische Farben nun auch f\u00fcr den Schwebach Bauwagen\",\"isPartOf\":{\"@id\":\"https:\\\/\\\/schwebach.de\\\/#website\"},\"primaryImageOfPage\":{\"@id\":\"https:\\\/\\\/schwebach.de\\\/?p=3469#primaryimage\"},\"image\":{\"@id\":\"https:\\\/\\\/schwebach.de\\\/?p=3469#primaryimage\"},\"thumbnailUrl\":\"https:\\\/\\\/schwebach.de\\\/wp-content\\\/uploads\\\/2021\\\/05\\\/Bauwagen2.jpg\",\"datePublished\":\"2021-05-19T15:35:11+00:00\",\"dateModified\":\"2021-05-19T15:36:05+00:00\",\"description\":\"Auch ein Bauwagen darf lebendige Farben haben. Das haben wir entsprechend umgesetzt und ihm so eine individuelle Note verliehen.\",\"breadcrumb\":{\"@id\":\"https:\\\/\\\/schwebach.de\\\/?p=3469#breadcrumb\"},\"inLanguage\":\"de\",\"potentialAction\":[{\"@type\":\"ReadAction\",\"target\":[\"https:\\\/\\\/schwebach.de\\\/?p=3469\"]}]},{\"@type\":\"ImageObject\",\"inLanguage\":\"de\",\"@id\":\"https:\\\/\\\/schwebach.de\\\/?p=3469#primaryimage\",\"url\":\"https:\\\/\\\/schwebach.de\\\/wp-content\\\/uploads\\\/2021\\\/05\\\/Bauwagen2.jpg\",\"contentUrl\":\"https:\\\/\\\/schwebach.de\\\/wp-content\\\/uploads\\\/2021\\\/05\\\/Bauwagen2.jpg\",\"width\":1200,\"height\":1600,\"caption\":\"Unser Bauwagen\"},{\"@type\":\"BreadcrumbList\",\"@id\":\"https:\\\/\\\/schwebach.de\\\/?p=3469#breadcrumb\",\"itemListElement\":[{\"@type\":\"ListItem\",\"position\":1,\"name\":\"Startseite\",\"item\":\"https:\\\/\\\/schwebach.de\\\/\"},{\"@type\":\"ListItem\",\"position\":2,\"name\":\"Auch unser Bauwagen hat &#8222;Lust auf Farbe&#8220;\"}]},{\"@type\":\"WebSite\",\"@id\":\"https:\\\/\\\/schwebach.de\\\/#website\",\"url\":\"https:\\\/\\\/schwebach.de\\\/\",\"name\":\"SCHWEBACH Maler &amp; Lackierer\",\"description\":\"Ihr Wohlf\u00fchlmaler aus Irsch\\\/Saar\",\"publisher\":{\"@id\":\"https:\\\/\\\/schwebach.de\\\/#organization\"},\"potentialAction\":[{\"@type\":\"SearchAction\",\"target\":{\"@type\":\"EntryPoint\",\"urlTemplate\":\"https:\\\/\\\/schwebach.de\\\/?s={search_term_string}\"},\"query-input\":{\"@type\":\"PropertyValueSpecification\",\"valueRequired\":true,\"valueName\":\"search_term_string\"}}],\"inLanguage\":\"de\"},{\"@type\":\"Organization\",\"@id\":\"https:\\\/\\\/schwebach.de\\\/#organization\",\"name\":\"Schwebach Maler & Lackierer GmbH\",\"url\":\"https:\\\/\\\/schwebach.de\\\/\",\"logo\":{\"@type\":\"ImageObject\",\"inLanguage\":\"de\",\"@id\":\"https:\\\/\\\/schwebach.de\\\/#\\\/schema\\\/logo\\\/image\\\/\",\"url\":\"https:\\\/\\\/schwebach.de\\\/wp-content\\\/uploads\\\/2016\\\/04\\\/butterfly.png\",\"contentUrl\":\"https:\\\/\\\/schwebach.de\\\/wp-content\\\/uploads\\\/2016\\\/04\\\/butterfly.png\",\"width\":463,\"height\":310,\"caption\":\"Schwebach Maler & Lackierer GmbH\"},\"image\":{\"@id\":\"https:\\\/\\\/schwebach.de\\\/#\\\/schema\\\/logo\\\/image\\\/\"},\"sameAs\":[\"https:\\\/\\\/www.facebook.com\\\/schwebach.wohlfuehlmaler\",\"https:\\\/\\\/www.youtube.com\\\/user\\\/Wohlfuehlmaler\"]},{\"@type\":\"Person\",\"@id\":\"https:\\\/\\\/schwebach.de\\\/#\\\/schema\\\/person\\\/d00f441195aff8fe4987add5febad44d\",\"name\":\"Schwebach\",\"image\":{\"@type\":\"ImageObject\",\"inLanguage\":\"de\",\"@id\":\"https:\\\/\\\/secure.gravatar.com\\\/avatar\\\/34291dd68034cb7317838ad1f4c39bc27d010389fac30629b636c5776ac49376?s=96&d=mm&r=g\",\"url\":\"https:\\\/\\\/secure.gravatar.com\\\/avatar\\\/34291dd68034cb7317838ad1f4c39bc27d010389fac30629b636c5776ac49376?s=96&d=mm&r=g\",\"contentUrl\":\"https:\\\/\\\/secure.gravatar.com\\\/avatar\\\/34291dd68034cb7317838ad1f4c39bc27d010389fac30629b636c5776ac49376?s=96&d=mm&r=g\",\"caption\":\"Schwebach\"},\"url\":\"https:\\\/\\\/schwebach.de\\\/?author=1\"}]}<\/script>\n<!-- \/ Yoast SEO plugin. -->","yoast_head_json":{"title":"Frische Farben nun auch f\u00fcr den Schwebach Bauwagen","description":"Auch ein Bauwagen darf lebendige Farben haben. Das haben wir entsprechend umgesetzt und ihm so eine individuelle Note verliehen.","robots":{"index":"index","follow":"follow","max-snippet":"max-snippet:-1","max-image-preview":"max-image-preview:large","max-video-preview":"max-video-preview:-1"},"canonical":"https:\/\/schwebach.de\/?p=3469","og_locale":"de_DE","og_type":"article","og_title":"Frische Farben nun auch f\u00fcr den Schwebach Bauwagen","og_description":"Auch ein Bauwagen darf lebendige Farben haben. Das haben wir entsprechend umgesetzt und ihm so eine individuelle Note verliehen.","og_url":"https:\/\/schwebach.de\/?p=3469","og_site_name":"SCHWEBACH Maler &amp; Lackierer","article_publisher":"https:\/\/www.facebook.com\/schwebach.wohlfuehlmaler","article_published_time":"2021-05-19T15:35:11+00:00","article_modified_time":"2021-05-19T15:36:05+00:00","og_image":[{"width":1200,"height":1600,"url":"https:\/\/schwebach.de\/wp-content\/uploads\/2021\/05\/Bauwagen2.jpg","type":"image\/jpeg"}],"author":"Schwebach","twitter_card":"summary_large_image","twitter_misc":{"Verfasst von":"Schwebach","Gesch\u00e4tzte Lesezeit":"2\u00a0Minuten"},"schema":{"@context":"https:\/\/schema.org","@graph":[{"@type":"Article","@id":"https:\/\/schwebach.de\/?p=3469#article","isPartOf":{"@id":"https:\/\/schwebach.de\/?p=3469"},"author":{"name":"Schwebach","@id":"https:\/\/schwebach.de\/#\/schema\/person\/d00f441195aff8fe4987add5febad44d"},"headline":"Auch unser Bauwagen hat &#8222;Lust auf Farbe&#8220;","datePublished":"2021-05-19T15:35:11+00:00","dateModified":"2021-05-19T15:36:05+00:00","mainEntityOfPage":{"@id":"https:\/\/schwebach.de\/?p=3469"},"wordCount":164,"commentCount":0,"publisher":{"@id":"https:\/\/schwebach.de\/#organization"},"image":{"@id":"https:\/\/schwebach.de\/?p=3469#primaryimage"},"thumbnailUrl":"https:\/\/schwebach.de\/wp-content\/uploads\/2021\/05\/Bauwagen2.jpg","articleSection":["Ausr\u00fcstung"],"inLanguage":"de","potentialAction":[{"@type":"CommentAction","name":"Comment","target":["https:\/\/schwebach.de\/?p=3469#respond"]}]},{"@type":"WebPage","@id":"https:\/\/schwebach.de\/?p=3469","url":"https:\/\/schwebach.de\/?p=3469","name":"Frische Farben nun auch f\u00fcr den Schwebach Bauwagen","isPartOf":{"@id":"https:\/\/schwebach.de\/#website"},"primaryImageOfPage":{"@id":"https:\/\/schwebach.de\/?p=3469#primaryimage"},"image":{"@id":"https:\/\/schwebach.de\/?p=3469#primaryimage"},"thumbnailUrl":"https:\/\/schwebach.de\/wp-content\/uploads\/2021\/05\/Bauwagen2.jpg","datePublished":"2021-05-19T15:35:11+00:00","dateModified":"2021-05-19T15:36:05+00:00","description":"Auch ein Bauwagen darf lebendige Farben haben. Das haben wir entsprechend umgesetzt und ihm so eine individuelle Note verliehen.","breadcrumb":{"@id":"https:\/\/schwebach.de\/?p=3469#breadcrumb"},"inLanguage":"de","potentialAction":[{"@type":"ReadAction","target":["https:\/\/schwebach.de\/?p=3469"]}]},{"@type":"ImageObject","inLanguage":"de","@id":"https:\/\/schwebach.de\/?p=3469#primaryimage","url":"https:\/\/schwebach.de\/wp-content\/uploads\/2021\/05\/Bauwagen2.jpg","contentUrl":"https:\/\/schwebach.de\/wp-content\/uploads\/2021\/05\/Bauwagen2.jpg","width":1200,"height":1600,"caption":"Unser Bauwagen"},{"@type":"BreadcrumbList","@id":"https:\/\/schwebach.de\/?p=3469#breadcrumb","itemListElement":[{"@type":"ListItem","position":1,"name":"Startseite","item":"https:\/\/schwebach.de\/"},{"@type":"ListItem","position":2,"name":"Auch unser Bauwagen hat &#8222;Lust auf Farbe&#8220;"}]},{"@type":"WebSite","@id":"https:\/\/schwebach.de\/#website","url":"https:\/\/schwebach.de\/","name":"SCHWEBACH Maler &amp; Lackierer","description":"Ihr Wohlf\u00fchlmaler aus Irsch\/Saar","publisher":{"@id":"https:\/\/schwebach.de\/#organization"},"potentialAction":[{"@type":"SearchAction","target":{"@type":"EntryPoint","urlTemplate":"https:\/\/schwebach.de\/?s={search_term_string}"},"query-input":{"@type":"PropertyValueSpecification","valueRequired":true,"valueName":"search_term_string"}}],"inLanguage":"de"},{"@type":"Organization","@id":"https:\/\/schwebach.de\/#organization","name":"Schwebach Maler & Lackierer GmbH","url":"https:\/\/schwebach.de\/","logo":{"@type":"ImageObject","inLanguage":"de","@id":"https:\/\/schwebach.de\/#\/schema\/logo\/image\/","url":"https:\/\/schwebach.de\/wp-content\/uploads\/2016\/04\/butterfly.png","contentUrl":"https:\/\/schwebach.de\/wp-content\/uploads\/2016\/04\/butterfly.png","width":463,"height":310,"caption":"Schwebach Maler & Lackierer GmbH"},"image":{"@id":"https:\/\/schwebach.de\/#\/schema\/logo\/image\/"},"sameAs":["https:\/\/www.facebook.com\/schwebach.wohlfuehlmaler","https:\/\/www.youtube.com\/user\/Wohlfuehlmaler"]},{"@type":"Person","@id":"https:\/\/schwebach.de\/#\/schema\/person\/d00f441195aff8fe4987add5febad44d","name":"Schwebach","image":{"@type":"ImageObject","inLanguage":"de","@id":"https:\/\/secure.gravatar.com\/avatar\/34291dd68034cb7317838ad1f4c39bc27d010389fac30629b636c5776ac49376?s=96&d=mm&r=g","url":"https:\/\/secure.gravatar.com\/avatar\/34291dd68034cb7317838ad1f4c39bc27d010389fac30629b636c5776ac49376?s=96&d=mm&r=g","contentUrl":"https:\/\/secure.gravatar.com\/avatar\/34291dd68034cb7317838ad1f4c39bc27d010389fac30629b636c5776ac49376?s=96&d=mm&r=g","caption":"Schwebach"},"url":"https:\/\/schwebach.de\/?author=1"}]}},"_links":{"self":[{"href":"https:\/\/schwebach.de\/index.php?rest_route=\/wp\/v2\/posts\/3469","targetHints":{"allow":["GET"]}}],"collection":[{"href":"https:\/\/schwebach.de\/index.php?rest_route=\/wp\/v2\/posts"}],"about":[{"href":"https:\/\/schwebach.de\/index.php?rest_route=\/wp\/v2\/types\/post"}],"author":[{"embeddable":true,"href":"https:\/\/schwebach.de\/index.php?rest_route=\/wp\/v2\/users\/1"}],"replies":[{"embeddable":true,"href":"https:\/\/schwebach.de\/index.php?rest_route=%2Fwp%2Fv2%2Fcomments&post=3469"}],"version-history":[{"count":2,"href":"https:\/\/schwebach.de\/index.php?rest_route=\/wp\/v2\/posts\/3469\/revisions"}],"predecessor-version":[{"id":3473,"href":"https:\/\/schwebach.de\/index.php?rest_route=\/wp\/v2\/posts\/3469\/revisions\/3473"}],"wp:featuredmedia":[{"embeddable":true,"href":"https:\/\/schwebach.de\/index.php?rest_route=\/wp\/v2\/media\/3471"}],"wp:attachment":[{"href":"https:\/\/schwebach.de\/index.php?rest_route=%2Fwp%2Fv2%2Fmedia&parent=3469"}],"wp:term":[{"taxonomy":"category","embeddable":true,"href":"https:\/\/schwebach.de\/index.php?rest_route=%2Fwp%2Fv2%2Fcategories&post=3469"},{"taxonomy":"post_tag","embeddable":true,"href":"https:\/\/schwebach.de\/index.php?rest_route=%2Fwp%2Fv2%2Ftags&post=3469"}],"curies":[{"name":"wp","href":"https:\/\/api.w.org\/{rel}","templated":true}]}}