{"id":3440,"date":"2021-03-04T23:23:46","date_gmt":"2021-03-04T21:23:46","guid":{"rendered":"https:\/\/schwebach.de\/?p=3440"},"modified":"2021-03-04T23:27:27","modified_gmt":"2021-03-04T21:27:27","slug":"neuzugang-im-fuhrpark","status":"publish","type":"post","link":"https:\/\/schwebach.de\/?p=3440","title":{"rendered":"Neuzugang im Fuhrpark"},"content":{"rendered":"<div id=\"pl-3440\"  class=\"panel-layout\" ><div id=\"pg-3440-0\"  class=\"panel-grid panel-no-style\" ><div id=\"pgc-3440-0-0\"  class=\"panel-grid-cell\" ><div id=\"panel-3440-0-0-0\" class=\"so-panel widget widget_sow-editor panel-first-child panel-last-child\" data-index=\"0\" ><div\n\t\t\t\n\t\t\tclass=\"so-widget-sow-editor so-widget-sow-editor-base\"\n\t\t\t\n\t\t>\n<div class=\"siteorigin-widget-tinymce textwidget\">\n\t<p>Flexibilit\u00e4t ist wichtiger denn je. Nun haben wir einen neuen Transporter von Ford, der als fahrende Malerwerkstatt alles an Bord hat. Sollte mal etwas fehlen, so hilft die Anh\u00e4ngerkupplung und der Dachgep\u00e4cktr\u00e4ger. Damit kann man im wahrsten Sinne des Wortes \"viel bewegen\". Das gilt nicht nur f\u00fcr die Mitarbeitern, denn vorne bietet der Transporter 3 Sitzpl\u00e4tze. Ger\u00e4umig ist besonders der Laderaum.<br \/>\nIm Laderaum wird noch ein Regalsystem aufgebaut, so dass flexibel auch ganz verschiedene Baustellen angefahren werden k\u00f6nnen.<\/p>\n<h3>Ausstattung nach Ma\u00df<\/h3>\n<p>Der Wagen wurde fachm\u00e4nnisch beschriftet und gestaltet und sieht richtig toll aus.<\/p>\n<p><img loading=\"lazy\" decoding=\"async\" class=\"alignnone size-large wp-image-3442\" src=\"https:\/\/schwebach.de\/wp-content\/uploads\/2021\/03\/auto-768x1024.jpg\" alt=\"Oliver Weiler mit dem Ford Transporter\" width=\"750\" height=\"1000\" srcset=\"https:\/\/schwebach.de\/wp-content\/uploads\/2021\/03\/auto-768x1024.jpg 768w, https:\/\/schwebach.de\/wp-content\/uploads\/2021\/03\/auto-225x300.jpg 225w, https:\/\/schwebach.de\/wp-content\/uploads\/2021\/03\/auto-1152x1536.jpg 1152w, https:\/\/schwebach.de\/wp-content\/uploads\/2021\/03\/auto.jpg 1200w\" sizes=\"auto, (max-width: 750px) 100vw, 750px\" \/><\/p>\n<p>Das Innenleben ist nun die Aufgabe von unserem Malermeister Oliver Weiler. Er wird die Ausstattung des Wagens organisieren und ihn nach seinen W\u00fcnschen best\u00fccken.<\/p>\n<p>Auf unseren neuen Transporter warten viele interessante Projekte. Allzeit gute Fahrt w\u00fcnschen wir vom Schwebach-Team.<\/p>\n<\/div>\n<\/div><\/div><\/div><\/div><\/div>","protected":false},"excerpt":{"rendered":"<p>Flexibilit\u00e4t ist wichtiger denn je. Nun haben wir einen neuen Transporter von Ford, der als fahrende Malerwerkstatt alles an Bord hat. Sollte mal etwas fehlen, so hilft die Anh\u00e4ngerkupplung und der Dachgep\u00e4cktr\u00e4ger. Damit kann man im wahrsten Sinne des Wortes<\/p>\n","protected":false},"author":1,"featured_media":3441,"comment_status":"open","ping_status":"open","sticky":false,"template":"","format":"standard","meta":{"footnotes":""},"categories":[53,18],"tags":[],"class_list":["post-3440","post","type-post","status-publish","format-standard","has-post-thumbnail","hentry","category-ausruestung","category-team"],"yoast_head":"<!-- This site is optimized with the Yoast SEO plugin v27.4 - https:\/\/yoast.com\/product\/yoast-seo-wordpress\/ -->\n<title>Neuzugang im Fuhrpark - SCHWEBACH Maler &amp; Lackierer<\/title>\n<meta name=\"description\" content=\"Mit unserem neuen Ford Transporter haben wir eine mobile Malerwerkstatt und k\u00f6nnen die verschiedensten Projekte flexibel anfahren.\" \/>\n<meta name=\"robots\" content=\"index, follow, max-snippet:-1, max-image-preview:large, max-video-preview:-1\" \/>\n<link rel=\"canonical\" href=\"https:\/\/schwebach.de\/?p=3440\" \/>\n<meta property=\"og:locale\" content=\"de_DE\" \/>\n<meta property=\"og:type\" content=\"article\" \/>\n<meta property=\"og:title\" content=\"Neuzugang im Fuhrpark - SCHWEBACH Maler &amp; Lackierer\" \/>\n<meta property=\"og:description\" content=\"Mit unserem neuen Ford Transporter haben wir eine mobile Malerwerkstatt und k\u00f6nnen die verschiedensten Projekte flexibel anfahren.\" \/>\n<meta property=\"og:url\" content=\"https:\/\/schwebach.de\/?p=3440\" \/>\n<meta property=\"og:site_name\" content=\"SCHWEBACH Maler &amp; Lackierer\" \/>\n<meta property=\"article:publisher\" content=\"https:\/\/www.facebook.com\/schwebach.wohlfuehlmaler\" \/>\n<meta property=\"article:published_time\" content=\"2021-03-04T21:23:46+00:00\" \/>\n<meta property=\"article:modified_time\" content=\"2021-03-04T21:27:27+00:00\" \/>\n<meta property=\"og:image\" content=\"https:\/\/schwebach.de\/wp-content\/uploads\/2021\/03\/auto2.jpg\" \/>\n\t<meta property=\"og:image:width\" content=\"1600\" \/>\n\t<meta property=\"og:image:height\" content=\"1200\" \/>\n\t<meta property=\"og:image:type\" content=\"image\/jpeg\" \/>\n<meta name=\"author\" content=\"Schwebach\" \/>\n<meta name=\"twitter:card\" content=\"summary_large_image\" \/>\n<meta name=\"twitter:label1\" content=\"Verfasst von\" \/>\n\t<meta name=\"twitter:data1\" content=\"Schwebach\" \/>\n\t<meta name=\"twitter:label2\" content=\"Gesch\u00e4tzte Lesezeit\" \/>\n\t<meta name=\"twitter:data2\" content=\"1\u00a0Minute\" \/>\n<script type=\"application\/ld+json\" class=\"yoast-schema-graph\">{\"@context\":\"https:\\\/\\\/schema.org\",\"@graph\":[{\"@type\":\"Article\",\"@id\":\"https:\\\/\\\/schwebach.de\\\/?p=3440#article\",\"isPartOf\":{\"@id\":\"https:\\\/\\\/schwebach.de\\\/?p=3440\"},\"author\":{\"name\":\"Schwebach\",\"@id\":\"https:\\\/\\\/schwebach.de\\\/#\\\/schema\\\/person\\\/d00f441195aff8fe4987add5febad44d\"},\"headline\":\"Neuzugang im Fuhrpark\",\"datePublished\":\"2021-03-04T21:23:46+00:00\",\"dateModified\":\"2021-03-04T21:27:27+00:00\",\"mainEntityOfPage\":{\"@id\":\"https:\\\/\\\/schwebach.de\\\/?p=3440\"},\"wordCount\":146,\"commentCount\":0,\"publisher\":{\"@id\":\"https:\\\/\\\/schwebach.de\\\/#organization\"},\"image\":{\"@id\":\"https:\\\/\\\/schwebach.de\\\/?p=3440#primaryimage\"},\"thumbnailUrl\":\"https:\\\/\\\/schwebach.de\\\/wp-content\\\/uploads\\\/2021\\\/03\\\/auto2.jpg\",\"articleSection\":[\"Ausr\u00fcstung\",\"Team\"],\"inLanguage\":\"de\",\"potentialAction\":[{\"@type\":\"CommentAction\",\"name\":\"Comment\",\"target\":[\"https:\\\/\\\/schwebach.de\\\/?p=3440#respond\"]}]},{\"@type\":\"WebPage\",\"@id\":\"https:\\\/\\\/schwebach.de\\\/?p=3440\",\"url\":\"https:\\\/\\\/schwebach.de\\\/?p=3440\",\"name\":\"Neuzugang im Fuhrpark - SCHWEBACH Maler &amp; Lackierer\",\"isPartOf\":{\"@id\":\"https:\\\/\\\/schwebach.de\\\/#website\"},\"primaryImageOfPage\":{\"@id\":\"https:\\\/\\\/schwebach.de\\\/?p=3440#primaryimage\"},\"image\":{\"@id\":\"https:\\\/\\\/schwebach.de\\\/?p=3440#primaryimage\"},\"thumbnailUrl\":\"https:\\\/\\\/schwebach.de\\\/wp-content\\\/uploads\\\/2021\\\/03\\\/auto2.jpg\",\"datePublished\":\"2021-03-04T21:23:46+00:00\",\"dateModified\":\"2021-03-04T21:27:27+00:00\",\"description\":\"Mit unserem neuen Ford Transporter haben wir eine mobile Malerwerkstatt und k\u00f6nnen die verschiedensten Projekte flexibel anfahren.\",\"breadcrumb\":{\"@id\":\"https:\\\/\\\/schwebach.de\\\/?p=3440#breadcrumb\"},\"inLanguage\":\"de\",\"potentialAction\":[{\"@type\":\"ReadAction\",\"target\":[\"https:\\\/\\\/schwebach.de\\\/?p=3440\"]}]},{\"@type\":\"ImageObject\",\"inLanguage\":\"de\",\"@id\":\"https:\\\/\\\/schwebach.de\\\/?p=3440#primaryimage\",\"url\":\"https:\\\/\\\/schwebach.de\\\/wp-content\\\/uploads\\\/2021\\\/03\\\/auto2.jpg\",\"contentUrl\":\"https:\\\/\\\/schwebach.de\\\/wp-content\\\/uploads\\\/2021\\\/03\\\/auto2.jpg\",\"width\":1600,\"height\":1200,\"caption\":\"Ford Transporter\"},{\"@type\":\"BreadcrumbList\",\"@id\":\"https:\\\/\\\/schwebach.de\\\/?p=3440#breadcrumb\",\"itemListElement\":[{\"@type\":\"ListItem\",\"position\":1,\"name\":\"Startseite\",\"item\":\"https:\\\/\\\/schwebach.de\\\/\"},{\"@type\":\"ListItem\",\"position\":2,\"name\":\"Neuzugang im Fuhrpark\"}]},{\"@type\":\"WebSite\",\"@id\":\"https:\\\/\\\/schwebach.de\\\/#website\",\"url\":\"https:\\\/\\\/schwebach.de\\\/\",\"name\":\"SCHWEBACH Maler &amp; Lackierer\",\"description\":\"Ihr Wohlf\u00fchlmaler aus Irsch\\\/Saar\",\"publisher\":{\"@id\":\"https:\\\/\\\/schwebach.de\\\/#organization\"},\"potentialAction\":[{\"@type\":\"SearchAction\",\"target\":{\"@type\":\"EntryPoint\",\"urlTemplate\":\"https:\\\/\\\/schwebach.de\\\/?s={search_term_string}\"},\"query-input\":{\"@type\":\"PropertyValueSpecification\",\"valueRequired\":true,\"valueName\":\"search_term_string\"}}],\"inLanguage\":\"de\"},{\"@type\":\"Organization\",\"@id\":\"https:\\\/\\\/schwebach.de\\\/#organization\",\"name\":\"Schwebach Maler & Lackierer GmbH\",\"url\":\"https:\\\/\\\/schwebach.de\\\/\",\"logo\":{\"@type\":\"ImageObject\",\"inLanguage\":\"de\",\"@id\":\"https:\\\/\\\/schwebach.de\\\/#\\\/schema\\\/logo\\\/image\\\/\",\"url\":\"https:\\\/\\\/schwebach.de\\\/wp-content\\\/uploads\\\/2016\\\/04\\\/butterfly.png\",\"contentUrl\":\"https:\\\/\\\/schwebach.de\\\/wp-content\\\/uploads\\\/2016\\\/04\\\/butterfly.png\",\"width\":463,\"height\":310,\"caption\":\"Schwebach Maler & Lackierer GmbH\"},\"image\":{\"@id\":\"https:\\\/\\\/schwebach.de\\\/#\\\/schema\\\/logo\\\/image\\\/\"},\"sameAs\":[\"https:\\\/\\\/www.facebook.com\\\/schwebach.wohlfuehlmaler\",\"https:\\\/\\\/www.youtube.com\\\/user\\\/Wohlfuehlmaler\"]},{\"@type\":\"Person\",\"@id\":\"https:\\\/\\\/schwebach.de\\\/#\\\/schema\\\/person\\\/d00f441195aff8fe4987add5febad44d\",\"name\":\"Schwebach\",\"image\":{\"@type\":\"ImageObject\",\"inLanguage\":\"de\",\"@id\":\"https:\\\/\\\/secure.gravatar.com\\\/avatar\\\/34291dd68034cb7317838ad1f4c39bc27d010389fac30629b636c5776ac49376?s=96&d=mm&r=g\",\"url\":\"https:\\\/\\\/secure.gravatar.com\\\/avatar\\\/34291dd68034cb7317838ad1f4c39bc27d010389fac30629b636c5776ac49376?s=96&d=mm&r=g\",\"contentUrl\":\"https:\\\/\\\/secure.gravatar.com\\\/avatar\\\/34291dd68034cb7317838ad1f4c39bc27d010389fac30629b636c5776ac49376?s=96&d=mm&r=g\",\"caption\":\"Schwebach\"},\"url\":\"https:\\\/\\\/schwebach.de\\\/?author=1\"}]}<\/script>\n<!-- \/ Yoast SEO plugin. -->","yoast_head_json":{"title":"Neuzugang im Fuhrpark - SCHWEBACH Maler &amp; Lackierer","description":"Mit unserem neuen Ford Transporter haben wir eine mobile Malerwerkstatt und k\u00f6nnen die verschiedensten Projekte flexibel anfahren.","robots":{"index":"index","follow":"follow","max-snippet":"max-snippet:-1","max-image-preview":"max-image-preview:large","max-video-preview":"max-video-preview:-1"},"canonical":"https:\/\/schwebach.de\/?p=3440","og_locale":"de_DE","og_type":"article","og_title":"Neuzugang im Fuhrpark - SCHWEBACH Maler &amp; Lackierer","og_description":"Mit unserem neuen Ford Transporter haben wir eine mobile Malerwerkstatt und k\u00f6nnen die verschiedensten Projekte flexibel anfahren.","og_url":"https:\/\/schwebach.de\/?p=3440","og_site_name":"SCHWEBACH Maler &amp; Lackierer","article_publisher":"https:\/\/www.facebook.com\/schwebach.wohlfuehlmaler","article_published_time":"2021-03-04T21:23:46+00:00","article_modified_time":"2021-03-04T21:27:27+00:00","og_image":[{"width":1600,"height":1200,"url":"https:\/\/schwebach.de\/wp-content\/uploads\/2021\/03\/auto2.jpg","type":"image\/jpeg"}],"author":"Schwebach","twitter_card":"summary_large_image","twitter_misc":{"Verfasst von":"Schwebach","Gesch\u00e4tzte Lesezeit":"1\u00a0Minute"},"schema":{"@context":"https:\/\/schema.org","@graph":[{"@type":"Article","@id":"https:\/\/schwebach.de\/?p=3440#article","isPartOf":{"@id":"https:\/\/schwebach.de\/?p=3440"},"author":{"name":"Schwebach","@id":"https:\/\/schwebach.de\/#\/schema\/person\/d00f441195aff8fe4987add5febad44d"},"headline":"Neuzugang im Fuhrpark","datePublished":"2021-03-04T21:23:46+00:00","dateModified":"2021-03-04T21:27:27+00:00","mainEntityOfPage":{"@id":"https:\/\/schwebach.de\/?p=3440"},"wordCount":146,"commentCount":0,"publisher":{"@id":"https:\/\/schwebach.de\/#organization"},"image":{"@id":"https:\/\/schwebach.de\/?p=3440#primaryimage"},"thumbnailUrl":"https:\/\/schwebach.de\/wp-content\/uploads\/2021\/03\/auto2.jpg","articleSection":["Ausr\u00fcstung","Team"],"inLanguage":"de","potentialAction":[{"@type":"CommentAction","name":"Comment","target":["https:\/\/schwebach.de\/?p=3440#respond"]}]},{"@type":"WebPage","@id":"https:\/\/schwebach.de\/?p=3440","url":"https:\/\/schwebach.de\/?p=3440","name":"Neuzugang im Fuhrpark - SCHWEBACH Maler &amp; Lackierer","isPartOf":{"@id":"https:\/\/schwebach.de\/#website"},"primaryImageOfPage":{"@id":"https:\/\/schwebach.de\/?p=3440#primaryimage"},"image":{"@id":"https:\/\/schwebach.de\/?p=3440#primaryimage"},"thumbnailUrl":"https:\/\/schwebach.de\/wp-content\/uploads\/2021\/03\/auto2.jpg","datePublished":"2021-03-04T21:23:46+00:00","dateModified":"2021-03-04T21:27:27+00:00","description":"Mit unserem neuen Ford Transporter haben wir eine mobile Malerwerkstatt und k\u00f6nnen die verschiedensten Projekte flexibel anfahren.","breadcrumb":{"@id":"https:\/\/schwebach.de\/?p=3440#breadcrumb"},"inLanguage":"de","potentialAction":[{"@type":"ReadAction","target":["https:\/\/schwebach.de\/?p=3440"]}]},{"@type":"ImageObject","inLanguage":"de","@id":"https:\/\/schwebach.de\/?p=3440#primaryimage","url":"https:\/\/schwebach.de\/wp-content\/uploads\/2021\/03\/auto2.jpg","contentUrl":"https:\/\/schwebach.de\/wp-content\/uploads\/2021\/03\/auto2.jpg","width":1600,"height":1200,"caption":"Ford Transporter"},{"@type":"BreadcrumbList","@id":"https:\/\/schwebach.de\/?p=3440#breadcrumb","itemListElement":[{"@type":"ListItem","position":1,"name":"Startseite","item":"https:\/\/schwebach.de\/"},{"@type":"ListItem","position":2,"name":"Neuzugang im Fuhrpark"}]},{"@type":"WebSite","@id":"https:\/\/schwebach.de\/#website","url":"https:\/\/schwebach.de\/","name":"SCHWEBACH Maler &amp; Lackierer","description":"Ihr Wohlf\u00fchlmaler aus Irsch\/Saar","publisher":{"@id":"https:\/\/schwebach.de\/#organization"},"potentialAction":[{"@type":"SearchAction","target":{"@type":"EntryPoint","urlTemplate":"https:\/\/schwebach.de\/?s={search_term_string}"},"query-input":{"@type":"PropertyValueSpecification","valueRequired":true,"valueName":"search_term_string"}}],"inLanguage":"de"},{"@type":"Organization","@id":"https:\/\/schwebach.de\/#organization","name":"Schwebach Maler & Lackierer GmbH","url":"https:\/\/schwebach.de\/","logo":{"@type":"ImageObject","inLanguage":"de","@id":"https:\/\/schwebach.de\/#\/schema\/logo\/image\/","url":"https:\/\/schwebach.de\/wp-content\/uploads\/2016\/04\/butterfly.png","contentUrl":"https:\/\/schwebach.de\/wp-content\/uploads\/2016\/04\/butterfly.png","width":463,"height":310,"caption":"Schwebach Maler & Lackierer GmbH"},"image":{"@id":"https:\/\/schwebach.de\/#\/schema\/logo\/image\/"},"sameAs":["https:\/\/www.facebook.com\/schwebach.wohlfuehlmaler","https:\/\/www.youtube.com\/user\/Wohlfuehlmaler"]},{"@type":"Person","@id":"https:\/\/schwebach.de\/#\/schema\/person\/d00f441195aff8fe4987add5febad44d","name":"Schwebach","image":{"@type":"ImageObject","inLanguage":"de","@id":"https:\/\/secure.gravatar.com\/avatar\/34291dd68034cb7317838ad1f4c39bc27d010389fac30629b636c5776ac49376?s=96&d=mm&r=g","url":"https:\/\/secure.gravatar.com\/avatar\/34291dd68034cb7317838ad1f4c39bc27d010389fac30629b636c5776ac49376?s=96&d=mm&r=g","contentUrl":"https:\/\/secure.gravatar.com\/avatar\/34291dd68034cb7317838ad1f4c39bc27d010389fac30629b636c5776ac49376?s=96&d=mm&r=g","caption":"Schwebach"},"url":"https:\/\/schwebach.de\/?author=1"}]}},"_links":{"self":[{"href":"https:\/\/schwebach.de\/index.php?rest_route=\/wp\/v2\/posts\/3440","targetHints":{"allow":["GET"]}}],"collection":[{"href":"https:\/\/schwebach.de\/index.php?rest_route=\/wp\/v2\/posts"}],"about":[{"href":"https:\/\/schwebach.de\/index.php?rest_route=\/wp\/v2\/types\/post"}],"author":[{"embeddable":true,"href":"https:\/\/schwebach.de\/index.php?rest_route=\/wp\/v2\/users\/1"}],"replies":[{"embeddable":true,"href":"https:\/\/schwebach.de\/index.php?rest_route=%2Fwp%2Fv2%2Fcomments&post=3440"}],"version-history":[{"count":3,"href":"https:\/\/schwebach.de\/index.php?rest_route=\/wp\/v2\/posts\/3440\/revisions"}],"predecessor-version":[{"id":3445,"href":"https:\/\/schwebach.de\/index.php?rest_route=\/wp\/v2\/posts\/3440\/revisions\/3445"}],"wp:featuredmedia":[{"embeddable":true,"href":"https:\/\/schwebach.de\/index.php?rest_route=\/wp\/v2\/media\/3441"}],"wp:attachment":[{"href":"https:\/\/schwebach.de\/index.php?rest_route=%2Fwp%2Fv2%2Fmedia&parent=3440"}],"wp:term":[{"taxonomy":"category","embeddable":true,"href":"https:\/\/schwebach.de\/index.php?rest_route=%2Fwp%2Fv2%2Fcategories&post=3440"},{"taxonomy":"post_tag","embeddable":true,"href":"https:\/\/schwebach.de\/index.php?rest_route=%2Fwp%2Fv2%2Ftags&post=3440"}],"curies":[{"name":"wp","href":"https:\/\/api.w.org\/{rel}","templated":true}]}}