{"id":3349,"date":"2020-07-15T23:54:00","date_gmt":"2020-07-15T21:54:00","guid":{"rendered":"https:\/\/schwebach.de\/?p=3349"},"modified":"2020-10-12T17:21:02","modified_gmt":"2020-10-12T15:21:02","slug":"60","status":"publish","type":"post","link":"https:\/\/schwebach.de\/?p=3349","title":{"rendered":"60 Jahre Heiner Schwebach"},"content":{"rendered":"\n<p>Feiern, das konnten wir bei Schwebachs immer und 60 Jahre Heiner Schwebach sind ein toller Anlass f\u00fcr ein gro\u00dfes Fest. In Zeiten von Corona steht die Verantwortung aber auch bei uns an erster Stelle und wir haben uns Gedanken gemacht, wie wir feiern k\u00f6nnen und auch das ist uns sehr gut gelungen. <br>Die Feier haben wir auf mehrere kleinere Feiern aufgeteilt und alles unter freiem Himmel veranstaltet. Das war &#8222;mit Abstand die beste L\u00f6sung&#8220;.<br>Und da gab es dann viele tolle \u00dcberraschungen und eine tolle Stimmung.<br>Und so zieht sich der Geburtstag \u00fcber den ganzen Sommer. Auch das ist eine sch\u00f6ne Sache.<\/p>\n\n\n\n<p>Aus der Not eine Tugend machen, sich kreativ und mit Verantwortungsbewusstsein den Herausforderungen stellen und dabei den Menschen in den Mittelpunkt zu stellen, das ist im Leben, wie auch f\u00fcr einen Familienbetrieb extrem wichtig.  <\/p>\n\n\n\n<p>Verantwortung geht aber noch weiter, denn wir hatten uns vorgenommen, weitgehend ohne M\u00fcll zu Grillen und zu feiern. Dabei gab es einige kulinarische Highlights, wie z. B. Fingerfood vom Culinarium von Walter Curman aus Nittel und frisch vom Grill mit Constanze und Carsten. <\/p>\n\n\n\n<p>Es wurde Gesungen und Gespielt mit der Erfahrung aus 60 Jahren.<\/p>\n\n\n<div id=\"grid-gallery-13-33574\" data-gg-id=\"13\" data-title=\"60 Jahre Heiner Schwebach\" data-grid-type=\"0\" data-offset=\"5.3\" data-area-position=\"center\" data-icons=\"\" data-preloader=\"true\" data-width=\"215\" data-height=\"215\" data-padding=\"0\" data-quicksand=\"disabled\" data-quicksand-duration=\"1800\" data-popup-theme=\"theme_6\" data-popup-type=\"pretty-photo\" data-popup-image-text=\"data-description\" data-popup-widthsize=\"auto\" data-popup-heightsize=\"auto\" data-popup-i18n-words=\"{&quot;close&quot;:&quot;schlie\\u00dfen&quot;,&quot;next&quot;:&quot;n\\u00e4chste&quot;,&quot;previous&quot;:&quot;vorherige&quot;,&quot;start_slideshow&quot;:&quot;Starte Slideshow&quot;,&quot;stop_slideshow&quot;:&quot;Stoppe Slideshow&quot;,&quot;image&quot;:&quot;Bild&quot;,&quot;of&quot;:&quot;von&quot;,&quot;prev&quot;:&quot;vorherige&quot;,&quot;cExpand&quot;:&quot;Erweitere&quot;,&quot;cPrevious&quot;:&quot;Vorheriges&quot;,&quot;cNext&quot;:&quot;N\\u00e4chstes&quot;,&quot;cExpandStr&quot;:&quot;Erweitere Bild&quot;,&quot;cRotate&quot;:&quot;Rotate&quot;,&quot;cDetails&quot;:&quot;Details&quot;}\" data-popup-slideshow=\"false\" data-popup-slideshow-speed=\"2500\" data-popup-hoverstop=\"true\" data-popup-slideshow-auto=\"false\" data-popup-background=\"\" data-popup-transparency=\"30\" data-popup-disable-history=\"\" data-popup-disable-changed-url=\"\" data-popup-border-type=\"\" data-popup-border-color=\"\" data-popup-border-width=\"\" data-popup-border-enable=\"\" data-fullscreen=\"false\" data-hide-tooltip=\"false\" data-caption-font-family=\"Default\" data-caption-text-size=\"140\" data-is-mobile=\"0\" data-caption-mobile=\"false\" data-hide-long-tltp-title=\"0\" data-caption-disabled-on-mobile=\"false\" data-popup-placement-type=\"0\" data-social-sharing=\"{&quot;enabled&quot;:&quot;&quot;,&quot;gallerySharing&quot;:{&quot;enabled&quot;:null,&quot;position&quot;:null},&quot;imageSharing&quot;:{&quot;enabled&quot;:null,&quot;wrapperClass&quot;:&quot; vertical &quot;},&quot;popupSharing&quot;:{&quot;enabled&quot;:null,&quot;wrapperClass&quot;:&quot; vertical &quot;}}\" class=\"grid-gallery grid-gallery-fixed \" style=\" width:100%; height:auto; margin-left:auto; margin-right:auto;position:relative;\"> <div class=\"gallery-loading\"> <div class=\"blocks\"> <div class=\"block\"><\/div> <div class=\"block\"><\/div> <div class=\"block\"><\/div> <div class=\"block\"><\/div> <\/div> <\/div> <div class=\"gallery-sharing-top\" style=\"display:none;\"> <\/div> <div id=\"photos-13\" class=\"grid-gallery-photos\"><FIGURE class=\"grid-gallery-caption\" data-grid-gallery-type=\"quarter-slide-up\" data-index=\"0\" style=\"display:none;border-radius:00;; margin:5.3px; width:2150;\" ><div class=\"crop\" style=\" width:2150; height:2150; overflow:hidden;\"><img decoding=\"async\" src=\"https:\/\/schwebach.de\/wp-content\/uploads\/2020\/10\/IMG_5056-rotated-215x215.jpg\" class=\"ggImg\" alt=\"Unser Geburtstagskind\" title=\"60 Jahre Heiner\" data-description=\"60 Jahre Heiner\" data-caption=\"Unser Geburtstagskind\" data-title=\"IMG_5056\" style=\" width:215px; height:215px;\" \/><\/div><FIGCAPTION class=\"\" data-alpha=\"5\" style=\"color:#ffffff; background-color:#6f0000; font-size:140; text-align:2; font-family:Default;\" ><div class=\"grid-gallery-figcaption-wrap\" style=\"\"><\/div><\/FIGCAPTION><\/FIGURE><FIGURE class=\"grid-gallery-caption\" data-grid-gallery-type=\"quarter-slide-up\" data-index=\"1\" style=\"display:none;border-radius:00;; margin:5.3px; width:2150;\" ><div class=\"crop\" style=\" width:2150; height:2150; overflow:hidden;\"><img decoding=\"async\" src=\"https:\/\/schwebach.de\/wp-content\/uploads\/2020\/10\/HS_abend-215x215.jpg\" class=\"ggImg\" alt=\"Feiern und Sprochen\" title=\"Feiern und Sprochen\" data-description=\"Feiern und Sprochen\" data-caption=\"Feiern und Sprochen\" data-title=\"HS_abend\" style=\" width:215px; height:215px;\" \/><\/div><FIGCAPTION class=\"\" data-alpha=\"5\" style=\"color:#ffffff; background-color:#6f0000; font-size:140; text-align:2; font-family:Default;\" ><div class=\"grid-gallery-figcaption-wrap\" style=\"\"><\/div><\/FIGCAPTION><\/FIGURE><FIGURE class=\"grid-gallery-caption\" data-grid-gallery-type=\"quarter-slide-up\" data-index=\"2\" style=\"display:none;border-radius:00;; margin:5.3px; width:2150;\" ><div class=\"crop\" style=\" width:2150; height:2150; overflow:hidden;\"><img decoding=\"async\" src=\"https:\/\/schwebach.de\/wp-content\/uploads\/2020\/10\/HS_Grill-215x215.jpg\" class=\"ggImg\" alt=\"W\u00fcrstchen vom Grillteam Constanze und Carsten\" title=\"Grillteam Constanze und Carsten\" data-description=\"Grillteam Constanze und Carsten\" data-caption=\"W\u00fcrstchen vom Grillteam Constanze und Carsten\" data-title=\"HS_Grill\" style=\" width:215px; height:215px;\" \/><\/div><FIGCAPTION class=\"\" data-alpha=\"5\" style=\"color:#ffffff; background-color:#6f0000; font-size:140; text-align:2; font-family:Default;\" ><div class=\"grid-gallery-figcaption-wrap\" style=\"\"><\/div><\/FIGCAPTION><\/FIGURE><FIGURE class=\"grid-gallery-caption\" data-grid-gallery-type=\"quarter-slide-up\" data-index=\"3\" style=\"display:none;border-radius:00;; margin:5.3px; width:2150;\" ><div class=\"crop\" style=\" width:2150; height:2150; overflow:hidden;\"><img decoding=\"async\" src=\"https:\/\/schwebach.de\/wp-content\/uploads\/2020\/10\/HS_Hans_Hille-215x215.jpg\" class=\"ggImg\" alt=\"Karaoke mit Hans und Hiltrud\" title=\"Hans und Hiltrud\" data-description=\"Hans und Hiltrud\" data-caption=\"Karaoke\" data-title=\"HS_Hans_Hille\" style=\" width:215px; height:215px;\" \/><\/div><FIGCAPTION class=\"\" data-alpha=\"5\" style=\"color:#ffffff; background-color:#6f0000; font-size:140; text-align:2; font-family:Default;\" ><div class=\"grid-gallery-figcaption-wrap\" style=\"\"><\/div><\/FIGCAPTION><\/FIGURE><FIGURE class=\"grid-gallery-caption\" data-grid-gallery-type=\"quarter-slide-up\" data-index=\"4\" style=\"display:none;border-radius:00;; margin:5.3px; width:2150;\" ><div class=\"crop\" style=\" width:2150; height:2150; overflow:hidden;\"><img decoding=\"async\" src=\"https:\/\/schwebach.de\/wp-content\/uploads\/2020\/10\/HS_Essen-rotated-215x215.jpg\" class=\"ggImg\" alt=\"Kulinarische Highlights\" title=\"Kulinarische Highlights\" data-description=\"Kulinarische Highlights\" data-caption=\"Kulinarische Highlights\" data-title=\"HS_Essen\" style=\" width:215px; height:215px;\" \/><\/div><FIGCAPTION class=\"\" data-alpha=\"5\" style=\"color:#ffffff; background-color:#6f0000; font-size:140; text-align:2; font-family:Default;\" ><div class=\"grid-gallery-figcaption-wrap\" style=\"\"><\/div><\/FIGCAPTION><\/FIGURE><FIGURE class=\"grid-gallery-caption\" data-grid-gallery-type=\"quarter-slide-up\" data-index=\"5\" style=\"display:none;border-radius:00;; margin:5.3px; width:2150;\" ><div class=\"crop\" style=\" width:2150; height:2150; overflow:hidden;\"><img decoding=\"async\" src=\"https:\/\/schwebach.de\/wp-content\/uploads\/2020\/10\/IMG_5099-215x215.jpg\" class=\"ggImg\" alt=\"Freude mit Freunden\" title=\"Freude mit Freunden\" data-description=\"Freude mit Freunden\" data-caption=\"Freude mit Freunden\" data-title=\"IMG_5099\" style=\" width:215px; height:215px;\" \/><\/div><FIGCAPTION class=\"\" data-alpha=\"5\" style=\"color:#ffffff; background-color:#6f0000; font-size:140; text-align:2; font-family:Default;\" ><div class=\"grid-gallery-figcaption-wrap\" style=\"\"><\/div><\/FIGCAPTION><\/FIGURE><FIGURE class=\"grid-gallery-caption\" data-grid-gallery-type=\"quarter-slide-up\" data-index=\"6\" style=\"display:none;border-radius:00;; margin:5.3px; width:2150;\" ><div class=\"crop\" style=\" width:2150; height:2150; overflow:hidden;\"><img decoding=\"async\" src=\"https:\/\/schwebach.de\/wp-content\/uploads\/2020\/10\/C5E1C299-0CA1-4D69-A604-5259BD18E900-215x215.jpg\" class=\"ggImg\" alt=\"Fingerfood\" title=\"Fingerfood\" data-description=\"Fingerfood\" data-caption=\"Fingerfood\" data-title=\"C5E1C299-0CA1-4D69-A604-5259BD18E900\" style=\" width:215px; height:215px;\" \/><\/div><FIGCAPTION class=\"\" data-alpha=\"5\" style=\"color:#ffffff; background-color:#6f0000; font-size:140; text-align:2; font-family:Default;\" ><div class=\"grid-gallery-figcaption-wrap\" style=\"\"><\/div><\/FIGCAPTION><\/FIGURE><FIGURE class=\"grid-gallery-caption\" data-grid-gallery-type=\"quarter-slide-up\" data-index=\"7\" style=\"display:none;border-radius:00;; margin:5.3px; width:2150;\" ><div class=\"crop\" style=\" width:2150; height:2150; overflow:hidden;\"><img decoding=\"async\" src=\"https:\/\/schwebach.de\/wp-content\/uploads\/2020\/10\/HS_Entenangeln-215x215.jpg\" class=\"ggImg\" alt=\"Entenangeln\" title=\"Entenangeln\" data-description=\"Entenangeln\" data-caption=\"Entenangeln\" data-title=\"Entenangeln\" style=\" width:215px; height:215px;\" \/><\/div><FIGCAPTION class=\"\" data-alpha=\"5\" style=\"color:#ffffff; background-color:#6f0000; font-size:140; text-align:2; font-family:Default;\" ><div class=\"grid-gallery-figcaption-wrap\" style=\"\"><\/div><\/FIGCAPTION><\/FIGURE><FIGURE class=\"grid-gallery-caption\" data-grid-gallery-type=\"quarter-slide-up\" data-index=\"8\" style=\"display:none;border-radius:00;; margin:5.3px; width:2150;\" ><div class=\"crop\" style=\" width:2150; height:2150; overflow:hidden;\"><img decoding=\"async\" src=\"https:\/\/schwebach.de\/wp-content\/uploads\/2020\/10\/IMG_5059-rotated-215x215.jpg\" class=\"ggImg\" alt=\"Unser Geburtstagskind\" title=\"Heiner Schwebach\" data-description=\"Heiner Schwebach\" data-caption=\"Unser Geburtstagskind\" data-title=\"IMG_5059\" style=\" width:215px; height:215px;\" \/><\/div><FIGCAPTION class=\"\" data-alpha=\"5\" style=\"color:#ffffff; background-color:#6f0000; font-size:140; text-align:2; font-family:Default;\" ><div class=\"grid-gallery-figcaption-wrap\" style=\"\"><\/div><\/FIGCAPTION><\/FIGURE><FIGURE class=\"grid-gallery-caption\" data-grid-gallery-type=\"quarter-slide-up\" data-index=\"9\" style=\"display:none;border-radius:00;; margin:5.3px; width:2150;\" ><div class=\"crop\" style=\" width:2150; height:2150; overflow:hidden;\"><img decoding=\"async\" src=\"https:\/\/schwebach.de\/wp-content\/uploads\/2020\/10\/karaoke-215x215.jpg\" class=\"ggImg\" alt=\"Viel Spa\u00df f\u00fcr Jung und Alt\" title=\"Viel Spa\u00df f\u00fcr Jung und Alt\" data-description=\"Viel Spa\u00df f\u00fcr Jung und Alt\" data-caption=\"Viel Spa\u00df f\u00fcr Jung und Alt\" data-title=\"Viel Spa\u00df f\u00fcr Jung und Alt\" style=\" width:215px; height:215px;\" \/><\/div><FIGCAPTION class=\"\" data-alpha=\"5\" style=\"color:#ffffff; background-color:#6f0000; font-size:140; text-align:2; font-family:Default;\" ><div class=\"grid-gallery-figcaption-wrap\" style=\"\"><\/div><\/FIGCAPTION><\/FIGURE> <div class=\"grid-gallery-clearfix\"><\/div> <\/div> <div class=\"gallery-sharing-bottom\" style=\"display:none;\"> <\/div> <div class=\"gallery-sharing-image\" style=\"display:none;\"> <\/div> <div class=\"gallery-sharing-popup\" style=\"display:none;\"> <\/div> <div class=\"grid-gallery-clearfix\"><\/div> <\/div> <!-- Gallery by Supsystic plugin1.16.0 --><a title=\"Wordpress Gallery Plugin Free\" style=\"display:none;\" href=\"https:\/\/supsystic.com\/plugins\/photo-gallery\/?utm_medium=love_link\" target=\"_blank\">Wordpress Gallery Plugin Free<\/a>\n","protected":false},"excerpt":{"rendered":"<p>Feiern, das konnten wir bei Schwebachs immer und 60 Jahre Heiner Schwebach sind ein toller Anlass f\u00fcr ein gro\u00dfes Fest. In Zeiten von Corona steht die Verantwortung aber auch bei uns an erster Stelle und wir haben uns Gedanken gemacht,<\/p>\n","protected":false},"author":1,"featured_media":3353,"comment_status":"open","ping_status":"open","sticky":false,"template":"","format":"standard","meta":{"footnotes":""},"categories":[10],"tags":[],"class_list":["post-3349","post","type-post","status-publish","format-standard","has-post-thumbnail","hentry","category-projekte"],"yoast_head":"<!-- This site is optimized with the Yoast SEO plugin v27.4 - https:\/\/yoast.com\/product\/yoast-seo-wordpress\/ -->\n<title>60 Jahre Heiner Schwebach - SCHWEBACH Maler &amp; Lackierer<\/title>\n<meta name=\"description\" content=\"Heiner Schwebach feiert seinen 60. Geburtstag und das in Etappen.\" \/>\n<meta name=\"robots\" content=\"index, follow, max-snippet:-1, max-image-preview:large, max-video-preview:-1\" \/>\n<link rel=\"canonical\" href=\"https:\/\/schwebach.de\/?p=3349\" \/>\n<meta property=\"og:locale\" content=\"de_DE\" \/>\n<meta property=\"og:type\" content=\"article\" \/>\n<meta property=\"og:title\" content=\"60 Jahre Heiner Schwebach - SCHWEBACH Maler &amp; Lackierer\" \/>\n<meta property=\"og:description\" content=\"Heiner Schwebach feiert seinen 60. Geburtstag und das in Etappen.\" \/>\n<meta property=\"og:url\" content=\"https:\/\/schwebach.de\/?p=3349\" \/>\n<meta property=\"og:site_name\" content=\"SCHWEBACH Maler &amp; Lackierer\" \/>\n<meta property=\"article:publisher\" content=\"https:\/\/www.facebook.com\/schwebach.wohlfuehlmaler\" \/>\n<meta property=\"article:published_time\" content=\"2020-07-15T21:54:00+00:00\" \/>\n<meta property=\"article:modified_time\" content=\"2020-10-12T15:21:02+00:00\" \/>\n<meta property=\"og:image\" content=\"https:\/\/schwebach.de\/wp-content\/uploads\/2020\/07\/hs_Torte.jpg\" \/>\n\t<meta property=\"og:image:width\" content=\"1200\" \/>\n\t<meta property=\"og:image:height\" content=\"1600\" \/>\n\t<meta property=\"og:image:type\" content=\"image\/jpeg\" \/>\n<meta name=\"author\" content=\"Schwebach\" \/>\n<meta name=\"twitter:card\" content=\"summary_large_image\" \/>\n<meta name=\"twitter:label1\" content=\"Verfasst von\" \/>\n\t<meta name=\"twitter:data1\" content=\"Schwebach\" \/>\n\t<meta name=\"twitter:label2\" content=\"Gesch\u00e4tzte Lesezeit\" \/>\n\t<meta name=\"twitter:data2\" content=\"1\u00a0Minute\" \/>\n<script type=\"application\/ld+json\" class=\"yoast-schema-graph\">{\"@context\":\"https:\\\/\\\/schema.org\",\"@graph\":[{\"@type\":\"Article\",\"@id\":\"https:\\\/\\\/schwebach.de\\\/?p=3349#article\",\"isPartOf\":{\"@id\":\"https:\\\/\\\/schwebach.de\\\/?p=3349\"},\"author\":{\"name\":\"Schwebach\",\"@id\":\"https:\\\/\\\/schwebach.de\\\/#\\\/schema\\\/person\\\/d00f441195aff8fe4987add5febad44d\"},\"headline\":\"60 Jahre Heiner Schwebach\",\"datePublished\":\"2020-07-15T21:54:00+00:00\",\"dateModified\":\"2020-10-12T15:21:02+00:00\",\"mainEntityOfPage\":{\"@id\":\"https:\\\/\\\/schwebach.de\\\/?p=3349\"},\"wordCount\":200,\"commentCount\":2,\"publisher\":{\"@id\":\"https:\\\/\\\/schwebach.de\\\/#organization\"},\"image\":{\"@id\":\"https:\\\/\\\/schwebach.de\\\/?p=3349#primaryimage\"},\"thumbnailUrl\":\"https:\\\/\\\/schwebach.de\\\/wp-content\\\/uploads\\\/2020\\\/07\\\/hs_Torte.jpg\",\"articleSection\":[\"Projekte\"],\"inLanguage\":\"de\",\"potentialAction\":[{\"@type\":\"CommentAction\",\"name\":\"Comment\",\"target\":[\"https:\\\/\\\/schwebach.de\\\/?p=3349#respond\"]}]},{\"@type\":\"WebPage\",\"@id\":\"https:\\\/\\\/schwebach.de\\\/?p=3349\",\"url\":\"https:\\\/\\\/schwebach.de\\\/?p=3349\",\"name\":\"60 Jahre Heiner Schwebach - SCHWEBACH Maler &amp; Lackierer\",\"isPartOf\":{\"@id\":\"https:\\\/\\\/schwebach.de\\\/#website\"},\"primaryImageOfPage\":{\"@id\":\"https:\\\/\\\/schwebach.de\\\/?p=3349#primaryimage\"},\"image\":{\"@id\":\"https:\\\/\\\/schwebach.de\\\/?p=3349#primaryimage\"},\"thumbnailUrl\":\"https:\\\/\\\/schwebach.de\\\/wp-content\\\/uploads\\\/2020\\\/07\\\/hs_Torte.jpg\",\"datePublished\":\"2020-07-15T21:54:00+00:00\",\"dateModified\":\"2020-10-12T15:21:02+00:00\",\"description\":\"Heiner Schwebach feiert seinen 60. Geburtstag und das in Etappen.\",\"breadcrumb\":{\"@id\":\"https:\\\/\\\/schwebach.de\\\/?p=3349#breadcrumb\"},\"inLanguage\":\"de\",\"potentialAction\":[{\"@type\":\"ReadAction\",\"target\":[\"https:\\\/\\\/schwebach.de\\\/?p=3349\"]}]},{\"@type\":\"ImageObject\",\"inLanguage\":\"de\",\"@id\":\"https:\\\/\\\/schwebach.de\\\/?p=3349#primaryimage\",\"url\":\"https:\\\/\\\/schwebach.de\\\/wp-content\\\/uploads\\\/2020\\\/07\\\/hs_Torte.jpg\",\"contentUrl\":\"https:\\\/\\\/schwebach.de\\\/wp-content\\\/uploads\\\/2020\\\/07\\\/hs_Torte.jpg\",\"width\":1200,\"height\":1600,\"caption\":\"60 Jahre Heiner Schwebach\"},{\"@type\":\"BreadcrumbList\",\"@id\":\"https:\\\/\\\/schwebach.de\\\/?p=3349#breadcrumb\",\"itemListElement\":[{\"@type\":\"ListItem\",\"position\":1,\"name\":\"Startseite\",\"item\":\"https:\\\/\\\/schwebach.de\\\/\"},{\"@type\":\"ListItem\",\"position\":2,\"name\":\"60 Jahre Heiner Schwebach\"}]},{\"@type\":\"WebSite\",\"@id\":\"https:\\\/\\\/schwebach.de\\\/#website\",\"url\":\"https:\\\/\\\/schwebach.de\\\/\",\"name\":\"SCHWEBACH Maler &amp; Lackierer\",\"description\":\"Ihr Wohlf\u00fchlmaler aus Irsch\\\/Saar\",\"publisher\":{\"@id\":\"https:\\\/\\\/schwebach.de\\\/#organization\"},\"potentialAction\":[{\"@type\":\"SearchAction\",\"target\":{\"@type\":\"EntryPoint\",\"urlTemplate\":\"https:\\\/\\\/schwebach.de\\\/?s={search_term_string}\"},\"query-input\":{\"@type\":\"PropertyValueSpecification\",\"valueRequired\":true,\"valueName\":\"search_term_string\"}}],\"inLanguage\":\"de\"},{\"@type\":\"Organization\",\"@id\":\"https:\\\/\\\/schwebach.de\\\/#organization\",\"name\":\"Schwebach Maler & Lackierer GmbH\",\"url\":\"https:\\\/\\\/schwebach.de\\\/\",\"logo\":{\"@type\":\"ImageObject\",\"inLanguage\":\"de\",\"@id\":\"https:\\\/\\\/schwebach.de\\\/#\\\/schema\\\/logo\\\/image\\\/\",\"url\":\"https:\\\/\\\/schwebach.de\\\/wp-content\\\/uploads\\\/2016\\\/04\\\/butterfly.png\",\"contentUrl\":\"https:\\\/\\\/schwebach.de\\\/wp-content\\\/uploads\\\/2016\\\/04\\\/butterfly.png\",\"width\":463,\"height\":310,\"caption\":\"Schwebach Maler & Lackierer GmbH\"},\"image\":{\"@id\":\"https:\\\/\\\/schwebach.de\\\/#\\\/schema\\\/logo\\\/image\\\/\"},\"sameAs\":[\"https:\\\/\\\/www.facebook.com\\\/schwebach.wohlfuehlmaler\",\"https:\\\/\\\/www.youtube.com\\\/user\\\/Wohlfuehlmaler\"]},{\"@type\":\"Person\",\"@id\":\"https:\\\/\\\/schwebach.de\\\/#\\\/schema\\\/person\\\/d00f441195aff8fe4987add5febad44d\",\"name\":\"Schwebach\",\"image\":{\"@type\":\"ImageObject\",\"inLanguage\":\"de\",\"@id\":\"https:\\\/\\\/secure.gravatar.com\\\/avatar\\\/34291dd68034cb7317838ad1f4c39bc27d010389fac30629b636c5776ac49376?s=96&d=mm&r=g\",\"url\":\"https:\\\/\\\/secure.gravatar.com\\\/avatar\\\/34291dd68034cb7317838ad1f4c39bc27d010389fac30629b636c5776ac49376?s=96&d=mm&r=g\",\"contentUrl\":\"https:\\\/\\\/secure.gravatar.com\\\/avatar\\\/34291dd68034cb7317838ad1f4c39bc27d010389fac30629b636c5776ac49376?s=96&d=mm&r=g\",\"caption\":\"Schwebach\"},\"url\":\"https:\\\/\\\/schwebach.de\\\/?author=1\"}]}<\/script>\n<!-- \/ Yoast SEO plugin. -->","yoast_head_json":{"title":"60 Jahre Heiner Schwebach - SCHWEBACH Maler &amp; Lackierer","description":"Heiner Schwebach feiert seinen 60. Geburtstag und das in Etappen.","robots":{"index":"index","follow":"follow","max-snippet":"max-snippet:-1","max-image-preview":"max-image-preview:large","max-video-preview":"max-video-preview:-1"},"canonical":"https:\/\/schwebach.de\/?p=3349","og_locale":"de_DE","og_type":"article","og_title":"60 Jahre Heiner Schwebach - SCHWEBACH Maler &amp; Lackierer","og_description":"Heiner Schwebach feiert seinen 60. Geburtstag und das in Etappen.","og_url":"https:\/\/schwebach.de\/?p=3349","og_site_name":"SCHWEBACH Maler &amp; Lackierer","article_publisher":"https:\/\/www.facebook.com\/schwebach.wohlfuehlmaler","article_published_time":"2020-07-15T21:54:00+00:00","article_modified_time":"2020-10-12T15:21:02+00:00","og_image":[{"width":1200,"height":1600,"url":"https:\/\/schwebach.de\/wp-content\/uploads\/2020\/07\/hs_Torte.jpg","type":"image\/jpeg"}],"author":"Schwebach","twitter_card":"summary_large_image","twitter_misc":{"Verfasst von":"Schwebach","Gesch\u00e4tzte Lesezeit":"1\u00a0Minute"},"schema":{"@context":"https:\/\/schema.org","@graph":[{"@type":"Article","@id":"https:\/\/schwebach.de\/?p=3349#article","isPartOf":{"@id":"https:\/\/schwebach.de\/?p=3349"},"author":{"name":"Schwebach","@id":"https:\/\/schwebach.de\/#\/schema\/person\/d00f441195aff8fe4987add5febad44d"},"headline":"60 Jahre Heiner Schwebach","datePublished":"2020-07-15T21:54:00+00:00","dateModified":"2020-10-12T15:21:02+00:00","mainEntityOfPage":{"@id":"https:\/\/schwebach.de\/?p=3349"},"wordCount":200,"commentCount":2,"publisher":{"@id":"https:\/\/schwebach.de\/#organization"},"image":{"@id":"https:\/\/schwebach.de\/?p=3349#primaryimage"},"thumbnailUrl":"https:\/\/schwebach.de\/wp-content\/uploads\/2020\/07\/hs_Torte.jpg","articleSection":["Projekte"],"inLanguage":"de","potentialAction":[{"@type":"CommentAction","name":"Comment","target":["https:\/\/schwebach.de\/?p=3349#respond"]}]},{"@type":"WebPage","@id":"https:\/\/schwebach.de\/?p=3349","url":"https:\/\/schwebach.de\/?p=3349","name":"60 Jahre Heiner Schwebach - SCHWEBACH Maler &amp; Lackierer","isPartOf":{"@id":"https:\/\/schwebach.de\/#website"},"primaryImageOfPage":{"@id":"https:\/\/schwebach.de\/?p=3349#primaryimage"},"image":{"@id":"https:\/\/schwebach.de\/?p=3349#primaryimage"},"thumbnailUrl":"https:\/\/schwebach.de\/wp-content\/uploads\/2020\/07\/hs_Torte.jpg","datePublished":"2020-07-15T21:54:00+00:00","dateModified":"2020-10-12T15:21:02+00:00","description":"Heiner Schwebach feiert seinen 60. Geburtstag und das in Etappen.","breadcrumb":{"@id":"https:\/\/schwebach.de\/?p=3349#breadcrumb"},"inLanguage":"de","potentialAction":[{"@type":"ReadAction","target":["https:\/\/schwebach.de\/?p=3349"]}]},{"@type":"ImageObject","inLanguage":"de","@id":"https:\/\/schwebach.de\/?p=3349#primaryimage","url":"https:\/\/schwebach.de\/wp-content\/uploads\/2020\/07\/hs_Torte.jpg","contentUrl":"https:\/\/schwebach.de\/wp-content\/uploads\/2020\/07\/hs_Torte.jpg","width":1200,"height":1600,"caption":"60 Jahre Heiner Schwebach"},{"@type":"BreadcrumbList","@id":"https:\/\/schwebach.de\/?p=3349#breadcrumb","itemListElement":[{"@type":"ListItem","position":1,"name":"Startseite","item":"https:\/\/schwebach.de\/"},{"@type":"ListItem","position":2,"name":"60 Jahre Heiner Schwebach"}]},{"@type":"WebSite","@id":"https:\/\/schwebach.de\/#website","url":"https:\/\/schwebach.de\/","name":"SCHWEBACH Maler &amp; Lackierer","description":"Ihr Wohlf\u00fchlmaler aus Irsch\/Saar","publisher":{"@id":"https:\/\/schwebach.de\/#organization"},"potentialAction":[{"@type":"SearchAction","target":{"@type":"EntryPoint","urlTemplate":"https:\/\/schwebach.de\/?s={search_term_string}"},"query-input":{"@type":"PropertyValueSpecification","valueRequired":true,"valueName":"search_term_string"}}],"inLanguage":"de"},{"@type":"Organization","@id":"https:\/\/schwebach.de\/#organization","name":"Schwebach Maler & Lackierer GmbH","url":"https:\/\/schwebach.de\/","logo":{"@type":"ImageObject","inLanguage":"de","@id":"https:\/\/schwebach.de\/#\/schema\/logo\/image\/","url":"https:\/\/schwebach.de\/wp-content\/uploads\/2016\/04\/butterfly.png","contentUrl":"https:\/\/schwebach.de\/wp-content\/uploads\/2016\/04\/butterfly.png","width":463,"height":310,"caption":"Schwebach Maler & Lackierer GmbH"},"image":{"@id":"https:\/\/schwebach.de\/#\/schema\/logo\/image\/"},"sameAs":["https:\/\/www.facebook.com\/schwebach.wohlfuehlmaler","https:\/\/www.youtube.com\/user\/Wohlfuehlmaler"]},{"@type":"Person","@id":"https:\/\/schwebach.de\/#\/schema\/person\/d00f441195aff8fe4987add5febad44d","name":"Schwebach","image":{"@type":"ImageObject","inLanguage":"de","@id":"https:\/\/secure.gravatar.com\/avatar\/34291dd68034cb7317838ad1f4c39bc27d010389fac30629b636c5776ac49376?s=96&d=mm&r=g","url":"https:\/\/secure.gravatar.com\/avatar\/34291dd68034cb7317838ad1f4c39bc27d010389fac30629b636c5776ac49376?s=96&d=mm&r=g","contentUrl":"https:\/\/secure.gravatar.com\/avatar\/34291dd68034cb7317838ad1f4c39bc27d010389fac30629b636c5776ac49376?s=96&d=mm&r=g","caption":"Schwebach"},"url":"https:\/\/schwebach.de\/?author=1"}]}},"_links":{"self":[{"href":"https:\/\/schwebach.de\/index.php?rest_route=\/wp\/v2\/posts\/3349","targetHints":{"allow":["GET"]}}],"collection":[{"href":"https:\/\/schwebach.de\/index.php?rest_route=\/wp\/v2\/posts"}],"about":[{"href":"https:\/\/schwebach.de\/index.php?rest_route=\/wp\/v2\/types\/post"}],"author":[{"embeddable":true,"href":"https:\/\/schwebach.de\/index.php?rest_route=\/wp\/v2\/users\/1"}],"replies":[{"embeddable":true,"href":"https:\/\/schwebach.de\/index.php?rest_route=%2Fwp%2Fv2%2Fcomments&post=3349"}],"version-history":[{"count":5,"href":"https:\/\/schwebach.de\/index.php?rest_route=\/wp\/v2\/posts\/3349\/revisions"}],"predecessor-version":[{"id":3366,"href":"https:\/\/schwebach.de\/index.php?rest_route=\/wp\/v2\/posts\/3349\/revisions\/3366"}],"wp:featuredmedia":[{"embeddable":true,"href":"https:\/\/schwebach.de\/index.php?rest_route=\/wp\/v2\/media\/3353"}],"wp:attachment":[{"href":"https:\/\/schwebach.de\/index.php?rest_route=%2Fwp%2Fv2%2Fmedia&parent=3349"}],"wp:term":[{"taxonomy":"category","embeddable":true,"href":"https:\/\/schwebach.de\/index.php?rest_route=%2Fwp%2Fv2%2Fcategories&post=3349"},{"taxonomy":"post_tag","embeddable":true,"href":"https:\/\/schwebach.de\/index.php?rest_route=%2Fwp%2Fv2%2Ftags&post=3349"}],"curies":[{"name":"wp","href":"https:\/\/api.w.org\/{rel}","templated":true}]}}