{"id":3319,"date":"2020-03-13T12:55:07","date_gmt":"2020-03-13T10:55:07","guid":{"rendered":"https:\/\/schwebach.de\/?p=3319"},"modified":"2020-03-13T13:50:53","modified_gmt":"2020-03-13T11:50:53","slug":"covid-19-besondere-zeiten","status":"publish","type":"post","link":"https:\/\/schwebach.de\/?p=3319","title":{"rendered":"COVID-19 &#8211; besondere Zeiten"},"content":{"rendered":"<div id=\"pl-3319\"  class=\"panel-layout\" ><div id=\"pg-3319-0\"  class=\"panel-grid panel-no-style\" ><div id=\"pgc-3319-0-0\"  class=\"panel-grid-cell\" ><div id=\"panel-3319-0-0-0\" class=\"so-panel widget widget_sow-editor panel-first-child panel-last-child\" data-index=\"0\" ><div\n\t\t\t\n\t\t\tclass=\"so-widget-sow-editor so-widget-sow-editor-base\"\n\t\t\t\n\t\t>\n<div class=\"siteorigin-widget-tinymce textwidget\">\n\t<p>Die Ereignisse rund um das neuartige Corona-Virus COVID-19 \u00fcberschlagen sich gerade. Schon sehr fr\u00fch haben wir die Entwicklung in China sehr genau beobachtet und einige Vorkehrungen getroffen. Im Maler &amp; Lackiererhandwerk gibt es keine M\u00f6glichkeiten, im \"Homeoffice\" eine Fassade zu streichen.<br \/>\nAls Handwerksunternehmen m\u00f6chten wir daher ganz besonders vorsichtig sein und unsere Kunden und Mitarbeiter sch\u00fctzen.<br \/>\nMa\u00dfnahmen zum Arbeitsschutz und 1. Hilfe waren f\u00fcr uns in der Firma immer sehr wichtig.<\/p>\n<h2>Vorbeugen ist besser!<\/h2>\n<p>Hier sind wir aber auch auf die Mithilfe und das verantwortungsbewusste Handeln aller Menschen angewiesen. F\u00fcr unsere Firma hei\u00dft das, dass wir ganz besonderen Wert auf Hygiene legen und vor und nach jedem Arbeitsgang und jedem Kontakt ganz ordentlich die H\u00e4nde waschen.<br \/>\nWir werden mit Kunden und Partnern auch weiterhin ENG zusammen arbeiten, aber dabei auch ABSTAND halten. H\u00e4ndesch\u00fctteln werden wir ganz unterlassen. Das ist nicht \u00fcbertrieben. Es sind besondere Zeiten, die von uns allen einen besonderen Einsatz und auch Verst\u00e4ndnis verlangen.<br \/>\nBleiben Sie gesund!<\/p>\n<p><img loading=\"lazy\" decoding=\"async\" class=\"alignnone size-large wp-image-3320\" src=\"https:\/\/schwebach.de\/wp-content\/uploads\/2020\/03\/haende-768x1024.jpg\" alt=\"Bremsen wir die Pandemie\" width=\"750\" height=\"1000\" srcset=\"https:\/\/schwebach.de\/wp-content\/uploads\/2020\/03\/haende-768x1024.jpg 768w, https:\/\/schwebach.de\/wp-content\/uploads\/2020\/03\/haende-225x300.jpg 225w, https:\/\/schwebach.de\/wp-content\/uploads\/2020\/03\/haende-1152x1536.jpg 1152w, https:\/\/schwebach.de\/wp-content\/uploads\/2020\/03\/haende.jpg 1200w\" sizes=\"auto, (max-width: 750px) 100vw, 750px\" \/><\/p>\n<\/div>\n<\/div><\/div><\/div><\/div><\/div>","protected":false},"excerpt":{"rendered":"<p>Die Ereignisse rund um das neuartige Corona-Virus COVID-19 \u00fcberschlagen sich gerade. Schon sehr fr\u00fch haben wir die Entwicklung in China sehr genau beobachtet und einige Vorkehrungen getroffen. Im Maler &amp; Lackiererhandwerk gibt es keine M\u00f6glichkeiten, im &#8222;Homeoffice&#8220; eine Fassade zu<\/p>\n","protected":false},"author":1,"featured_media":3320,"comment_status":"open","ping_status":"open","sticky":false,"template":"","format":"standard","meta":{"footnotes":""},"categories":[39],"tags":[],"class_list":["post-3319","post","type-post","status-publish","format-standard","has-post-thumbnail","hentry","category-problemloesungen"],"yoast_head":"<!-- This site is optimized with the Yoast SEO plugin v27.4 - https:\/\/yoast.com\/product\/yoast-seo-wordpress\/ -->\n<title>COVID-19 - besondere Zeiten - SCHWEBACH Maler &amp; Lackierer<\/title>\n<meta name=\"robots\" content=\"index, follow, max-snippet:-1, max-image-preview:large, max-video-preview:-1\" \/>\n<link rel=\"canonical\" href=\"https:\/\/schwebach.de\/?p=3319\" \/>\n<meta property=\"og:locale\" content=\"de_DE\" \/>\n<meta property=\"og:type\" content=\"article\" \/>\n<meta property=\"og:title\" content=\"COVID-19 - besondere Zeiten - SCHWEBACH Maler &amp; Lackierer\" \/>\n<meta property=\"og:description\" content=\"Die Ereignisse rund um das neuartige Corona-Virus COVID-19 \u00fcberschlagen sich gerade. Schon sehr fr\u00fch haben wir die Entwicklung in China sehr genau beobachtet und einige Vorkehrungen getroffen. Im Maler &amp; Lackiererhandwerk gibt es keine M\u00f6glichkeiten, im &quot;Homeoffice&quot; eine Fassade zu\" \/>\n<meta property=\"og:url\" content=\"https:\/\/schwebach.de\/?p=3319\" \/>\n<meta property=\"og:site_name\" content=\"SCHWEBACH Maler &amp; Lackierer\" \/>\n<meta property=\"article:publisher\" content=\"https:\/\/www.facebook.com\/schwebach.wohlfuehlmaler\" \/>\n<meta property=\"article:published_time\" content=\"2020-03-13T10:55:07+00:00\" \/>\n<meta property=\"article:modified_time\" content=\"2020-03-13T11:50:53+00:00\" \/>\n<meta property=\"og:image\" content=\"https:\/\/schwebach.de\/wp-content\/uploads\/2020\/03\/haende.jpg\" \/>\n\t<meta property=\"og:image:width\" content=\"1200\" \/>\n\t<meta property=\"og:image:height\" content=\"1600\" \/>\n\t<meta property=\"og:image:type\" content=\"image\/jpeg\" \/>\n<meta name=\"author\" content=\"Schwebach\" \/>\n<meta name=\"twitter:card\" content=\"summary_large_image\" \/>\n<meta name=\"twitter:label1\" content=\"Verfasst von\" \/>\n\t<meta name=\"twitter:data1\" content=\"Schwebach\" \/>\n\t<meta name=\"twitter:label2\" content=\"Gesch\u00e4tzte Lesezeit\" \/>\n\t<meta name=\"twitter:data2\" content=\"1\u00a0Minute\" \/>\n<script type=\"application\/ld+json\" class=\"yoast-schema-graph\">{\"@context\":\"https:\\\/\\\/schema.org\",\"@graph\":[{\"@type\":\"Article\",\"@id\":\"https:\\\/\\\/schwebach.de\\\/?p=3319#article\",\"isPartOf\":{\"@id\":\"https:\\\/\\\/schwebach.de\\\/?p=3319\"},\"author\":{\"name\":\"Schwebach\",\"@id\":\"https:\\\/\\\/schwebach.de\\\/#\\\/schema\\\/person\\\/d00f441195aff8fe4987add5febad44d\"},\"headline\":\"COVID-19 &#8211; besondere Zeiten\",\"datePublished\":\"2020-03-13T10:55:07+00:00\",\"dateModified\":\"2020-03-13T11:50:53+00:00\",\"mainEntityOfPage\":{\"@id\":\"https:\\\/\\\/schwebach.de\\\/?p=3319\"},\"wordCount\":174,\"commentCount\":0,\"publisher\":{\"@id\":\"https:\\\/\\\/schwebach.de\\\/#organization\"},\"image\":{\"@id\":\"https:\\\/\\\/schwebach.de\\\/?p=3319#primaryimage\"},\"thumbnailUrl\":\"https:\\\/\\\/schwebach.de\\\/wp-content\\\/uploads\\\/2020\\\/03\\\/haende.jpg\",\"articleSection\":[\"Probleml\u00f6sungen\"],\"inLanguage\":\"de\",\"potentialAction\":[{\"@type\":\"CommentAction\",\"name\":\"Comment\",\"target\":[\"https:\\\/\\\/schwebach.de\\\/?p=3319#respond\"]}]},{\"@type\":\"WebPage\",\"@id\":\"https:\\\/\\\/schwebach.de\\\/?p=3319\",\"url\":\"https:\\\/\\\/schwebach.de\\\/?p=3319\",\"name\":\"COVID-19 - besondere Zeiten - SCHWEBACH Maler &amp; Lackierer\",\"isPartOf\":{\"@id\":\"https:\\\/\\\/schwebach.de\\\/#website\"},\"primaryImageOfPage\":{\"@id\":\"https:\\\/\\\/schwebach.de\\\/?p=3319#primaryimage\"},\"image\":{\"@id\":\"https:\\\/\\\/schwebach.de\\\/?p=3319#primaryimage\"},\"thumbnailUrl\":\"https:\\\/\\\/schwebach.de\\\/wp-content\\\/uploads\\\/2020\\\/03\\\/haende.jpg\",\"datePublished\":\"2020-03-13T10:55:07+00:00\",\"dateModified\":\"2020-03-13T11:50:53+00:00\",\"breadcrumb\":{\"@id\":\"https:\\\/\\\/schwebach.de\\\/?p=3319#breadcrumb\"},\"inLanguage\":\"de\",\"potentialAction\":[{\"@type\":\"ReadAction\",\"target\":[\"https:\\\/\\\/schwebach.de\\\/?p=3319\"]}]},{\"@type\":\"ImageObject\",\"inLanguage\":\"de\",\"@id\":\"https:\\\/\\\/schwebach.de\\\/?p=3319#primaryimage\",\"url\":\"https:\\\/\\\/schwebach.de\\\/wp-content\\\/uploads\\\/2020\\\/03\\\/haende.jpg\",\"contentUrl\":\"https:\\\/\\\/schwebach.de\\\/wp-content\\\/uploads\\\/2020\\\/03\\\/haende.jpg\",\"width\":1200,\"height\":1600,\"caption\":\"Bremsen wir die Pandemie\"},{\"@type\":\"BreadcrumbList\",\"@id\":\"https:\\\/\\\/schwebach.de\\\/?p=3319#breadcrumb\",\"itemListElement\":[{\"@type\":\"ListItem\",\"position\":1,\"name\":\"Startseite\",\"item\":\"https:\\\/\\\/schwebach.de\\\/\"},{\"@type\":\"ListItem\",\"position\":2,\"name\":\"COVID-19 &#8211; besondere Zeiten\"}]},{\"@type\":\"WebSite\",\"@id\":\"https:\\\/\\\/schwebach.de\\\/#website\",\"url\":\"https:\\\/\\\/schwebach.de\\\/\",\"name\":\"SCHWEBACH Maler &amp; Lackierer\",\"description\":\"Ihr Wohlf\u00fchlmaler aus Irsch\\\/Saar\",\"publisher\":{\"@id\":\"https:\\\/\\\/schwebach.de\\\/#organization\"},\"potentialAction\":[{\"@type\":\"SearchAction\",\"target\":{\"@type\":\"EntryPoint\",\"urlTemplate\":\"https:\\\/\\\/schwebach.de\\\/?s={search_term_string}\"},\"query-input\":{\"@type\":\"PropertyValueSpecification\",\"valueRequired\":true,\"valueName\":\"search_term_string\"}}],\"inLanguage\":\"de\"},{\"@type\":\"Organization\",\"@id\":\"https:\\\/\\\/schwebach.de\\\/#organization\",\"name\":\"Schwebach Maler & Lackierer GmbH\",\"url\":\"https:\\\/\\\/schwebach.de\\\/\",\"logo\":{\"@type\":\"ImageObject\",\"inLanguage\":\"de\",\"@id\":\"https:\\\/\\\/schwebach.de\\\/#\\\/schema\\\/logo\\\/image\\\/\",\"url\":\"https:\\\/\\\/schwebach.de\\\/wp-content\\\/uploads\\\/2016\\\/04\\\/butterfly.png\",\"contentUrl\":\"https:\\\/\\\/schwebach.de\\\/wp-content\\\/uploads\\\/2016\\\/04\\\/butterfly.png\",\"width\":463,\"height\":310,\"caption\":\"Schwebach Maler & Lackierer GmbH\"},\"image\":{\"@id\":\"https:\\\/\\\/schwebach.de\\\/#\\\/schema\\\/logo\\\/image\\\/\"},\"sameAs\":[\"https:\\\/\\\/www.facebook.com\\\/schwebach.wohlfuehlmaler\",\"https:\\\/\\\/www.youtube.com\\\/user\\\/Wohlfuehlmaler\"]},{\"@type\":\"Person\",\"@id\":\"https:\\\/\\\/schwebach.de\\\/#\\\/schema\\\/person\\\/d00f441195aff8fe4987add5febad44d\",\"name\":\"Schwebach\",\"image\":{\"@type\":\"ImageObject\",\"inLanguage\":\"de\",\"@id\":\"https:\\\/\\\/secure.gravatar.com\\\/avatar\\\/34291dd68034cb7317838ad1f4c39bc27d010389fac30629b636c5776ac49376?s=96&d=mm&r=g\",\"url\":\"https:\\\/\\\/secure.gravatar.com\\\/avatar\\\/34291dd68034cb7317838ad1f4c39bc27d010389fac30629b636c5776ac49376?s=96&d=mm&r=g\",\"contentUrl\":\"https:\\\/\\\/secure.gravatar.com\\\/avatar\\\/34291dd68034cb7317838ad1f4c39bc27d010389fac30629b636c5776ac49376?s=96&d=mm&r=g\",\"caption\":\"Schwebach\"},\"url\":\"https:\\\/\\\/schwebach.de\\\/?author=1\"}]}<\/script>\n<!-- \/ Yoast SEO plugin. -->","yoast_head_json":{"title":"COVID-19 - besondere Zeiten - SCHWEBACH Maler &amp; Lackierer","robots":{"index":"index","follow":"follow","max-snippet":"max-snippet:-1","max-image-preview":"max-image-preview:large","max-video-preview":"max-video-preview:-1"},"canonical":"https:\/\/schwebach.de\/?p=3319","og_locale":"de_DE","og_type":"article","og_title":"COVID-19 - besondere Zeiten - SCHWEBACH Maler &amp; Lackierer","og_description":"Die Ereignisse rund um das neuartige Corona-Virus COVID-19 \u00fcberschlagen sich gerade. Schon sehr fr\u00fch haben wir die Entwicklung in China sehr genau beobachtet und einige Vorkehrungen getroffen. Im Maler &amp; Lackiererhandwerk gibt es keine M\u00f6glichkeiten, im \"Homeoffice\" eine Fassade zu","og_url":"https:\/\/schwebach.de\/?p=3319","og_site_name":"SCHWEBACH Maler &amp; Lackierer","article_publisher":"https:\/\/www.facebook.com\/schwebach.wohlfuehlmaler","article_published_time":"2020-03-13T10:55:07+00:00","article_modified_time":"2020-03-13T11:50:53+00:00","og_image":[{"width":1200,"height":1600,"url":"https:\/\/schwebach.de\/wp-content\/uploads\/2020\/03\/haende.jpg","type":"image\/jpeg"}],"author":"Schwebach","twitter_card":"summary_large_image","twitter_misc":{"Verfasst von":"Schwebach","Gesch\u00e4tzte Lesezeit":"1\u00a0Minute"},"schema":{"@context":"https:\/\/schema.org","@graph":[{"@type":"Article","@id":"https:\/\/schwebach.de\/?p=3319#article","isPartOf":{"@id":"https:\/\/schwebach.de\/?p=3319"},"author":{"name":"Schwebach","@id":"https:\/\/schwebach.de\/#\/schema\/person\/d00f441195aff8fe4987add5febad44d"},"headline":"COVID-19 &#8211; besondere Zeiten","datePublished":"2020-03-13T10:55:07+00:00","dateModified":"2020-03-13T11:50:53+00:00","mainEntityOfPage":{"@id":"https:\/\/schwebach.de\/?p=3319"},"wordCount":174,"commentCount":0,"publisher":{"@id":"https:\/\/schwebach.de\/#organization"},"image":{"@id":"https:\/\/schwebach.de\/?p=3319#primaryimage"},"thumbnailUrl":"https:\/\/schwebach.de\/wp-content\/uploads\/2020\/03\/haende.jpg","articleSection":["Probleml\u00f6sungen"],"inLanguage":"de","potentialAction":[{"@type":"CommentAction","name":"Comment","target":["https:\/\/schwebach.de\/?p=3319#respond"]}]},{"@type":"WebPage","@id":"https:\/\/schwebach.de\/?p=3319","url":"https:\/\/schwebach.de\/?p=3319","name":"COVID-19 - besondere Zeiten - SCHWEBACH Maler &amp; Lackierer","isPartOf":{"@id":"https:\/\/schwebach.de\/#website"},"primaryImageOfPage":{"@id":"https:\/\/schwebach.de\/?p=3319#primaryimage"},"image":{"@id":"https:\/\/schwebach.de\/?p=3319#primaryimage"},"thumbnailUrl":"https:\/\/schwebach.de\/wp-content\/uploads\/2020\/03\/haende.jpg","datePublished":"2020-03-13T10:55:07+00:00","dateModified":"2020-03-13T11:50:53+00:00","breadcrumb":{"@id":"https:\/\/schwebach.de\/?p=3319#breadcrumb"},"inLanguage":"de","potentialAction":[{"@type":"ReadAction","target":["https:\/\/schwebach.de\/?p=3319"]}]},{"@type":"ImageObject","inLanguage":"de","@id":"https:\/\/schwebach.de\/?p=3319#primaryimage","url":"https:\/\/schwebach.de\/wp-content\/uploads\/2020\/03\/haende.jpg","contentUrl":"https:\/\/schwebach.de\/wp-content\/uploads\/2020\/03\/haende.jpg","width":1200,"height":1600,"caption":"Bremsen wir die Pandemie"},{"@type":"BreadcrumbList","@id":"https:\/\/schwebach.de\/?p=3319#breadcrumb","itemListElement":[{"@type":"ListItem","position":1,"name":"Startseite","item":"https:\/\/schwebach.de\/"},{"@type":"ListItem","position":2,"name":"COVID-19 &#8211; besondere Zeiten"}]},{"@type":"WebSite","@id":"https:\/\/schwebach.de\/#website","url":"https:\/\/schwebach.de\/","name":"SCHWEBACH Maler &amp; Lackierer","description":"Ihr Wohlf\u00fchlmaler aus Irsch\/Saar","publisher":{"@id":"https:\/\/schwebach.de\/#organization"},"potentialAction":[{"@type":"SearchAction","target":{"@type":"EntryPoint","urlTemplate":"https:\/\/schwebach.de\/?s={search_term_string}"},"query-input":{"@type":"PropertyValueSpecification","valueRequired":true,"valueName":"search_term_string"}}],"inLanguage":"de"},{"@type":"Organization","@id":"https:\/\/schwebach.de\/#organization","name":"Schwebach Maler & Lackierer GmbH","url":"https:\/\/schwebach.de\/","logo":{"@type":"ImageObject","inLanguage":"de","@id":"https:\/\/schwebach.de\/#\/schema\/logo\/image\/","url":"https:\/\/schwebach.de\/wp-content\/uploads\/2016\/04\/butterfly.png","contentUrl":"https:\/\/schwebach.de\/wp-content\/uploads\/2016\/04\/butterfly.png","width":463,"height":310,"caption":"Schwebach Maler & Lackierer GmbH"},"image":{"@id":"https:\/\/schwebach.de\/#\/schema\/logo\/image\/"},"sameAs":["https:\/\/www.facebook.com\/schwebach.wohlfuehlmaler","https:\/\/www.youtube.com\/user\/Wohlfuehlmaler"]},{"@type":"Person","@id":"https:\/\/schwebach.de\/#\/schema\/person\/d00f441195aff8fe4987add5febad44d","name":"Schwebach","image":{"@type":"ImageObject","inLanguage":"de","@id":"https:\/\/secure.gravatar.com\/avatar\/34291dd68034cb7317838ad1f4c39bc27d010389fac30629b636c5776ac49376?s=96&d=mm&r=g","url":"https:\/\/secure.gravatar.com\/avatar\/34291dd68034cb7317838ad1f4c39bc27d010389fac30629b636c5776ac49376?s=96&d=mm&r=g","contentUrl":"https:\/\/secure.gravatar.com\/avatar\/34291dd68034cb7317838ad1f4c39bc27d010389fac30629b636c5776ac49376?s=96&d=mm&r=g","caption":"Schwebach"},"url":"https:\/\/schwebach.de\/?author=1"}]}},"_links":{"self":[{"href":"https:\/\/schwebach.de\/index.php?rest_route=\/wp\/v2\/posts\/3319","targetHints":{"allow":["GET"]}}],"collection":[{"href":"https:\/\/schwebach.de\/index.php?rest_route=\/wp\/v2\/posts"}],"about":[{"href":"https:\/\/schwebach.de\/index.php?rest_route=\/wp\/v2\/types\/post"}],"author":[{"embeddable":true,"href":"https:\/\/schwebach.de\/index.php?rest_route=\/wp\/v2\/users\/1"}],"replies":[{"embeddable":true,"href":"https:\/\/schwebach.de\/index.php?rest_route=%2Fwp%2Fv2%2Fcomments&post=3319"}],"version-history":[{"count":3,"href":"https:\/\/schwebach.de\/index.php?rest_route=\/wp\/v2\/posts\/3319\/revisions"}],"predecessor-version":[{"id":3323,"href":"https:\/\/schwebach.de\/index.php?rest_route=\/wp\/v2\/posts\/3319\/revisions\/3323"}],"wp:featuredmedia":[{"embeddable":true,"href":"https:\/\/schwebach.de\/index.php?rest_route=\/wp\/v2\/media\/3320"}],"wp:attachment":[{"href":"https:\/\/schwebach.de\/index.php?rest_route=%2Fwp%2Fv2%2Fmedia&parent=3319"}],"wp:term":[{"taxonomy":"category","embeddable":true,"href":"https:\/\/schwebach.de\/index.php?rest_route=%2Fwp%2Fv2%2Fcategories&post=3319"},{"taxonomy":"post_tag","embeddable":true,"href":"https:\/\/schwebach.de\/index.php?rest_route=%2Fwp%2Fv2%2Ftags&post=3319"}],"curies":[{"name":"wp","href":"https:\/\/api.w.org\/{rel}","templated":true}]}}