{"id":3189,"date":"2019-03-27T20:53:11","date_gmt":"2019-03-27T20:53:11","guid":{"rendered":"https:\/\/schwebach.de\/?p=3189"},"modified":"2019-04-18T21:27:59","modified_gmt":"2019-04-18T21:27:59","slug":"faf","status":"publish","type":"post","link":"https:\/\/schwebach.de\/?p=3189","title":{"rendered":"Unser Team auf der FAF"},"content":{"rendered":"<div id=\"pl-3189\"  class=\"panel-layout\" ><div id=\"pg-3189-0\"  class=\"panel-grid panel-no-style\" ><div id=\"pgc-3189-0-0\"  class=\"panel-grid-cell\" ><div id=\"panel-3189-0-0-0\" class=\"so-panel widget widget_sow-editor panel-first-child panel-last-child\" data-index=\"0\" ><div\n\t\t\t\n\t\t\tclass=\"so-widget-sow-editor so-widget-sow-editor-base\"\n\t\t\t\n\t\t><h3 class=\"widget-title\">Farbe, Ausbau und Fassade<\/h3>\n<div class=\"siteorigin-widget-tinymce textwidget\">\n\t<h2>Die Messe \"FAF\" in K\u00f6ln<\/h2>\n<p>Vom 20.-23. M\u00e4rz 2019 fand die FAF 2019 statt. FAF steht f\u00fcr die Messe \"Farbe, Ausbau und Fassade\" und diese wurde diesmal auf dem Messegel\u00e4nde in K\u00f6ln veranstaltet.<br \/>\nAuch f\u00fcr unsere Mitarbeiter ist es wichtig, sich \u00fcber neue Trends, Ger\u00e4te, Materialien und Techniken zu informieren. So war eine Delegation unserer Firma dort unterwegs und konnte sich informieren. Rund 400 Aussteller waren auf der Messe und es gab ein abwechslungsreiches Programm.<\/p>\n<p>Unter dem Motto \"Deine Zukunft ist bunt\" wurde auch gezielt der Nachwuchs f\u00fcr unser farbiges Handwerk beworben. Weitere Infos zu dieser Initiative gibt es unter <a href=\"http:\/\/dzib.de\" target=\"_blank\" rel=\"noopener\">dzib.de<\/a><\/p>\n<p><img loading=\"lazy\" decoding=\"async\" class=\"alignnone size-full wp-image-3190\" src=\"https:\/\/schwebach.de\/wp-content\/uploads\/2019\/04\/FAF.jpg\" alt=\"FAF K\u00f6ln\" width=\"1100\" height=\"780\" srcset=\"https:\/\/schwebach.de\/wp-content\/uploads\/2019\/04\/FAF.jpg 1100w, https:\/\/schwebach.de\/wp-content\/uploads\/2019\/04\/FAF-300x213.jpg 300w, https:\/\/schwebach.de\/wp-content\/uploads\/2019\/04\/FAF-768x545.jpg 768w, https:\/\/schwebach.de\/wp-content\/uploads\/2019\/04\/FAF-1024x726.jpg 1024w\" sizes=\"auto, (max-width: 1100px) 100vw, 1100px\" \/><\/p>\n<p>Bereits seit 1972 gibt es die FAF, die im dreij\u00e4hrigen Rhythmus stattfindet. Seit 1984 wechseln sich M\u00fcnchen und K\u00f6ln als Messest\u00e4dte ab. 2022 ist die FAF also in M\u00fcnchen.<\/p>\n<p>Weitere Infos zur <a href=\"https:\/\/www.faf-messe.de\/\" target=\"_blank\" rel=\"noopener\">FAF<\/a><\/p>\n<p>&nbsp;<\/p>\n<\/div>\n<\/div><\/div><\/div><\/div><\/div>","protected":false},"excerpt":{"rendered":"<p>Die Messe &#8222;FAF&#8220; in K\u00f6ln Vom 20.-23. M\u00e4rz 2019 fand die FAF 2019 statt. FAF steht f\u00fcr die Messe &#8222;Farbe, Ausbau und Fassade&#8220; und diese wurde diesmal auf dem Messegel\u00e4nde in K\u00f6ln veranstaltet. Auch f\u00fcr unsere Mitarbeiter ist es wichtig,<\/p>\n","protected":false},"author":1,"featured_media":3190,"comment_status":"open","ping_status":"open","sticky":false,"template":"","format":"standard","meta":{"footnotes":""},"categories":[21,18],"tags":[],"class_list":["post-3189","post","type-post","status-publish","format-standard","has-post-thumbnail","hentry","category-messen-und-ausstellungen","category-team"],"yoast_head":"<!-- This site is optimized with the Yoast SEO plugin v27.4 - https:\/\/yoast.com\/product\/yoast-seo-wordpress\/ -->\n<title>Unser Schwebach-Team auf der FAF 2019 im Messepark K\u00f6ln<\/title>\n<meta name=\"robots\" content=\"index, follow, max-snippet:-1, max-image-preview:large, max-video-preview:-1\" \/>\n<link rel=\"canonical\" href=\"https:\/\/schwebach.de\/?p=3189\" \/>\n<meta property=\"og:locale\" content=\"de_DE\" \/>\n<meta property=\"og:type\" content=\"article\" \/>\n<meta property=\"og:title\" content=\"Unser Schwebach-Team auf der FAF 2019 im Messepark K\u00f6ln\" \/>\n<meta property=\"og:description\" content=\"Die Messe &quot;FAF&quot; in K\u00f6ln Vom 20.-23. M\u00e4rz 2019 fand die FAF 2019 statt. FAF steht f\u00fcr die Messe &quot;Farbe, Ausbau und Fassade&quot; und diese wurde diesmal auf dem Messegel\u00e4nde in K\u00f6ln veranstaltet. Auch f\u00fcr unsere Mitarbeiter ist es wichtig,\" \/>\n<meta property=\"og:url\" content=\"https:\/\/schwebach.de\/?p=3189\" \/>\n<meta property=\"og:site_name\" content=\"SCHWEBACH Maler &amp; Lackierer\" \/>\n<meta property=\"article:publisher\" content=\"https:\/\/www.facebook.com\/schwebach.wohlfuehlmaler\" \/>\n<meta property=\"article:published_time\" content=\"2019-03-27T20:53:11+00:00\" \/>\n<meta property=\"article:modified_time\" content=\"2019-04-18T21:27:59+00:00\" \/>\n<meta property=\"og:image\" content=\"https:\/\/schwebach.de\/wp-content\/uploads\/2019\/04\/FAF.jpg\" \/>\n\t<meta property=\"og:image:width\" content=\"1100\" \/>\n\t<meta property=\"og:image:height\" content=\"780\" \/>\n\t<meta property=\"og:image:type\" content=\"image\/jpeg\" \/>\n<meta name=\"author\" content=\"Schwebach\" \/>\n<meta name=\"twitter:card\" content=\"summary_large_image\" \/>\n<meta name=\"twitter:label1\" content=\"Verfasst von\" \/>\n\t<meta name=\"twitter:data1\" content=\"Schwebach\" \/>\n\t<meta name=\"twitter:label2\" content=\"Gesch\u00e4tzte Lesezeit\" \/>\n\t<meta name=\"twitter:data2\" content=\"1\u00a0Minute\" \/>\n<script type=\"application\/ld+json\" class=\"yoast-schema-graph\">{\"@context\":\"https:\\\/\\\/schema.org\",\"@graph\":[{\"@type\":\"Article\",\"@id\":\"https:\\\/\\\/schwebach.de\\\/?p=3189#article\",\"isPartOf\":{\"@id\":\"https:\\\/\\\/schwebach.de\\\/?p=3189\"},\"author\":{\"name\":\"Schwebach\",\"@id\":\"https:\\\/\\\/schwebach.de\\\/#\\\/schema\\\/person\\\/d00f441195aff8fe4987add5febad44d\"},\"headline\":\"Unser Team auf der FAF\",\"datePublished\":\"2019-03-27T20:53:11+00:00\",\"dateModified\":\"2019-04-18T21:27:59+00:00\",\"mainEntityOfPage\":{\"@id\":\"https:\\\/\\\/schwebach.de\\\/?p=3189\"},\"wordCount\":152,\"commentCount\":0,\"publisher\":{\"@id\":\"https:\\\/\\\/schwebach.de\\\/#organization\"},\"image\":{\"@id\":\"https:\\\/\\\/schwebach.de\\\/?p=3189#primaryimage\"},\"thumbnailUrl\":\"https:\\\/\\\/schwebach.de\\\/wp-content\\\/uploads\\\/2019\\\/04\\\/FAF.jpg\",\"articleSection\":[\"Messen und Ausstellungen\",\"Team\"],\"inLanguage\":\"de\",\"potentialAction\":[{\"@type\":\"CommentAction\",\"name\":\"Comment\",\"target\":[\"https:\\\/\\\/schwebach.de\\\/?p=3189#respond\"]}]},{\"@type\":\"WebPage\",\"@id\":\"https:\\\/\\\/schwebach.de\\\/?p=3189\",\"url\":\"https:\\\/\\\/schwebach.de\\\/?p=3189\",\"name\":\"Unser Schwebach-Team auf der FAF 2019 im Messepark K\u00f6ln\",\"isPartOf\":{\"@id\":\"https:\\\/\\\/schwebach.de\\\/#website\"},\"primaryImageOfPage\":{\"@id\":\"https:\\\/\\\/schwebach.de\\\/?p=3189#primaryimage\"},\"image\":{\"@id\":\"https:\\\/\\\/schwebach.de\\\/?p=3189#primaryimage\"},\"thumbnailUrl\":\"https:\\\/\\\/schwebach.de\\\/wp-content\\\/uploads\\\/2019\\\/04\\\/FAF.jpg\",\"datePublished\":\"2019-03-27T20:53:11+00:00\",\"dateModified\":\"2019-04-18T21:27:59+00:00\",\"breadcrumb\":{\"@id\":\"https:\\\/\\\/schwebach.de\\\/?p=3189#breadcrumb\"},\"inLanguage\":\"de\",\"potentialAction\":[{\"@type\":\"ReadAction\",\"target\":[\"https:\\\/\\\/schwebach.de\\\/?p=3189\"]}]},{\"@type\":\"ImageObject\",\"inLanguage\":\"de\",\"@id\":\"https:\\\/\\\/schwebach.de\\\/?p=3189#primaryimage\",\"url\":\"https:\\\/\\\/schwebach.de\\\/wp-content\\\/uploads\\\/2019\\\/04\\\/FAF.jpg\",\"contentUrl\":\"https:\\\/\\\/schwebach.de\\\/wp-content\\\/uploads\\\/2019\\\/04\\\/FAF.jpg\",\"width\":1100,\"height\":780,\"caption\":\"FAF K\u00f6ln\"},{\"@type\":\"BreadcrumbList\",\"@id\":\"https:\\\/\\\/schwebach.de\\\/?p=3189#breadcrumb\",\"itemListElement\":[{\"@type\":\"ListItem\",\"position\":1,\"name\":\"Startseite\",\"item\":\"https:\\\/\\\/schwebach.de\\\/\"},{\"@type\":\"ListItem\",\"position\":2,\"name\":\"Unser Team auf der FAF\"}]},{\"@type\":\"WebSite\",\"@id\":\"https:\\\/\\\/schwebach.de\\\/#website\",\"url\":\"https:\\\/\\\/schwebach.de\\\/\",\"name\":\"SCHWEBACH Maler &amp; Lackierer\",\"description\":\"Ihr Wohlf\u00fchlmaler aus Irsch\\\/Saar\",\"publisher\":{\"@id\":\"https:\\\/\\\/schwebach.de\\\/#organization\"},\"potentialAction\":[{\"@type\":\"SearchAction\",\"target\":{\"@type\":\"EntryPoint\",\"urlTemplate\":\"https:\\\/\\\/schwebach.de\\\/?s={search_term_string}\"},\"query-input\":{\"@type\":\"PropertyValueSpecification\",\"valueRequired\":true,\"valueName\":\"search_term_string\"}}],\"inLanguage\":\"de\"},{\"@type\":\"Organization\",\"@id\":\"https:\\\/\\\/schwebach.de\\\/#organization\",\"name\":\"Schwebach Maler & Lackierer GmbH\",\"url\":\"https:\\\/\\\/schwebach.de\\\/\",\"logo\":{\"@type\":\"ImageObject\",\"inLanguage\":\"de\",\"@id\":\"https:\\\/\\\/schwebach.de\\\/#\\\/schema\\\/logo\\\/image\\\/\",\"url\":\"https:\\\/\\\/schwebach.de\\\/wp-content\\\/uploads\\\/2016\\\/04\\\/butterfly.png\",\"contentUrl\":\"https:\\\/\\\/schwebach.de\\\/wp-content\\\/uploads\\\/2016\\\/04\\\/butterfly.png\",\"width\":463,\"height\":310,\"caption\":\"Schwebach Maler & Lackierer GmbH\"},\"image\":{\"@id\":\"https:\\\/\\\/schwebach.de\\\/#\\\/schema\\\/logo\\\/image\\\/\"},\"sameAs\":[\"https:\\\/\\\/www.facebook.com\\\/schwebach.wohlfuehlmaler\",\"https:\\\/\\\/www.youtube.com\\\/user\\\/Wohlfuehlmaler\"]},{\"@type\":\"Person\",\"@id\":\"https:\\\/\\\/schwebach.de\\\/#\\\/schema\\\/person\\\/d00f441195aff8fe4987add5febad44d\",\"name\":\"Schwebach\",\"image\":{\"@type\":\"ImageObject\",\"inLanguage\":\"de\",\"@id\":\"https:\\\/\\\/secure.gravatar.com\\\/avatar\\\/34291dd68034cb7317838ad1f4c39bc27d010389fac30629b636c5776ac49376?s=96&d=mm&r=g\",\"url\":\"https:\\\/\\\/secure.gravatar.com\\\/avatar\\\/34291dd68034cb7317838ad1f4c39bc27d010389fac30629b636c5776ac49376?s=96&d=mm&r=g\",\"contentUrl\":\"https:\\\/\\\/secure.gravatar.com\\\/avatar\\\/34291dd68034cb7317838ad1f4c39bc27d010389fac30629b636c5776ac49376?s=96&d=mm&r=g\",\"caption\":\"Schwebach\"},\"url\":\"https:\\\/\\\/schwebach.de\\\/?author=1\"}]}<\/script>\n<!-- \/ Yoast SEO plugin. -->","yoast_head_json":{"title":"Unser Schwebach-Team auf der FAF 2019 im Messepark K\u00f6ln","robots":{"index":"index","follow":"follow","max-snippet":"max-snippet:-1","max-image-preview":"max-image-preview:large","max-video-preview":"max-video-preview:-1"},"canonical":"https:\/\/schwebach.de\/?p=3189","og_locale":"de_DE","og_type":"article","og_title":"Unser Schwebach-Team auf der FAF 2019 im Messepark K\u00f6ln","og_description":"Die Messe \"FAF\" in K\u00f6ln Vom 20.-23. M\u00e4rz 2019 fand die FAF 2019 statt. FAF steht f\u00fcr die Messe \"Farbe, Ausbau und Fassade\" und diese wurde diesmal auf dem Messegel\u00e4nde in K\u00f6ln veranstaltet. Auch f\u00fcr unsere Mitarbeiter ist es wichtig,","og_url":"https:\/\/schwebach.de\/?p=3189","og_site_name":"SCHWEBACH Maler &amp; Lackierer","article_publisher":"https:\/\/www.facebook.com\/schwebach.wohlfuehlmaler","article_published_time":"2019-03-27T20:53:11+00:00","article_modified_time":"2019-04-18T21:27:59+00:00","og_image":[{"width":1100,"height":780,"url":"https:\/\/schwebach.de\/wp-content\/uploads\/2019\/04\/FAF.jpg","type":"image\/jpeg"}],"author":"Schwebach","twitter_card":"summary_large_image","twitter_misc":{"Verfasst von":"Schwebach","Gesch\u00e4tzte Lesezeit":"1\u00a0Minute"},"schema":{"@context":"https:\/\/schema.org","@graph":[{"@type":"Article","@id":"https:\/\/schwebach.de\/?p=3189#article","isPartOf":{"@id":"https:\/\/schwebach.de\/?p=3189"},"author":{"name":"Schwebach","@id":"https:\/\/schwebach.de\/#\/schema\/person\/d00f441195aff8fe4987add5febad44d"},"headline":"Unser Team auf der FAF","datePublished":"2019-03-27T20:53:11+00:00","dateModified":"2019-04-18T21:27:59+00:00","mainEntityOfPage":{"@id":"https:\/\/schwebach.de\/?p=3189"},"wordCount":152,"commentCount":0,"publisher":{"@id":"https:\/\/schwebach.de\/#organization"},"image":{"@id":"https:\/\/schwebach.de\/?p=3189#primaryimage"},"thumbnailUrl":"https:\/\/schwebach.de\/wp-content\/uploads\/2019\/04\/FAF.jpg","articleSection":["Messen und Ausstellungen","Team"],"inLanguage":"de","potentialAction":[{"@type":"CommentAction","name":"Comment","target":["https:\/\/schwebach.de\/?p=3189#respond"]}]},{"@type":"WebPage","@id":"https:\/\/schwebach.de\/?p=3189","url":"https:\/\/schwebach.de\/?p=3189","name":"Unser Schwebach-Team auf der FAF 2019 im Messepark K\u00f6ln","isPartOf":{"@id":"https:\/\/schwebach.de\/#website"},"primaryImageOfPage":{"@id":"https:\/\/schwebach.de\/?p=3189#primaryimage"},"image":{"@id":"https:\/\/schwebach.de\/?p=3189#primaryimage"},"thumbnailUrl":"https:\/\/schwebach.de\/wp-content\/uploads\/2019\/04\/FAF.jpg","datePublished":"2019-03-27T20:53:11+00:00","dateModified":"2019-04-18T21:27:59+00:00","breadcrumb":{"@id":"https:\/\/schwebach.de\/?p=3189#breadcrumb"},"inLanguage":"de","potentialAction":[{"@type":"ReadAction","target":["https:\/\/schwebach.de\/?p=3189"]}]},{"@type":"ImageObject","inLanguage":"de","@id":"https:\/\/schwebach.de\/?p=3189#primaryimage","url":"https:\/\/schwebach.de\/wp-content\/uploads\/2019\/04\/FAF.jpg","contentUrl":"https:\/\/schwebach.de\/wp-content\/uploads\/2019\/04\/FAF.jpg","width":1100,"height":780,"caption":"FAF K\u00f6ln"},{"@type":"BreadcrumbList","@id":"https:\/\/schwebach.de\/?p=3189#breadcrumb","itemListElement":[{"@type":"ListItem","position":1,"name":"Startseite","item":"https:\/\/schwebach.de\/"},{"@type":"ListItem","position":2,"name":"Unser Team auf der FAF"}]},{"@type":"WebSite","@id":"https:\/\/schwebach.de\/#website","url":"https:\/\/schwebach.de\/","name":"SCHWEBACH Maler &amp; Lackierer","description":"Ihr Wohlf\u00fchlmaler aus Irsch\/Saar","publisher":{"@id":"https:\/\/schwebach.de\/#organization"},"potentialAction":[{"@type":"SearchAction","target":{"@type":"EntryPoint","urlTemplate":"https:\/\/schwebach.de\/?s={search_term_string}"},"query-input":{"@type":"PropertyValueSpecification","valueRequired":true,"valueName":"search_term_string"}}],"inLanguage":"de"},{"@type":"Organization","@id":"https:\/\/schwebach.de\/#organization","name":"Schwebach Maler & Lackierer GmbH","url":"https:\/\/schwebach.de\/","logo":{"@type":"ImageObject","inLanguage":"de","@id":"https:\/\/schwebach.de\/#\/schema\/logo\/image\/","url":"https:\/\/schwebach.de\/wp-content\/uploads\/2016\/04\/butterfly.png","contentUrl":"https:\/\/schwebach.de\/wp-content\/uploads\/2016\/04\/butterfly.png","width":463,"height":310,"caption":"Schwebach Maler & Lackierer GmbH"},"image":{"@id":"https:\/\/schwebach.de\/#\/schema\/logo\/image\/"},"sameAs":["https:\/\/www.facebook.com\/schwebach.wohlfuehlmaler","https:\/\/www.youtube.com\/user\/Wohlfuehlmaler"]},{"@type":"Person","@id":"https:\/\/schwebach.de\/#\/schema\/person\/d00f441195aff8fe4987add5febad44d","name":"Schwebach","image":{"@type":"ImageObject","inLanguage":"de","@id":"https:\/\/secure.gravatar.com\/avatar\/34291dd68034cb7317838ad1f4c39bc27d010389fac30629b636c5776ac49376?s=96&d=mm&r=g","url":"https:\/\/secure.gravatar.com\/avatar\/34291dd68034cb7317838ad1f4c39bc27d010389fac30629b636c5776ac49376?s=96&d=mm&r=g","contentUrl":"https:\/\/secure.gravatar.com\/avatar\/34291dd68034cb7317838ad1f4c39bc27d010389fac30629b636c5776ac49376?s=96&d=mm&r=g","caption":"Schwebach"},"url":"https:\/\/schwebach.de\/?author=1"}]}},"_links":{"self":[{"href":"https:\/\/schwebach.de\/index.php?rest_route=\/wp\/v2\/posts\/3189","targetHints":{"allow":["GET"]}}],"collection":[{"href":"https:\/\/schwebach.de\/index.php?rest_route=\/wp\/v2\/posts"}],"about":[{"href":"https:\/\/schwebach.de\/index.php?rest_route=\/wp\/v2\/types\/post"}],"author":[{"embeddable":true,"href":"https:\/\/schwebach.de\/index.php?rest_route=\/wp\/v2\/users\/1"}],"replies":[{"embeddable":true,"href":"https:\/\/schwebach.de\/index.php?rest_route=%2Fwp%2Fv2%2Fcomments&post=3189"}],"version-history":[{"count":3,"href":"https:\/\/schwebach.de\/index.php?rest_route=\/wp\/v2\/posts\/3189\/revisions"}],"predecessor-version":[{"id":3193,"href":"https:\/\/schwebach.de\/index.php?rest_route=\/wp\/v2\/posts\/3189\/revisions\/3193"}],"wp:featuredmedia":[{"embeddable":true,"href":"https:\/\/schwebach.de\/index.php?rest_route=\/wp\/v2\/media\/3190"}],"wp:attachment":[{"href":"https:\/\/schwebach.de\/index.php?rest_route=%2Fwp%2Fv2%2Fmedia&parent=3189"}],"wp:term":[{"taxonomy":"category","embeddable":true,"href":"https:\/\/schwebach.de\/index.php?rest_route=%2Fwp%2Fv2%2Fcategories&post=3189"},{"taxonomy":"post_tag","embeddable":true,"href":"https:\/\/schwebach.de\/index.php?rest_route=%2Fwp%2Fv2%2Ftags&post=3189"}],"curies":[{"name":"wp","href":"https:\/\/api.w.org\/{rel}","templated":true}]}}