{"id":3153,"date":"2019-02-23T13:13:41","date_gmt":"2019-02-23T13:13:41","guid":{"rendered":"https:\/\/schwebach.de\/?p=3153"},"modified":"2019-05-06T20:56:14","modified_gmt":"2019-05-06T20:56:14","slug":"oeko-2019","status":"publish","type":"post","link":"https:\/\/schwebach.de\/?p=3153","title":{"rendered":"Das war die \u00d6KO 2019"},"content":{"rendered":"<h2>Tolles Messeerlebnis in Trier<\/h2>\n<p>Gemeinsam mit unseren Partnern vom \u00d6ko-Bau-Haus\u00a0sind wir regelm\u00e4\u00dfig Aussteller auf der \u00d6komesse im Trierer Messepark. Der gemeinsame Messestand hatte wieder eine recht zentrale Position und schon vorab zeichnete sich ein gro\u00dfes Interesse an unseren L\u00f6sungen ab. Und so war es dann auch so, dass bei herrlichem Wetter unser Messestand durchgehen gut besucht wurde und wir zahlreiche Gespr\u00e4che mit Kunden und Interessenten f\u00fchren konnten. Dabei waren die Gespr\u00e4che sehr viel konkreter als in den Vorjahren. Die Besucher informieren sich vorab \u00fcber unsere Homepage und unseren Auftritt auf Facebook und sind somit gleich im jeweiligen Thema drin.<\/p>\n<p>Zwei Themenschwerpunkte hatten sich schnell herausgebildet. So wurden viele Fragen rund um das Thema W\u00e4rmed\u00e4mmung gestellt.\u00a0Wir konnten verschiedene D\u00e4mmsysteme und \u2013Materialien vorstellen. In Verbindung mit den passenden Oberputzen und Designtechniken aus z. B. Lehm oder Kalk haben wir einen komplexen Aufbau darstellen k\u00f6nnen. Dies ist dann auch besonders anschaulich und die Kunden wollen auch L\u00f6sungen, die durchdacht sind. Kurz gesagt Klimaschutz mit gesundem Raumklima.<br \/>\nInsgesamt war das Thema &#8222;Nat\u00fcrliche Werkstoffe&#8220; sehr wichtig. Ein Trend, der sich weiter verst\u00e4rkt hat und komplement\u00e4r zum Thema W\u00e4rmed\u00e4mmung zu sehen ist.<\/p>\n<p><img loading=\"lazy\" decoding=\"async\" class=\"alignnone size-full wp-image-3157\" src=\"https:\/\/schwebach.de\/wp-content\/uploads\/2019\/02\/kIMG_0271.jpg\" alt=\"Dank der Datenschutznovelle gibt es Messebilder nur vor der Er\u00f6ffnung\" width=\"1000\" height=\"750\" srcset=\"https:\/\/schwebach.de\/wp-content\/uploads\/2019\/02\/kIMG_0271.jpg 1000w, https:\/\/schwebach.de\/wp-content\/uploads\/2019\/02\/kIMG_0271-300x225.jpg 300w, https:\/\/schwebach.de\/wp-content\/uploads\/2019\/02\/kIMG_0271-768x576.jpg 768w\" sizes=\"auto, (max-width: 1000px) 100vw, 1000px\" \/><\/p>\n<p>F\u00fcr uns ist es ebenfalls immer wieder sch\u00f6n, \u00f6kologische Projekte von A bis Z konsequent umsetzen zu k\u00f6nnen. Die k\u00f6nnen wir nun nach der Messe gemeinsam angehen.<\/p>\n<p>Weitere Bilder gibt es auf <a href=\"https:\/\/www.facebook.com\/media\/set\/?set=a.2159617840785882&amp;type=1&amp;l=48b4009de3\">Facebook<\/a><\/p>\n","protected":false},"excerpt":{"rendered":"<p>Tolles Messeerlebnis in Trier Gemeinsam mit unseren Partnern vom \u00d6ko-Bau-Haus\u00a0sind wir regelm\u00e4\u00dfig Aussteller auf der \u00d6komesse im Trierer Messepark. Der gemeinsame Messestand hatte wieder eine recht zentrale Position und schon vorab zeichnete sich ein gro\u00dfes Interesse an unseren L\u00f6sungen ab.<\/p>\n","protected":false},"author":1,"featured_media":3155,"comment_status":"open","ping_status":"open","sticky":false,"template":"","format":"standard","meta":{"footnotes":""},"categories":[21,20],"tags":[],"class_list":["post-3153","post","type-post","status-publish","format-standard","has-post-thumbnail","hentry","category-messen-und-ausstellungen","category-termin"],"yoast_head":"<!-- This site is optimized with the Yoast SEO plugin v27.4 - https:\/\/yoast.com\/product\/yoast-seo-wordpress\/ -->\n<title>\u00d6ko 2019 - eine erfolgreiche Messe im Trierer Messeparkt<\/title>\n<meta name=\"description\" content=\"Gemeinsam mit unseren Partnern vom \u00d6ko-Bau-Haus\u00a0waren wir Aussteller auf der diesj\u00e4hrigen \u00d6KO-Messe im Trierer Messepark.\" \/>\n<meta name=\"robots\" content=\"index, follow, max-snippet:-1, max-image-preview:large, max-video-preview:-1\" \/>\n<link rel=\"canonical\" href=\"https:\/\/schwebach.de\/?p=3153\" \/>\n<meta property=\"og:locale\" content=\"de_DE\" \/>\n<meta property=\"og:type\" content=\"article\" \/>\n<meta property=\"og:title\" content=\"\u00d6ko 2019 - eine erfolgreiche Messe im Trierer Messeparkt\" \/>\n<meta property=\"og:description\" content=\"Gemeinsam mit unseren Partnern vom \u00d6ko-Bau-Haus\u00a0waren wir Aussteller auf der diesj\u00e4hrigen \u00d6KO-Messe im Trierer Messepark.\" \/>\n<meta property=\"og:url\" content=\"https:\/\/schwebach.de\/?p=3153\" \/>\n<meta property=\"og:site_name\" content=\"SCHWEBACH Maler &amp; Lackierer\" \/>\n<meta property=\"article:publisher\" content=\"https:\/\/www.facebook.com\/schwebach.wohlfuehlmaler\" \/>\n<meta property=\"article:published_time\" content=\"2019-02-23T13:13:41+00:00\" \/>\n<meta property=\"article:modified_time\" content=\"2019-05-06T20:56:14+00:00\" \/>\n<meta property=\"og:image\" content=\"https:\/\/schwebach.de\/wp-content\/uploads\/2019\/02\/kIMG_0267.jpg\" \/>\n\t<meta property=\"og:image:width\" content=\"1000\" \/>\n\t<meta property=\"og:image:height\" content=\"750\" \/>\n\t<meta property=\"og:image:type\" content=\"image\/jpeg\" \/>\n<meta name=\"author\" content=\"Schwebach\" \/>\n<meta name=\"twitter:card\" content=\"summary_large_image\" \/>\n<meta name=\"twitter:label1\" content=\"Verfasst von\" \/>\n\t<meta name=\"twitter:data1\" content=\"Schwebach\" \/>\n\t<meta name=\"twitter:label2\" content=\"Gesch\u00e4tzte Lesezeit\" \/>\n\t<meta name=\"twitter:data2\" content=\"1\u00a0Minute\" \/>\n<script type=\"application\/ld+json\" class=\"yoast-schema-graph\">{\"@context\":\"https:\\\/\\\/schema.org\",\"@graph\":[{\"@type\":\"Article\",\"@id\":\"https:\\\/\\\/schwebach.de\\\/?p=3153#article\",\"isPartOf\":{\"@id\":\"https:\\\/\\\/schwebach.de\\\/?p=3153\"},\"author\":{\"name\":\"Schwebach\",\"@id\":\"https:\\\/\\\/schwebach.de\\\/#\\\/schema\\\/person\\\/d00f441195aff8fe4987add5febad44d\"},\"headline\":\"Das war die \u00d6KO 2019\",\"datePublished\":\"2019-02-23T13:13:41+00:00\",\"dateModified\":\"2019-05-06T20:56:14+00:00\",\"mainEntityOfPage\":{\"@id\":\"https:\\\/\\\/schwebach.de\\\/?p=3153\"},\"wordCount\":245,\"commentCount\":0,\"publisher\":{\"@id\":\"https:\\\/\\\/schwebach.de\\\/#organization\"},\"image\":{\"@id\":\"https:\\\/\\\/schwebach.de\\\/?p=3153#primaryimage\"},\"thumbnailUrl\":\"https:\\\/\\\/schwebach.de\\\/wp-content\\\/uploads\\\/2019\\\/02\\\/kIMG_0267.jpg\",\"articleSection\":[\"Messen und Ausstellungen\",\"Termin\"],\"inLanguage\":\"de\",\"potentialAction\":[{\"@type\":\"CommentAction\",\"name\":\"Comment\",\"target\":[\"https:\\\/\\\/schwebach.de\\\/?p=3153#respond\"]}]},{\"@type\":\"WebPage\",\"@id\":\"https:\\\/\\\/schwebach.de\\\/?p=3153\",\"url\":\"https:\\\/\\\/schwebach.de\\\/?p=3153\",\"name\":\"\u00d6ko 2019 - eine erfolgreiche Messe im Trierer Messeparkt\",\"isPartOf\":{\"@id\":\"https:\\\/\\\/schwebach.de\\\/#website\"},\"primaryImageOfPage\":{\"@id\":\"https:\\\/\\\/schwebach.de\\\/?p=3153#primaryimage\"},\"image\":{\"@id\":\"https:\\\/\\\/schwebach.de\\\/?p=3153#primaryimage\"},\"thumbnailUrl\":\"https:\\\/\\\/schwebach.de\\\/wp-content\\\/uploads\\\/2019\\\/02\\\/kIMG_0267.jpg\",\"datePublished\":\"2019-02-23T13:13:41+00:00\",\"dateModified\":\"2019-05-06T20:56:14+00:00\",\"description\":\"Gemeinsam mit unseren Partnern vom \u00d6ko-Bau-Haus\u00a0waren wir Aussteller auf der diesj\u00e4hrigen \u00d6KO-Messe im Trierer Messepark.\",\"breadcrumb\":{\"@id\":\"https:\\\/\\\/schwebach.de\\\/?p=3153#breadcrumb\"},\"inLanguage\":\"de\",\"potentialAction\":[{\"@type\":\"ReadAction\",\"target\":[\"https:\\\/\\\/schwebach.de\\\/?p=3153\"]}]},{\"@type\":\"ImageObject\",\"inLanguage\":\"de\",\"@id\":\"https:\\\/\\\/schwebach.de\\\/?p=3153#primaryimage\",\"url\":\"https:\\\/\\\/schwebach.de\\\/wp-content\\\/uploads\\\/2019\\\/02\\\/kIMG_0267.jpg\",\"contentUrl\":\"https:\\\/\\\/schwebach.de\\\/wp-content\\\/uploads\\\/2019\\\/02\\\/kIMG_0267.jpg\",\"width\":1000,\"height\":750,\"caption\":\"\u00d6KO 2019\"},{\"@type\":\"BreadcrumbList\",\"@id\":\"https:\\\/\\\/schwebach.de\\\/?p=3153#breadcrumb\",\"itemListElement\":[{\"@type\":\"ListItem\",\"position\":1,\"name\":\"Startseite\",\"item\":\"https:\\\/\\\/schwebach.de\\\/\"},{\"@type\":\"ListItem\",\"position\":2,\"name\":\"Das war die \u00d6KO 2019\"}]},{\"@type\":\"WebSite\",\"@id\":\"https:\\\/\\\/schwebach.de\\\/#website\",\"url\":\"https:\\\/\\\/schwebach.de\\\/\",\"name\":\"SCHWEBACH Maler &amp; Lackierer\",\"description\":\"Ihr Wohlf\u00fchlmaler aus Irsch\\\/Saar\",\"publisher\":{\"@id\":\"https:\\\/\\\/schwebach.de\\\/#organization\"},\"potentialAction\":[{\"@type\":\"SearchAction\",\"target\":{\"@type\":\"EntryPoint\",\"urlTemplate\":\"https:\\\/\\\/schwebach.de\\\/?s={search_term_string}\"},\"query-input\":{\"@type\":\"PropertyValueSpecification\",\"valueRequired\":true,\"valueName\":\"search_term_string\"}}],\"inLanguage\":\"de\"},{\"@type\":\"Organization\",\"@id\":\"https:\\\/\\\/schwebach.de\\\/#organization\",\"name\":\"Schwebach Maler & Lackierer GmbH\",\"url\":\"https:\\\/\\\/schwebach.de\\\/\",\"logo\":{\"@type\":\"ImageObject\",\"inLanguage\":\"de\",\"@id\":\"https:\\\/\\\/schwebach.de\\\/#\\\/schema\\\/logo\\\/image\\\/\",\"url\":\"https:\\\/\\\/schwebach.de\\\/wp-content\\\/uploads\\\/2016\\\/04\\\/butterfly.png\",\"contentUrl\":\"https:\\\/\\\/schwebach.de\\\/wp-content\\\/uploads\\\/2016\\\/04\\\/butterfly.png\",\"width\":463,\"height\":310,\"caption\":\"Schwebach Maler & Lackierer GmbH\"},\"image\":{\"@id\":\"https:\\\/\\\/schwebach.de\\\/#\\\/schema\\\/logo\\\/image\\\/\"},\"sameAs\":[\"https:\\\/\\\/www.facebook.com\\\/schwebach.wohlfuehlmaler\",\"https:\\\/\\\/www.youtube.com\\\/user\\\/Wohlfuehlmaler\"]},{\"@type\":\"Person\",\"@id\":\"https:\\\/\\\/schwebach.de\\\/#\\\/schema\\\/person\\\/d00f441195aff8fe4987add5febad44d\",\"name\":\"Schwebach\",\"image\":{\"@type\":\"ImageObject\",\"inLanguage\":\"de\",\"@id\":\"https:\\\/\\\/secure.gravatar.com\\\/avatar\\\/34291dd68034cb7317838ad1f4c39bc27d010389fac30629b636c5776ac49376?s=96&d=mm&r=g\",\"url\":\"https:\\\/\\\/secure.gravatar.com\\\/avatar\\\/34291dd68034cb7317838ad1f4c39bc27d010389fac30629b636c5776ac49376?s=96&d=mm&r=g\",\"contentUrl\":\"https:\\\/\\\/secure.gravatar.com\\\/avatar\\\/34291dd68034cb7317838ad1f4c39bc27d010389fac30629b636c5776ac49376?s=96&d=mm&r=g\",\"caption\":\"Schwebach\"},\"url\":\"https:\\\/\\\/schwebach.de\\\/?author=1\"}]}<\/script>\n<!-- \/ Yoast SEO plugin. -->","yoast_head_json":{"title":"\u00d6ko 2019 - eine erfolgreiche Messe im Trierer Messeparkt","description":"Gemeinsam mit unseren Partnern vom \u00d6ko-Bau-Haus\u00a0waren wir Aussteller auf der diesj\u00e4hrigen \u00d6KO-Messe im Trierer Messepark.","robots":{"index":"index","follow":"follow","max-snippet":"max-snippet:-1","max-image-preview":"max-image-preview:large","max-video-preview":"max-video-preview:-1"},"canonical":"https:\/\/schwebach.de\/?p=3153","og_locale":"de_DE","og_type":"article","og_title":"\u00d6ko 2019 - eine erfolgreiche Messe im Trierer Messeparkt","og_description":"Gemeinsam mit unseren Partnern vom \u00d6ko-Bau-Haus\u00a0waren wir Aussteller auf der diesj\u00e4hrigen \u00d6KO-Messe im Trierer Messepark.","og_url":"https:\/\/schwebach.de\/?p=3153","og_site_name":"SCHWEBACH Maler &amp; Lackierer","article_publisher":"https:\/\/www.facebook.com\/schwebach.wohlfuehlmaler","article_published_time":"2019-02-23T13:13:41+00:00","article_modified_time":"2019-05-06T20:56:14+00:00","og_image":[{"width":1000,"height":750,"url":"https:\/\/schwebach.de\/wp-content\/uploads\/2019\/02\/kIMG_0267.jpg","type":"image\/jpeg"}],"author":"Schwebach","twitter_card":"summary_large_image","twitter_misc":{"Verfasst von":"Schwebach","Gesch\u00e4tzte Lesezeit":"1\u00a0Minute"},"schema":{"@context":"https:\/\/schema.org","@graph":[{"@type":"Article","@id":"https:\/\/schwebach.de\/?p=3153#article","isPartOf":{"@id":"https:\/\/schwebach.de\/?p=3153"},"author":{"name":"Schwebach","@id":"https:\/\/schwebach.de\/#\/schema\/person\/d00f441195aff8fe4987add5febad44d"},"headline":"Das war die \u00d6KO 2019","datePublished":"2019-02-23T13:13:41+00:00","dateModified":"2019-05-06T20:56:14+00:00","mainEntityOfPage":{"@id":"https:\/\/schwebach.de\/?p=3153"},"wordCount":245,"commentCount":0,"publisher":{"@id":"https:\/\/schwebach.de\/#organization"},"image":{"@id":"https:\/\/schwebach.de\/?p=3153#primaryimage"},"thumbnailUrl":"https:\/\/schwebach.de\/wp-content\/uploads\/2019\/02\/kIMG_0267.jpg","articleSection":["Messen und Ausstellungen","Termin"],"inLanguage":"de","potentialAction":[{"@type":"CommentAction","name":"Comment","target":["https:\/\/schwebach.de\/?p=3153#respond"]}]},{"@type":"WebPage","@id":"https:\/\/schwebach.de\/?p=3153","url":"https:\/\/schwebach.de\/?p=3153","name":"\u00d6ko 2019 - eine erfolgreiche Messe im Trierer Messeparkt","isPartOf":{"@id":"https:\/\/schwebach.de\/#website"},"primaryImageOfPage":{"@id":"https:\/\/schwebach.de\/?p=3153#primaryimage"},"image":{"@id":"https:\/\/schwebach.de\/?p=3153#primaryimage"},"thumbnailUrl":"https:\/\/schwebach.de\/wp-content\/uploads\/2019\/02\/kIMG_0267.jpg","datePublished":"2019-02-23T13:13:41+00:00","dateModified":"2019-05-06T20:56:14+00:00","description":"Gemeinsam mit unseren Partnern vom \u00d6ko-Bau-Haus\u00a0waren wir Aussteller auf der diesj\u00e4hrigen \u00d6KO-Messe im Trierer Messepark.","breadcrumb":{"@id":"https:\/\/schwebach.de\/?p=3153#breadcrumb"},"inLanguage":"de","potentialAction":[{"@type":"ReadAction","target":["https:\/\/schwebach.de\/?p=3153"]}]},{"@type":"ImageObject","inLanguage":"de","@id":"https:\/\/schwebach.de\/?p=3153#primaryimage","url":"https:\/\/schwebach.de\/wp-content\/uploads\/2019\/02\/kIMG_0267.jpg","contentUrl":"https:\/\/schwebach.de\/wp-content\/uploads\/2019\/02\/kIMG_0267.jpg","width":1000,"height":750,"caption":"\u00d6KO 2019"},{"@type":"BreadcrumbList","@id":"https:\/\/schwebach.de\/?p=3153#breadcrumb","itemListElement":[{"@type":"ListItem","position":1,"name":"Startseite","item":"https:\/\/schwebach.de\/"},{"@type":"ListItem","position":2,"name":"Das war die \u00d6KO 2019"}]},{"@type":"WebSite","@id":"https:\/\/schwebach.de\/#website","url":"https:\/\/schwebach.de\/","name":"SCHWEBACH Maler &amp; Lackierer","description":"Ihr Wohlf\u00fchlmaler aus Irsch\/Saar","publisher":{"@id":"https:\/\/schwebach.de\/#organization"},"potentialAction":[{"@type":"SearchAction","target":{"@type":"EntryPoint","urlTemplate":"https:\/\/schwebach.de\/?s={search_term_string}"},"query-input":{"@type":"PropertyValueSpecification","valueRequired":true,"valueName":"search_term_string"}}],"inLanguage":"de"},{"@type":"Organization","@id":"https:\/\/schwebach.de\/#organization","name":"Schwebach Maler & Lackierer GmbH","url":"https:\/\/schwebach.de\/","logo":{"@type":"ImageObject","inLanguage":"de","@id":"https:\/\/schwebach.de\/#\/schema\/logo\/image\/","url":"https:\/\/schwebach.de\/wp-content\/uploads\/2016\/04\/butterfly.png","contentUrl":"https:\/\/schwebach.de\/wp-content\/uploads\/2016\/04\/butterfly.png","width":463,"height":310,"caption":"Schwebach Maler & Lackierer GmbH"},"image":{"@id":"https:\/\/schwebach.de\/#\/schema\/logo\/image\/"},"sameAs":["https:\/\/www.facebook.com\/schwebach.wohlfuehlmaler","https:\/\/www.youtube.com\/user\/Wohlfuehlmaler"]},{"@type":"Person","@id":"https:\/\/schwebach.de\/#\/schema\/person\/d00f441195aff8fe4987add5febad44d","name":"Schwebach","image":{"@type":"ImageObject","inLanguage":"de","@id":"https:\/\/secure.gravatar.com\/avatar\/34291dd68034cb7317838ad1f4c39bc27d010389fac30629b636c5776ac49376?s=96&d=mm&r=g","url":"https:\/\/secure.gravatar.com\/avatar\/34291dd68034cb7317838ad1f4c39bc27d010389fac30629b636c5776ac49376?s=96&d=mm&r=g","contentUrl":"https:\/\/secure.gravatar.com\/avatar\/34291dd68034cb7317838ad1f4c39bc27d010389fac30629b636c5776ac49376?s=96&d=mm&r=g","caption":"Schwebach"},"url":"https:\/\/schwebach.de\/?author=1"}]}},"_links":{"self":[{"href":"https:\/\/schwebach.de\/index.php?rest_route=\/wp\/v2\/posts\/3153","targetHints":{"allow":["GET"]}}],"collection":[{"href":"https:\/\/schwebach.de\/index.php?rest_route=\/wp\/v2\/posts"}],"about":[{"href":"https:\/\/schwebach.de\/index.php?rest_route=\/wp\/v2\/types\/post"}],"author":[{"embeddable":true,"href":"https:\/\/schwebach.de\/index.php?rest_route=\/wp\/v2\/users\/1"}],"replies":[{"embeddable":true,"href":"https:\/\/schwebach.de\/index.php?rest_route=%2Fwp%2Fv2%2Fcomments&post=3153"}],"version-history":[{"count":4,"href":"https:\/\/schwebach.de\/index.php?rest_route=\/wp\/v2\/posts\/3153\/revisions"}],"predecessor-version":[{"id":3196,"href":"https:\/\/schwebach.de\/index.php?rest_route=\/wp\/v2\/posts\/3153\/revisions\/3196"}],"wp:featuredmedia":[{"embeddable":true,"href":"https:\/\/schwebach.de\/index.php?rest_route=\/wp\/v2\/media\/3155"}],"wp:attachment":[{"href":"https:\/\/schwebach.de\/index.php?rest_route=%2Fwp%2Fv2%2Fmedia&parent=3153"}],"wp:term":[{"taxonomy":"category","embeddable":true,"href":"https:\/\/schwebach.de\/index.php?rest_route=%2Fwp%2Fv2%2Fcategories&post=3153"},{"taxonomy":"post_tag","embeddable":true,"href":"https:\/\/schwebach.de\/index.php?rest_route=%2Fwp%2Fv2%2Ftags&post=3153"}],"curies":[{"name":"wp","href":"https:\/\/api.w.org\/{rel}","templated":true}]}}