{"id":2223,"date":"2018-06-28T20:00:52","date_gmt":"2018-06-28T20:00:52","guid":{"rendered":"https:\/\/schwebach.de\/?p=2223"},"modified":"2018-07-29T20:47:28","modified_gmt":"2018-07-29T20:47:28","slug":"klausen","status":"publish","type":"post","link":"https:\/\/schwebach.de\/?p=2223","title":{"rendered":"In luftigen H\u00f6hen &#8211; Sanierung der Wallfahrtskirche Klausen"},"content":{"rendered":"<h2>Sanierung eines Dachreiters an der Wallfahrtskirche Klausen<\/h2>\n<p>Auch das war wieder ein ganz besonderes Projekt. Die r\u00f6misch-katholische <a href=\"http:\/\/www.wallfahrtskirche-klausen.de\/\" target=\"_blank\" rel=\"noopener\">Wallfahrtskirche &#8222;Maria Heimsuchung&#8220;<\/a><sup id=\"cite_ref-1\" class=\"reference\"><\/sup> in Klausen ist ein beliebter Ort und zieht \u00a0j\u00e4hrlich \u00fcber 100.000 Pilger an.<\/p>\n<p>Die Wallfahrtskirche steht sehr exponiert und damit setzen Witterungseinfl\u00fcsse dieser Kirche in der Eifel auch ordentlich zu. Auch das Alter der Kirche als bedeutendem Sakralbau der Sp\u00e4tgotik (Einweihung war im Jahr 1502) macht eine regelm\u00e4\u00dfige Sanierung notwendig. Hier stand nun eine Sanierung des Dachreiters an.\u00a0 Die Holzarbeiten wurden durch die <a href=\"http:\/\/www.zimmerei-tschickardt.de\/\" target=\"_blank\" rel=\"noopener\">Zimmerei Tschickardt<\/a> aus Trier durchgef\u00fchrt. So wie wir, ist die Zimmerei Tschickardt ein Partner im <a href=\"https:\/\/schwebach.de\/?page_id=2\" target=\"_blank\" rel=\"noopener\">\u00d6koBauHaus<\/a>.<\/p>\n<p>Mit einem Kran der Firma Steil ging es im einem Arbeitskorb hoch zum Dachreiter, wo wir die Malerarbeiten ausf\u00fchren konnten.<\/p>\n<p>Als Farbton wurde ein &#8222;Schwedenrot&#8220; ge\u00e4hlt, der als warmer Farbton sehr stimmig zum Geb\u00e4ude ist.<\/p>\n<p>Als Handwerker hat man gleich doppelt Ehrfurcht und Respekt &#8211; vor dem Alter, der Bedeutung und der Geschichte der Kirche, aber auch vor der H\u00f6he des Arbeitsortes.<\/p>\n<div id=\"grid-gallery-8-78763\" data-gg-id=\"8\" data-title=\"Klausen\" data-grid-type=\"0\" data-offset=\"5.3\" data-area-position=\"center\" data-icons=\"\" data-preloader=\"true\" data-width=\"215\" data-height=\"215\" data-padding=\"0\" data-quicksand=\"disabled\" data-quicksand-duration=\"1800\" data-popup-theme=\"theme_6\" data-popup-type=\"pretty-photo\" data-popup-image-text=\"data-description\" data-popup-widthsize=\"auto\" data-popup-heightsize=\"auto\" data-popup-i18n-words=\"{&quot;close&quot;:&quot;schlie\\u00dfen&quot;,&quot;next&quot;:&quot;n\\u00e4chste&quot;,&quot;previous&quot;:&quot;vorherige&quot;,&quot;start_slideshow&quot;:&quot;Starte Slideshow&quot;,&quot;stop_slideshow&quot;:&quot;Stoppe Slideshow&quot;,&quot;image&quot;:&quot;Bild&quot;,&quot;of&quot;:&quot;von&quot;,&quot;prev&quot;:&quot;vorherige&quot;,&quot;cExpand&quot;:&quot;Erweitere&quot;,&quot;cPrevious&quot;:&quot;Vorheriges&quot;,&quot;cNext&quot;:&quot;N\\u00e4chstes&quot;,&quot;cExpandStr&quot;:&quot;Erweitere Bild&quot;,&quot;cRotate&quot;:&quot;Rotate&quot;,&quot;cDetails&quot;:&quot;Details&quot;}\" data-popup-slideshow=\"false\" data-popup-slideshow-speed=\"2500\" data-popup-hoverstop=\"true\" data-popup-slideshow-auto=\"false\" data-popup-background=\"\" data-popup-transparency=\"30\" data-popup-disable-history=\"\" data-popup-disable-changed-url=\"\" data-popup-border-type=\"\" data-popup-border-color=\"\" data-popup-border-width=\"\" data-popup-border-enable=\"\" data-fullscreen=\"false\" data-hide-tooltip=\"false\" data-caption-font-family=\"Default\" data-caption-text-size=\"140\" data-is-mobile=\"0\" data-caption-mobile=\"false\" data-hide-long-tltp-title=\"0\" data-caption-disabled-on-mobile=\"false\" data-popup-placement-type=\"0\" data-social-sharing=\"{&quot;enabled&quot;:&quot;&quot;,&quot;gallerySharing&quot;:{&quot;enabled&quot;:null,&quot;position&quot;:null},&quot;imageSharing&quot;:{&quot;enabled&quot;:null,&quot;wrapperClass&quot;:&quot; vertical &quot;},&quot;popupSharing&quot;:{&quot;enabled&quot;:null,&quot;wrapperClass&quot;:&quot; vertical &quot;}}\" class=\"grid-gallery grid-gallery-fixed \" style=\" width:100%; height:auto; margin-left:auto; margin-right:auto;position:relative;\"> <div class=\"gallery-loading\"> <div class=\"blocks\"> <div class=\"block\"><\/div> <div class=\"block\"><\/div> <div class=\"block\"><\/div> <div class=\"block\"><\/div> <\/div> <\/div> <div class=\"gallery-sharing-top\" style=\"display:none;\"> <\/div> <div id=\"photos-8\" class=\"grid-gallery-photos\"><FIGURE class=\"grid-gallery-caption\" data-grid-gallery-type=\"quarter-slide-up\" data-index=\"0\" style=\"display:none;border-radius:00;; margin:5.3px; width:2150;\" ><div class=\"crop\" style=\" width:2150; height:2150; overflow:hidden;\"><img decoding=\"async\" src=\"https:\/\/schwebach.de\/wp-content\/uploads\/2018\/07\/von_oben-215x215.jpg\" class=\"ggImg\" alt=\"Klausen von oben\" title=\"Klausen von oben\" data-description=\"Klausen von oben\" data-caption=\"Die Wallfahrtskirche Klausen von oben\" data-title=\"Klausen von oben\" style=\" width:215px; height:215px;\" \/><\/div><FIGCAPTION class=\"\" data-alpha=\"5\" style=\"color:#ffffff; background-color:#6f0000; font-size:140; text-align:2; font-family:Default;\" ><div class=\"grid-gallery-figcaption-wrap\" style=\"\"><\/div><\/FIGCAPTION><\/FIGURE><FIGURE class=\"grid-gallery-caption\" data-grid-gallery-type=\"quarter-slide-up\" data-index=\"1\" style=\"display:none;border-radius:00;; margin:5.3px; width:2150;\" ><div class=\"crop\" style=\" width:2150; height:2150; overflow:hidden;\"><img decoding=\"async\" src=\"https:\/\/schwebach.de\/wp-content\/uploads\/2018\/07\/im_Korb-215x215.jpg\" class=\"ggImg\" alt=\"im_Korb\" title=\"im_Korb\" data-description=\"im_Korb\" data-caption=\"Im Aufzug\" data-title=\"im_Korb\" style=\" width:215px; height:215px;\" \/><\/div><FIGCAPTION class=\"\" data-alpha=\"5\" style=\"color:#ffffff; background-color:#6f0000; font-size:140; text-align:2; font-family:Default;\" ><div class=\"grid-gallery-figcaption-wrap\" style=\"\"><\/div><\/FIGCAPTION><\/FIGURE><FIGURE class=\"grid-gallery-caption\" data-grid-gallery-type=\"quarter-slide-up\" data-index=\"2\" style=\"display:none;border-radius:00;; margin:5.3px; width:2150;\" ><div class=\"crop\" style=\" width:2150; height:2150; overflow:hidden;\"><img decoding=\"async\" src=\"https:\/\/schwebach.de\/wp-content\/uploads\/2018\/07\/aussichtsreich-215x215.jpg\" class=\"ggImg\" alt=\"aussichtsreich\" title=\"aussichtsreich\" data-description=\"aussichtsreich\" data-caption=\"In luftigen H\u00f6hen\" data-title=\"aussichtsreich\" style=\" width:215px; height:215px;\" \/><\/div><FIGCAPTION class=\"\" data-alpha=\"5\" style=\"color:#ffffff; background-color:#6f0000; font-size:140; text-align:2; font-family:Default;\" ><div class=\"grid-gallery-figcaption-wrap\" style=\"\"><\/div><\/FIGCAPTION><\/FIGURE><FIGURE class=\"grid-gallery-caption\" data-grid-gallery-type=\"quarter-slide-up\" data-index=\"3\" style=\"display:none;border-radius:00;; margin:5.3px; width:2150;\" ><div class=\"crop\" style=\" width:2150; height:2150; overflow:hidden;\"><img decoding=\"async\" src=\"https:\/\/schwebach.de\/wp-content\/uploads\/2018\/06\/klausen-215x215.jpg\" class=\"ggImg\" alt=\"Kloster Klausen\" title=\"Kloster Klausen\" data-description=\"Kloster Klausen\" data-caption=\"\u00dcber Klausen\" data-title=\"Kloster Klausen\" style=\" width:215px; height:215px;\" \/><\/div><FIGCAPTION class=\"\" data-alpha=\"5\" style=\"color:#ffffff; background-color:#6f0000; font-size:140; text-align:2; font-family:Default;\" ><div class=\"grid-gallery-figcaption-wrap\" style=\"\"><\/div><\/FIGCAPTION><\/FIGURE><FIGURE class=\"grid-gallery-caption\" data-grid-gallery-type=\"quarter-slide-up\" data-index=\"4\" style=\"display:none;border-radius:00;; margin:5.3px; width:2150;\" ><div class=\"crop\" style=\" width:2150; height:2150; overflow:hidden;\"><img decoding=\"async\" src=\"https:\/\/schwebach.de\/wp-content\/uploads\/2018\/07\/steil-215x215.jpg\" class=\"ggImg\" alt=\"Auffahrt mit einem Steil-Kran\" title=\"Auffahrt mit einem Steil-Kran\" data-description=\"Auffahrt mit einem Steil-Kran\" data-caption=\"Auffahrt mit einem Steil-Kran\" data-title=\"Auffahrt mit einem Steil-Kran\" style=\" width:215px; height:215px;\" \/><\/div><FIGCAPTION class=\"\" data-alpha=\"5\" style=\"color:#ffffff; background-color:#6f0000; font-size:140; text-align:2; font-family:Default;\" ><div class=\"grid-gallery-figcaption-wrap\" style=\"\"><\/div><\/FIGCAPTION><\/FIGURE><FIGURE class=\"grid-gallery-caption\" data-grid-gallery-type=\"quarter-slide-up\" data-index=\"5\" style=\"display:none;border-radius:00;; margin:5.3px; width:2150;\" ><div class=\"crop\" style=\" width:2150; height:2150; overflow:hidden;\"><img decoding=\"async\" src=\"https:\/\/schwebach.de\/wp-content\/uploads\/2018\/07\/schwedenrot-215x215.jpg\" class=\"ggImg\" alt=\"Die Ereignisse werfen ihre Schatten voraus\" title=\"Die Ereignisse werfen ihre Schatten voraus\" data-description=\"Die Ereignisse werfen ihre Schatten voraus\" data-caption=\"Sanierter Dachreiter\" data-title=\"Die Ereignisse werfen ihre Schatten voraus\" style=\" width:215px; height:215px;\" \/><\/div><FIGCAPTION class=\"\" data-alpha=\"5\" style=\"color:#ffffff; background-color:#6f0000; font-size:140; text-align:2; font-family:Default;\" ><div class=\"grid-gallery-figcaption-wrap\" style=\"\"><\/div><\/FIGCAPTION><\/FIGURE><FIGURE class=\"grid-gallery-caption\" data-grid-gallery-type=\"quarter-slide-up\" data-index=\"6\" style=\"display:none;border-radius:00;; margin:5.3px; width:2150;\" ><div class=\"crop\" style=\" width:2150; height:2150; overflow:hidden;\"><img decoding=\"async\" src=\"https:\/\/schwebach.de\/wp-content\/uploads\/2018\/07\/schatten-215x215.jpg\" class=\"ggImg\" alt=\"schatten\" title=\"schatten\" data-description=\"schatten\" data-caption=\"Gro\u00dfe Ereignisse werfen ihre Schatten voraus ;-)\" data-title=\"schatten\" style=\" width:215px; height:215px;\" \/><\/div><FIGCAPTION class=\"\" data-alpha=\"5\" style=\"color:#ffffff; background-color:#6f0000; font-size:140; text-align:2; font-family:Default;\" ><div class=\"grid-gallery-figcaption-wrap\" style=\"\"><\/div><\/FIGCAPTION><\/FIGURE><FIGURE class=\"grid-gallery-caption\" data-grid-gallery-type=\"quarter-slide-up\" data-index=\"7\" style=\"display:none;border-radius:00;; margin:5.3px; width:2150;\" ><div class=\"crop\" style=\" width:2150; height:2150; overflow:hidden;\"><img decoding=\"async\" src=\"https:\/\/schwebach.de\/wp-content\/uploads\/2018\/07\/aufwaerts-215x215.jpg\" class=\"ggImg\" alt=\"aufwaerts\" title=\"aufwaerts\" data-description=\"aufwaerts\" data-caption=\"Im Korb\" data-title=\"aufwaerts\" style=\" width:215px; height:215px;\" \/><\/div><FIGCAPTION class=\"\" data-alpha=\"5\" style=\"color:#ffffff; background-color:#6f0000; font-size:140; text-align:2; font-family:Default;\" ><div class=\"grid-gallery-figcaption-wrap\" style=\"\"><\/div><\/FIGCAPTION><\/FIGURE><FIGURE class=\"grid-gallery-caption\" data-grid-gallery-type=\"quarter-slide-up\" data-index=\"8\" style=\"display:none;border-radius:00;; margin:5.3px; width:2150;\" ><div class=\"crop\" style=\" width:2150; height:2150; overflow:hidden;\"><img decoding=\"async\" src=\"https:\/\/schwebach.de\/wp-content\/uploads\/2018\/07\/2-215x215.jpg\" class=\"ggImg\" alt=\"Wallfahrtskirche Klausen\" title=\"Wallfahrtskirche Klausen\" data-description=\"Wallfahrtskirche Klausen\" data-caption=\"Wallfahrtskirche Klausen\" data-title=\"Wallfahrtskirche Klausen\" style=\" width:215px; height:215px;\" \/><\/div><FIGCAPTION class=\"\" data-alpha=\"5\" style=\"color:#ffffff; background-color:#6f0000; font-size:140; text-align:2; font-family:Default;\" ><div class=\"grid-gallery-figcaption-wrap\" style=\"\"><\/div><\/FIGCAPTION><\/FIGURE> <div class=\"grid-gallery-clearfix\"><\/div> <\/div> <div class=\"gallery-sharing-bottom\" style=\"display:none;\"> <\/div> <div class=\"gallery-sharing-image\" style=\"display:none;\"> <\/div> <div class=\"gallery-sharing-popup\" style=\"display:none;\"> <\/div> <div class=\"grid-gallery-clearfix\"><\/div> <\/div> <!-- Gallery by Supsystic plugin1.16.0 --><a title=\"Wordpress Gallery Plugin Free\" style=\"display:none;\" href=\"https:\/\/supsystic.com\/plugins\/photo-gallery\/?utm_medium=love_link\" target=\"_blank\">Wordpress Gallery Plugin Free<\/a>\n","protected":false},"excerpt":{"rendered":"<p>Sanierung eines Dachreiters an der Wallfahrtskirche Klausen Auch das war wieder ein ganz besonderes Projekt. Die r\u00f6misch-katholische Wallfahrtskirche &#8222;Maria Heimsuchung&#8220; in Klausen ist ein beliebter Ort und zieht \u00a0j\u00e4hrlich \u00fcber 100.000 Pilger an. Die Wallfahrtskirche steht sehr exponiert und damit<\/p>\n","protected":false},"author":1,"featured_media":2226,"comment_status":"open","ping_status":"open","sticky":false,"template":"","format":"standard","meta":{"footnotes":""},"categories":[51,10],"tags":[],"class_list":["post-2223","post","type-post","status-publish","format-standard","has-post-thumbnail","hentry","category-besondere-projekte","category-projekte"],"yoast_head":"<!-- This site is optimized with the Yoast SEO plugin v27.4 - https:\/\/yoast.com\/product\/yoast-seo-wordpress\/ -->\n<title>In luftigen H\u00f6hen - Sanierung der Klausener Wallfahrtskirche - Schwebach GmbH<\/title>\n<meta name=\"description\" content=\"Die Sanierung des Dachreiters f\u00fcr die Wallfahrtskirche &quot;Maria Heimsuchung&quot; in Klausen ist ein ganz besonderes Projekt. Man hat Ehrfurcht vor dem Alter der Kirche ... und der H\u00f6he.\" \/>\n<meta name=\"robots\" content=\"index, follow, max-snippet:-1, max-image-preview:large, max-video-preview:-1\" \/>\n<link rel=\"canonical\" href=\"https:\/\/schwebach.de\/?p=2223\" \/>\n<meta property=\"og:locale\" content=\"de_DE\" \/>\n<meta property=\"og:type\" content=\"article\" \/>\n<meta property=\"og:title\" content=\"In luftigen H\u00f6hen - Sanierung der Klausener Wallfahrtskirche - Schwebach GmbH\" \/>\n<meta property=\"og:description\" content=\"Die Sanierung des Dachreiters f\u00fcr die Wallfahrtskirche &quot;Maria Heimsuchung&quot; in Klausen ist ein ganz besonderes Projekt. Man hat Ehrfurcht vor dem Alter der Kirche ... und der H\u00f6he.\" \/>\n<meta property=\"og:url\" content=\"https:\/\/schwebach.de\/?p=2223\" \/>\n<meta property=\"og:site_name\" content=\"SCHWEBACH Maler &amp; Lackierer\" \/>\n<meta property=\"article:publisher\" content=\"https:\/\/www.facebook.com\/schwebach.wohlfuehlmaler\" \/>\n<meta property=\"article:published_time\" content=\"2018-06-28T20:00:52+00:00\" \/>\n<meta property=\"article:modified_time\" content=\"2018-07-29T20:47:28+00:00\" \/>\n<meta property=\"og:image\" content=\"https:\/\/schwebach.de\/wp-content\/uploads\/2018\/06\/klausen.jpg\" \/>\n\t<meta property=\"og:image:width\" content=\"1200\" \/>\n\t<meta property=\"og:image:height\" content=\"900\" \/>\n\t<meta property=\"og:image:type\" content=\"image\/jpeg\" \/>\n<meta name=\"author\" content=\"Schwebach\" \/>\n<meta name=\"twitter:card\" content=\"summary_large_image\" \/>\n<meta name=\"twitter:label1\" content=\"Verfasst von\" \/>\n\t<meta name=\"twitter:data1\" content=\"Schwebach\" \/>\n\t<meta name=\"twitter:label2\" content=\"Gesch\u00e4tzte Lesezeit\" \/>\n\t<meta name=\"twitter:data2\" content=\"1\u00a0Minute\" \/>\n<script type=\"application\/ld+json\" class=\"yoast-schema-graph\">{\"@context\":\"https:\\\/\\\/schema.org\",\"@graph\":[{\"@type\":\"Article\",\"@id\":\"https:\\\/\\\/schwebach.de\\\/?p=2223#article\",\"isPartOf\":{\"@id\":\"https:\\\/\\\/schwebach.de\\\/?p=2223\"},\"author\":{\"name\":\"Schwebach\",\"@id\":\"https:\\\/\\\/schwebach.de\\\/#\\\/schema\\\/person\\\/d00f441195aff8fe4987add5febad44d\"},\"headline\":\"In luftigen H\u00f6hen &#8211; Sanierung der Wallfahrtskirche Klausen\",\"datePublished\":\"2018-06-28T20:00:52+00:00\",\"dateModified\":\"2018-07-29T20:47:28+00:00\",\"mainEntityOfPage\":{\"@id\":\"https:\\\/\\\/schwebach.de\\\/?p=2223\"},\"wordCount\":180,\"commentCount\":0,\"publisher\":{\"@id\":\"https:\\\/\\\/schwebach.de\\\/#organization\"},\"image\":{\"@id\":\"https:\\\/\\\/schwebach.de\\\/?p=2223#primaryimage\"},\"thumbnailUrl\":\"https:\\\/\\\/schwebach.de\\\/wp-content\\\/uploads\\\/2018\\\/06\\\/klausen.jpg\",\"articleSection\":[\"Besondere Projekte\",\"Projekte\"],\"inLanguage\":\"de\",\"potentialAction\":[{\"@type\":\"CommentAction\",\"name\":\"Comment\",\"target\":[\"https:\\\/\\\/schwebach.de\\\/?p=2223#respond\"]}]},{\"@type\":\"WebPage\",\"@id\":\"https:\\\/\\\/schwebach.de\\\/?p=2223\",\"url\":\"https:\\\/\\\/schwebach.de\\\/?p=2223\",\"name\":\"In luftigen H\u00f6hen - Sanierung der Klausener Wallfahrtskirche - Schwebach GmbH\",\"isPartOf\":{\"@id\":\"https:\\\/\\\/schwebach.de\\\/#website\"},\"primaryImageOfPage\":{\"@id\":\"https:\\\/\\\/schwebach.de\\\/?p=2223#primaryimage\"},\"image\":{\"@id\":\"https:\\\/\\\/schwebach.de\\\/?p=2223#primaryimage\"},\"thumbnailUrl\":\"https:\\\/\\\/schwebach.de\\\/wp-content\\\/uploads\\\/2018\\\/06\\\/klausen.jpg\",\"datePublished\":\"2018-06-28T20:00:52+00:00\",\"dateModified\":\"2018-07-29T20:47:28+00:00\",\"description\":\"Die Sanierung des Dachreiters f\u00fcr die Wallfahrtskirche \\\"Maria Heimsuchung\\\" in Klausen ist ein ganz besonderes Projekt. Man hat Ehrfurcht vor dem Alter der Kirche ... und der H\u00f6he.\",\"breadcrumb\":{\"@id\":\"https:\\\/\\\/schwebach.de\\\/?p=2223#breadcrumb\"},\"inLanguage\":\"de\",\"potentialAction\":[{\"@type\":\"ReadAction\",\"target\":[\"https:\\\/\\\/schwebach.de\\\/?p=2223\"]}]},{\"@type\":\"ImageObject\",\"inLanguage\":\"de\",\"@id\":\"https:\\\/\\\/schwebach.de\\\/?p=2223#primaryimage\",\"url\":\"https:\\\/\\\/schwebach.de\\\/wp-content\\\/uploads\\\/2018\\\/06\\\/klausen.jpg\",\"contentUrl\":\"https:\\\/\\\/schwebach.de\\\/wp-content\\\/uploads\\\/2018\\\/06\\\/klausen.jpg\",\"width\":1200,\"height\":900,\"caption\":\"\u00dcber Klausen\"},{\"@type\":\"BreadcrumbList\",\"@id\":\"https:\\\/\\\/schwebach.de\\\/?p=2223#breadcrumb\",\"itemListElement\":[{\"@type\":\"ListItem\",\"position\":1,\"name\":\"Startseite\",\"item\":\"https:\\\/\\\/schwebach.de\\\/\"},{\"@type\":\"ListItem\",\"position\":2,\"name\":\"In luftigen H\u00f6hen &#8211; Sanierung der Wallfahrtskirche Klausen\"}]},{\"@type\":\"WebSite\",\"@id\":\"https:\\\/\\\/schwebach.de\\\/#website\",\"url\":\"https:\\\/\\\/schwebach.de\\\/\",\"name\":\"SCHWEBACH Maler &amp; Lackierer\",\"description\":\"Ihr Wohlf\u00fchlmaler aus Irsch\\\/Saar\",\"publisher\":{\"@id\":\"https:\\\/\\\/schwebach.de\\\/#organization\"},\"potentialAction\":[{\"@type\":\"SearchAction\",\"target\":{\"@type\":\"EntryPoint\",\"urlTemplate\":\"https:\\\/\\\/schwebach.de\\\/?s={search_term_string}\"},\"query-input\":{\"@type\":\"PropertyValueSpecification\",\"valueRequired\":true,\"valueName\":\"search_term_string\"}}],\"inLanguage\":\"de\"},{\"@type\":\"Organization\",\"@id\":\"https:\\\/\\\/schwebach.de\\\/#organization\",\"name\":\"Schwebach Maler & Lackierer GmbH\",\"url\":\"https:\\\/\\\/schwebach.de\\\/\",\"logo\":{\"@type\":\"ImageObject\",\"inLanguage\":\"de\",\"@id\":\"https:\\\/\\\/schwebach.de\\\/#\\\/schema\\\/logo\\\/image\\\/\",\"url\":\"https:\\\/\\\/schwebach.de\\\/wp-content\\\/uploads\\\/2016\\\/04\\\/butterfly.png\",\"contentUrl\":\"https:\\\/\\\/schwebach.de\\\/wp-content\\\/uploads\\\/2016\\\/04\\\/butterfly.png\",\"width\":463,\"height\":310,\"caption\":\"Schwebach Maler & Lackierer GmbH\"},\"image\":{\"@id\":\"https:\\\/\\\/schwebach.de\\\/#\\\/schema\\\/logo\\\/image\\\/\"},\"sameAs\":[\"https:\\\/\\\/www.facebook.com\\\/schwebach.wohlfuehlmaler\",\"https:\\\/\\\/www.youtube.com\\\/user\\\/Wohlfuehlmaler\"]},{\"@type\":\"Person\",\"@id\":\"https:\\\/\\\/schwebach.de\\\/#\\\/schema\\\/person\\\/d00f441195aff8fe4987add5febad44d\",\"name\":\"Schwebach\",\"image\":{\"@type\":\"ImageObject\",\"inLanguage\":\"de\",\"@id\":\"https:\\\/\\\/secure.gravatar.com\\\/avatar\\\/34291dd68034cb7317838ad1f4c39bc27d010389fac30629b636c5776ac49376?s=96&d=mm&r=g\",\"url\":\"https:\\\/\\\/secure.gravatar.com\\\/avatar\\\/34291dd68034cb7317838ad1f4c39bc27d010389fac30629b636c5776ac49376?s=96&d=mm&r=g\",\"contentUrl\":\"https:\\\/\\\/secure.gravatar.com\\\/avatar\\\/34291dd68034cb7317838ad1f4c39bc27d010389fac30629b636c5776ac49376?s=96&d=mm&r=g\",\"caption\":\"Schwebach\"},\"url\":\"https:\\\/\\\/schwebach.de\\\/?author=1\"}]}<\/script>\n<!-- \/ Yoast SEO plugin. -->","yoast_head_json":{"title":"In luftigen H\u00f6hen - Sanierung der Klausener Wallfahrtskirche - Schwebach GmbH","description":"Die Sanierung des Dachreiters f\u00fcr die Wallfahrtskirche \"Maria Heimsuchung\" in Klausen ist ein ganz besonderes Projekt. Man hat Ehrfurcht vor dem Alter der Kirche ... und der H\u00f6he.","robots":{"index":"index","follow":"follow","max-snippet":"max-snippet:-1","max-image-preview":"max-image-preview:large","max-video-preview":"max-video-preview:-1"},"canonical":"https:\/\/schwebach.de\/?p=2223","og_locale":"de_DE","og_type":"article","og_title":"In luftigen H\u00f6hen - Sanierung der Klausener Wallfahrtskirche - Schwebach GmbH","og_description":"Die Sanierung des Dachreiters f\u00fcr die Wallfahrtskirche \"Maria Heimsuchung\" in Klausen ist ein ganz besonderes Projekt. Man hat Ehrfurcht vor dem Alter der Kirche ... und der H\u00f6he.","og_url":"https:\/\/schwebach.de\/?p=2223","og_site_name":"SCHWEBACH Maler &amp; Lackierer","article_publisher":"https:\/\/www.facebook.com\/schwebach.wohlfuehlmaler","article_published_time":"2018-06-28T20:00:52+00:00","article_modified_time":"2018-07-29T20:47:28+00:00","og_image":[{"width":1200,"height":900,"url":"https:\/\/schwebach.de\/wp-content\/uploads\/2018\/06\/klausen.jpg","type":"image\/jpeg"}],"author":"Schwebach","twitter_card":"summary_large_image","twitter_misc":{"Verfasst von":"Schwebach","Gesch\u00e4tzte Lesezeit":"1\u00a0Minute"},"schema":{"@context":"https:\/\/schema.org","@graph":[{"@type":"Article","@id":"https:\/\/schwebach.de\/?p=2223#article","isPartOf":{"@id":"https:\/\/schwebach.de\/?p=2223"},"author":{"name":"Schwebach","@id":"https:\/\/schwebach.de\/#\/schema\/person\/d00f441195aff8fe4987add5febad44d"},"headline":"In luftigen H\u00f6hen &#8211; Sanierung der Wallfahrtskirche Klausen","datePublished":"2018-06-28T20:00:52+00:00","dateModified":"2018-07-29T20:47:28+00:00","mainEntityOfPage":{"@id":"https:\/\/schwebach.de\/?p=2223"},"wordCount":180,"commentCount":0,"publisher":{"@id":"https:\/\/schwebach.de\/#organization"},"image":{"@id":"https:\/\/schwebach.de\/?p=2223#primaryimage"},"thumbnailUrl":"https:\/\/schwebach.de\/wp-content\/uploads\/2018\/06\/klausen.jpg","articleSection":["Besondere Projekte","Projekte"],"inLanguage":"de","potentialAction":[{"@type":"CommentAction","name":"Comment","target":["https:\/\/schwebach.de\/?p=2223#respond"]}]},{"@type":"WebPage","@id":"https:\/\/schwebach.de\/?p=2223","url":"https:\/\/schwebach.de\/?p=2223","name":"In luftigen H\u00f6hen - Sanierung der Klausener Wallfahrtskirche - Schwebach GmbH","isPartOf":{"@id":"https:\/\/schwebach.de\/#website"},"primaryImageOfPage":{"@id":"https:\/\/schwebach.de\/?p=2223#primaryimage"},"image":{"@id":"https:\/\/schwebach.de\/?p=2223#primaryimage"},"thumbnailUrl":"https:\/\/schwebach.de\/wp-content\/uploads\/2018\/06\/klausen.jpg","datePublished":"2018-06-28T20:00:52+00:00","dateModified":"2018-07-29T20:47:28+00:00","description":"Die Sanierung des Dachreiters f\u00fcr die Wallfahrtskirche \"Maria Heimsuchung\" in Klausen ist ein ganz besonderes Projekt. Man hat Ehrfurcht vor dem Alter der Kirche ... und der H\u00f6he.","breadcrumb":{"@id":"https:\/\/schwebach.de\/?p=2223#breadcrumb"},"inLanguage":"de","potentialAction":[{"@type":"ReadAction","target":["https:\/\/schwebach.de\/?p=2223"]}]},{"@type":"ImageObject","inLanguage":"de","@id":"https:\/\/schwebach.de\/?p=2223#primaryimage","url":"https:\/\/schwebach.de\/wp-content\/uploads\/2018\/06\/klausen.jpg","contentUrl":"https:\/\/schwebach.de\/wp-content\/uploads\/2018\/06\/klausen.jpg","width":1200,"height":900,"caption":"\u00dcber Klausen"},{"@type":"BreadcrumbList","@id":"https:\/\/schwebach.de\/?p=2223#breadcrumb","itemListElement":[{"@type":"ListItem","position":1,"name":"Startseite","item":"https:\/\/schwebach.de\/"},{"@type":"ListItem","position":2,"name":"In luftigen H\u00f6hen &#8211; Sanierung der Wallfahrtskirche Klausen"}]},{"@type":"WebSite","@id":"https:\/\/schwebach.de\/#website","url":"https:\/\/schwebach.de\/","name":"SCHWEBACH Maler &amp; Lackierer","description":"Ihr Wohlf\u00fchlmaler aus Irsch\/Saar","publisher":{"@id":"https:\/\/schwebach.de\/#organization"},"potentialAction":[{"@type":"SearchAction","target":{"@type":"EntryPoint","urlTemplate":"https:\/\/schwebach.de\/?s={search_term_string}"},"query-input":{"@type":"PropertyValueSpecification","valueRequired":true,"valueName":"search_term_string"}}],"inLanguage":"de"},{"@type":"Organization","@id":"https:\/\/schwebach.de\/#organization","name":"Schwebach Maler & Lackierer GmbH","url":"https:\/\/schwebach.de\/","logo":{"@type":"ImageObject","inLanguage":"de","@id":"https:\/\/schwebach.de\/#\/schema\/logo\/image\/","url":"https:\/\/schwebach.de\/wp-content\/uploads\/2016\/04\/butterfly.png","contentUrl":"https:\/\/schwebach.de\/wp-content\/uploads\/2016\/04\/butterfly.png","width":463,"height":310,"caption":"Schwebach Maler & Lackierer GmbH"},"image":{"@id":"https:\/\/schwebach.de\/#\/schema\/logo\/image\/"},"sameAs":["https:\/\/www.facebook.com\/schwebach.wohlfuehlmaler","https:\/\/www.youtube.com\/user\/Wohlfuehlmaler"]},{"@type":"Person","@id":"https:\/\/schwebach.de\/#\/schema\/person\/d00f441195aff8fe4987add5febad44d","name":"Schwebach","image":{"@type":"ImageObject","inLanguage":"de","@id":"https:\/\/secure.gravatar.com\/avatar\/34291dd68034cb7317838ad1f4c39bc27d010389fac30629b636c5776ac49376?s=96&d=mm&r=g","url":"https:\/\/secure.gravatar.com\/avatar\/34291dd68034cb7317838ad1f4c39bc27d010389fac30629b636c5776ac49376?s=96&d=mm&r=g","contentUrl":"https:\/\/secure.gravatar.com\/avatar\/34291dd68034cb7317838ad1f4c39bc27d010389fac30629b636c5776ac49376?s=96&d=mm&r=g","caption":"Schwebach"},"url":"https:\/\/schwebach.de\/?author=1"}]}},"_links":{"self":[{"href":"https:\/\/schwebach.de\/index.php?rest_route=\/wp\/v2\/posts\/2223","targetHints":{"allow":["GET"]}}],"collection":[{"href":"https:\/\/schwebach.de\/index.php?rest_route=\/wp\/v2\/posts"}],"about":[{"href":"https:\/\/schwebach.de\/index.php?rest_route=\/wp\/v2\/types\/post"}],"author":[{"embeddable":true,"href":"https:\/\/schwebach.de\/index.php?rest_route=\/wp\/v2\/users\/1"}],"replies":[{"embeddable":true,"href":"https:\/\/schwebach.de\/index.php?rest_route=%2Fwp%2Fv2%2Fcomments&post=2223"}],"version-history":[{"count":6,"href":"https:\/\/schwebach.de\/index.php?rest_route=\/wp\/v2\/posts\/2223\/revisions"}],"predecessor-version":[{"id":2239,"href":"https:\/\/schwebach.de\/index.php?rest_route=\/wp\/v2\/posts\/2223\/revisions\/2239"}],"wp:featuredmedia":[{"embeddable":true,"href":"https:\/\/schwebach.de\/index.php?rest_route=\/wp\/v2\/media\/2226"}],"wp:attachment":[{"href":"https:\/\/schwebach.de\/index.php?rest_route=%2Fwp%2Fv2%2Fmedia&parent=2223"}],"wp:term":[{"taxonomy":"category","embeddable":true,"href":"https:\/\/schwebach.de\/index.php?rest_route=%2Fwp%2Fv2%2Fcategories&post=2223"},{"taxonomy":"post_tag","embeddable":true,"href":"https:\/\/schwebach.de\/index.php?rest_route=%2Fwp%2Fv2%2Ftags&post=2223"}],"curies":[{"name":"wp","href":"https:\/\/api.w.org\/{rel}","templated":true}]}}