{"id":2111,"date":"2006-04-07T07:06:37","date_gmt":"2006-04-07T07:06:37","guid":{"rendered":"https:\/\/schwebach.de\/?p=2111"},"modified":"2018-02-27T07:15:18","modified_gmt":"2018-02-27T07:15:18","slug":"jessica-fuellings-schulpraktikum-bei-schwebach","status":"publish","type":"post","link":"https:\/\/schwebach.de\/?p=2111","title":{"rendered":"Jessica F\u00fcllings Schulpraktikum bei Schwebach"},"content":{"rendered":"<p><img loading=\"lazy\" decoding=\"async\" class=\"size-full wp-image-2112 alignright\" src=\"https:\/\/schwebach.de\/wp-content\/uploads\/2018\/02\/200604_schuelerpraktkum.jpg\" alt=\"Sch\u00fclerpraktikum Jessica F\u00fclling\" width=\"400\" height=\"333\" srcset=\"https:\/\/schwebach.de\/wp-content\/uploads\/2018\/02\/200604_schuelerpraktkum.jpg 400w, https:\/\/schwebach.de\/wp-content\/uploads\/2018\/02\/200604_schuelerpraktkum-300x250.jpg 300w\" sizes=\"auto, (max-width: 400px) 100vw, 400px\" \/>Vom 27. M\u00e4rz bis 6. April 2006 hat Jessica F\u00fclling ein Schulpraktikum in unserem Familienbetrieb gemacht. Das junge M\u00e4dchen m\u00f6chte sp\u00e4ter Restauratorin werden und m\u00f6chte sich daher in verschiedenen Berufen als Praktikantin umschauen.<\/p>\n<p>Das T\u00e4tigkeitsfeld bei Schwebach war dabei sehr vielseitig. Im Schwebach Team war Jessica beim Bodenverlegen, Tapezieren, Spachteln und Verputzen dabei. Dabei konnte es unserer Sch\u00fclerin nie langweilig werden und sie hatte viel Spa\u00df bei der Arbeit. Wir freuen uns sehr, dass sich wieder ein junges M\u00e4dchen f\u00fcr unseren Beruf interessiert und w\u00fcnschen Jessica viel Erfolg f\u00fcr den weiteren beruflichen Werdegang.<\/p>\n<p>Schon in K\u00fcrze ist wieder Girls-Power bei Schwebach angesagt, denn schon am 27. April ist Schwebach wieder beim Girls&#8217;Day 2006 dabei.<\/p>\n","protected":false},"excerpt":{"rendered":"<p>Vom 27. M\u00e4rz bis 6. April 2006 hat Jessica F\u00fclling ein Schulpraktikum in unserem Familienbetrieb gemacht. Das junge M\u00e4dchen m\u00f6chte sp\u00e4ter Restauratorin werden und m\u00f6chte sich daher in verschiedenen Berufen als Praktikantin umschauen. Das T\u00e4tigkeitsfeld bei Schwebach war dabei sehr<\/p>\n","protected":false},"author":1,"featured_media":2112,"comment_status":"open","ping_status":"open","sticky":false,"template":"","format":"standard","meta":{"footnotes":""},"categories":[61],"tags":[],"class_list":["post-2111","post","type-post","status-publish","format-standard","has-post-thumbnail","hentry","category-praktikum"],"yoast_head":"<!-- This site is optimized with the Yoast SEO plugin v27.4 - https:\/\/yoast.com\/product\/yoast-seo-wordpress\/ -->\n<title>Jessica F\u00fcllings Schulpraktikum beim Malerteam von Schwebach<\/title>\n<meta name=\"description\" content=\"Vom 27. M\u00e4rz bis 6. April 2006 hat Jessica F\u00fclling ein Schulpraktikum in unserem Familienbetrieb gemacht. Das junge M\u00e4dchen m\u00f6chte sp\u00e4ter Restauratorin werden und m\u00f6chte sich daher in verschiedenen Berufen als Praktikantin umschauen.\" \/>\n<meta name=\"robots\" content=\"index, follow, max-snippet:-1, max-image-preview:large, max-video-preview:-1\" \/>\n<link rel=\"canonical\" href=\"https:\/\/schwebach.de\/?p=2111\" \/>\n<meta property=\"og:locale\" content=\"de_DE\" \/>\n<meta property=\"og:type\" content=\"article\" \/>\n<meta property=\"og:title\" content=\"Jessica F\u00fcllings Schulpraktikum beim Malerteam von Schwebach\" \/>\n<meta property=\"og:description\" content=\"Vom 27. M\u00e4rz bis 6. April 2006 hat Jessica F\u00fclling ein Schulpraktikum in unserem Familienbetrieb gemacht. Das junge M\u00e4dchen m\u00f6chte sp\u00e4ter Restauratorin werden und m\u00f6chte sich daher in verschiedenen Berufen als Praktikantin umschauen.\" \/>\n<meta property=\"og:url\" content=\"https:\/\/schwebach.de\/?p=2111\" \/>\n<meta property=\"og:site_name\" content=\"SCHWEBACH Maler &amp; Lackierer\" \/>\n<meta property=\"article:publisher\" content=\"https:\/\/www.facebook.com\/schwebach.wohlfuehlmaler\" \/>\n<meta property=\"article:published_time\" content=\"2006-04-07T07:06:37+00:00\" \/>\n<meta property=\"article:modified_time\" content=\"2018-02-27T07:15:18+00:00\" \/>\n<meta property=\"og:image\" content=\"https:\/\/schwebach.de\/wp-content\/uploads\/2018\/02\/200604_schuelerpraktkum.jpg\" \/>\n\t<meta property=\"og:image:width\" content=\"400\" \/>\n\t<meta property=\"og:image:height\" content=\"333\" \/>\n\t<meta property=\"og:image:type\" content=\"image\/jpeg\" \/>\n<meta name=\"author\" content=\"Schwebach\" \/>\n<meta name=\"twitter:card\" content=\"summary_large_image\" \/>\n<meta name=\"twitter:label1\" content=\"Verfasst von\" \/>\n\t<meta name=\"twitter:data1\" content=\"Schwebach\" \/>\n\t<meta name=\"twitter:label2\" content=\"Gesch\u00e4tzte Lesezeit\" \/>\n\t<meta name=\"twitter:data2\" content=\"1\u00a0Minute\" \/>\n<script type=\"application\/ld+json\" class=\"yoast-schema-graph\">{\"@context\":\"https:\\\/\\\/schema.org\",\"@graph\":[{\"@type\":\"Article\",\"@id\":\"https:\\\/\\\/schwebach.de\\\/?p=2111#article\",\"isPartOf\":{\"@id\":\"https:\\\/\\\/schwebach.de\\\/?p=2111\"},\"author\":{\"name\":\"Schwebach\",\"@id\":\"https:\\\/\\\/schwebach.de\\\/#\\\/schema\\\/person\\\/d00f441195aff8fe4987add5febad44d\"},\"headline\":\"Jessica F\u00fcllings Schulpraktikum bei Schwebach\",\"datePublished\":\"2006-04-07T07:06:37+00:00\",\"dateModified\":\"2018-02-27T07:15:18+00:00\",\"mainEntityOfPage\":{\"@id\":\"https:\\\/\\\/schwebach.de\\\/?p=2111\"},\"wordCount\":129,\"commentCount\":0,\"publisher\":{\"@id\":\"https:\\\/\\\/schwebach.de\\\/#organization\"},\"image\":{\"@id\":\"https:\\\/\\\/schwebach.de\\\/?p=2111#primaryimage\"},\"thumbnailUrl\":\"https:\\\/\\\/schwebach.de\\\/wp-content\\\/uploads\\\/2018\\\/02\\\/200604_schuelerpraktkum.jpg\",\"articleSection\":[\"Praktikum\"],\"inLanguage\":\"de\",\"potentialAction\":[{\"@type\":\"CommentAction\",\"name\":\"Comment\",\"target\":[\"https:\\\/\\\/schwebach.de\\\/?p=2111#respond\"]}]},{\"@type\":\"WebPage\",\"@id\":\"https:\\\/\\\/schwebach.de\\\/?p=2111\",\"url\":\"https:\\\/\\\/schwebach.de\\\/?p=2111\",\"name\":\"Jessica F\u00fcllings Schulpraktikum beim Malerteam von Schwebach\",\"isPartOf\":{\"@id\":\"https:\\\/\\\/schwebach.de\\\/#website\"},\"primaryImageOfPage\":{\"@id\":\"https:\\\/\\\/schwebach.de\\\/?p=2111#primaryimage\"},\"image\":{\"@id\":\"https:\\\/\\\/schwebach.de\\\/?p=2111#primaryimage\"},\"thumbnailUrl\":\"https:\\\/\\\/schwebach.de\\\/wp-content\\\/uploads\\\/2018\\\/02\\\/200604_schuelerpraktkum.jpg\",\"datePublished\":\"2006-04-07T07:06:37+00:00\",\"dateModified\":\"2018-02-27T07:15:18+00:00\",\"description\":\"Vom 27. M\u00e4rz bis 6. April 2006 hat Jessica F\u00fclling ein Schulpraktikum in unserem Familienbetrieb gemacht. Das junge M\u00e4dchen m\u00f6chte sp\u00e4ter Restauratorin werden und m\u00f6chte sich daher in verschiedenen Berufen als Praktikantin umschauen.\",\"breadcrumb\":{\"@id\":\"https:\\\/\\\/schwebach.de\\\/?p=2111#breadcrumb\"},\"inLanguage\":\"de\",\"potentialAction\":[{\"@type\":\"ReadAction\",\"target\":[\"https:\\\/\\\/schwebach.de\\\/?p=2111\"]}]},{\"@type\":\"ImageObject\",\"inLanguage\":\"de\",\"@id\":\"https:\\\/\\\/schwebach.de\\\/?p=2111#primaryimage\",\"url\":\"https:\\\/\\\/schwebach.de\\\/wp-content\\\/uploads\\\/2018\\\/02\\\/200604_schuelerpraktkum.jpg\",\"contentUrl\":\"https:\\\/\\\/schwebach.de\\\/wp-content\\\/uploads\\\/2018\\\/02\\\/200604_schuelerpraktkum.jpg\",\"width\":400,\"height\":333,\"caption\":\"Sch\u00fclerpraktikum Jessica F\u00fclling\"},{\"@type\":\"BreadcrumbList\",\"@id\":\"https:\\\/\\\/schwebach.de\\\/?p=2111#breadcrumb\",\"itemListElement\":[{\"@type\":\"ListItem\",\"position\":1,\"name\":\"Startseite\",\"item\":\"https:\\\/\\\/schwebach.de\\\/\"},{\"@type\":\"ListItem\",\"position\":2,\"name\":\"Jessica F\u00fcllings Schulpraktikum bei Schwebach\"}]},{\"@type\":\"WebSite\",\"@id\":\"https:\\\/\\\/schwebach.de\\\/#website\",\"url\":\"https:\\\/\\\/schwebach.de\\\/\",\"name\":\"SCHWEBACH Maler &amp; Lackierer\",\"description\":\"Ihr Wohlf\u00fchlmaler aus Irsch\\\/Saar\",\"publisher\":{\"@id\":\"https:\\\/\\\/schwebach.de\\\/#organization\"},\"potentialAction\":[{\"@type\":\"SearchAction\",\"target\":{\"@type\":\"EntryPoint\",\"urlTemplate\":\"https:\\\/\\\/schwebach.de\\\/?s={search_term_string}\"},\"query-input\":{\"@type\":\"PropertyValueSpecification\",\"valueRequired\":true,\"valueName\":\"search_term_string\"}}],\"inLanguage\":\"de\"},{\"@type\":\"Organization\",\"@id\":\"https:\\\/\\\/schwebach.de\\\/#organization\",\"name\":\"Schwebach Maler & Lackierer GmbH\",\"url\":\"https:\\\/\\\/schwebach.de\\\/\",\"logo\":{\"@type\":\"ImageObject\",\"inLanguage\":\"de\",\"@id\":\"https:\\\/\\\/schwebach.de\\\/#\\\/schema\\\/logo\\\/image\\\/\",\"url\":\"https:\\\/\\\/schwebach.de\\\/wp-content\\\/uploads\\\/2016\\\/04\\\/butterfly.png\",\"contentUrl\":\"https:\\\/\\\/schwebach.de\\\/wp-content\\\/uploads\\\/2016\\\/04\\\/butterfly.png\",\"width\":463,\"height\":310,\"caption\":\"Schwebach Maler & Lackierer GmbH\"},\"image\":{\"@id\":\"https:\\\/\\\/schwebach.de\\\/#\\\/schema\\\/logo\\\/image\\\/\"},\"sameAs\":[\"https:\\\/\\\/www.facebook.com\\\/schwebach.wohlfuehlmaler\",\"https:\\\/\\\/www.youtube.com\\\/user\\\/Wohlfuehlmaler\"]},{\"@type\":\"Person\",\"@id\":\"https:\\\/\\\/schwebach.de\\\/#\\\/schema\\\/person\\\/d00f441195aff8fe4987add5febad44d\",\"name\":\"Schwebach\",\"image\":{\"@type\":\"ImageObject\",\"inLanguage\":\"de\",\"@id\":\"https:\\\/\\\/secure.gravatar.com\\\/avatar\\\/34291dd68034cb7317838ad1f4c39bc27d010389fac30629b636c5776ac49376?s=96&d=mm&r=g\",\"url\":\"https:\\\/\\\/secure.gravatar.com\\\/avatar\\\/34291dd68034cb7317838ad1f4c39bc27d010389fac30629b636c5776ac49376?s=96&d=mm&r=g\",\"contentUrl\":\"https:\\\/\\\/secure.gravatar.com\\\/avatar\\\/34291dd68034cb7317838ad1f4c39bc27d010389fac30629b636c5776ac49376?s=96&d=mm&r=g\",\"caption\":\"Schwebach\"},\"url\":\"https:\\\/\\\/schwebach.de\\\/?author=1\"}]}<\/script>\n<!-- \/ Yoast SEO plugin. -->","yoast_head_json":{"title":"Jessica F\u00fcllings Schulpraktikum beim Malerteam von Schwebach","description":"Vom 27. M\u00e4rz bis 6. April 2006 hat Jessica F\u00fclling ein Schulpraktikum in unserem Familienbetrieb gemacht. Das junge M\u00e4dchen m\u00f6chte sp\u00e4ter Restauratorin werden und m\u00f6chte sich daher in verschiedenen Berufen als Praktikantin umschauen.","robots":{"index":"index","follow":"follow","max-snippet":"max-snippet:-1","max-image-preview":"max-image-preview:large","max-video-preview":"max-video-preview:-1"},"canonical":"https:\/\/schwebach.de\/?p=2111","og_locale":"de_DE","og_type":"article","og_title":"Jessica F\u00fcllings Schulpraktikum beim Malerteam von Schwebach","og_description":"Vom 27. M\u00e4rz bis 6. April 2006 hat Jessica F\u00fclling ein Schulpraktikum in unserem Familienbetrieb gemacht. Das junge M\u00e4dchen m\u00f6chte sp\u00e4ter Restauratorin werden und m\u00f6chte sich daher in verschiedenen Berufen als Praktikantin umschauen.","og_url":"https:\/\/schwebach.de\/?p=2111","og_site_name":"SCHWEBACH Maler &amp; Lackierer","article_publisher":"https:\/\/www.facebook.com\/schwebach.wohlfuehlmaler","article_published_time":"2006-04-07T07:06:37+00:00","article_modified_time":"2018-02-27T07:15:18+00:00","og_image":[{"width":400,"height":333,"url":"https:\/\/schwebach.de\/wp-content\/uploads\/2018\/02\/200604_schuelerpraktkum.jpg","type":"image\/jpeg"}],"author":"Schwebach","twitter_card":"summary_large_image","twitter_misc":{"Verfasst von":"Schwebach","Gesch\u00e4tzte Lesezeit":"1\u00a0Minute"},"schema":{"@context":"https:\/\/schema.org","@graph":[{"@type":"Article","@id":"https:\/\/schwebach.de\/?p=2111#article","isPartOf":{"@id":"https:\/\/schwebach.de\/?p=2111"},"author":{"name":"Schwebach","@id":"https:\/\/schwebach.de\/#\/schema\/person\/d00f441195aff8fe4987add5febad44d"},"headline":"Jessica F\u00fcllings Schulpraktikum bei Schwebach","datePublished":"2006-04-07T07:06:37+00:00","dateModified":"2018-02-27T07:15:18+00:00","mainEntityOfPage":{"@id":"https:\/\/schwebach.de\/?p=2111"},"wordCount":129,"commentCount":0,"publisher":{"@id":"https:\/\/schwebach.de\/#organization"},"image":{"@id":"https:\/\/schwebach.de\/?p=2111#primaryimage"},"thumbnailUrl":"https:\/\/schwebach.de\/wp-content\/uploads\/2018\/02\/200604_schuelerpraktkum.jpg","articleSection":["Praktikum"],"inLanguage":"de","potentialAction":[{"@type":"CommentAction","name":"Comment","target":["https:\/\/schwebach.de\/?p=2111#respond"]}]},{"@type":"WebPage","@id":"https:\/\/schwebach.de\/?p=2111","url":"https:\/\/schwebach.de\/?p=2111","name":"Jessica F\u00fcllings Schulpraktikum beim Malerteam von Schwebach","isPartOf":{"@id":"https:\/\/schwebach.de\/#website"},"primaryImageOfPage":{"@id":"https:\/\/schwebach.de\/?p=2111#primaryimage"},"image":{"@id":"https:\/\/schwebach.de\/?p=2111#primaryimage"},"thumbnailUrl":"https:\/\/schwebach.de\/wp-content\/uploads\/2018\/02\/200604_schuelerpraktkum.jpg","datePublished":"2006-04-07T07:06:37+00:00","dateModified":"2018-02-27T07:15:18+00:00","description":"Vom 27. M\u00e4rz bis 6. April 2006 hat Jessica F\u00fclling ein Schulpraktikum in unserem Familienbetrieb gemacht. Das junge M\u00e4dchen m\u00f6chte sp\u00e4ter Restauratorin werden und m\u00f6chte sich daher in verschiedenen Berufen als Praktikantin umschauen.","breadcrumb":{"@id":"https:\/\/schwebach.de\/?p=2111#breadcrumb"},"inLanguage":"de","potentialAction":[{"@type":"ReadAction","target":["https:\/\/schwebach.de\/?p=2111"]}]},{"@type":"ImageObject","inLanguage":"de","@id":"https:\/\/schwebach.de\/?p=2111#primaryimage","url":"https:\/\/schwebach.de\/wp-content\/uploads\/2018\/02\/200604_schuelerpraktkum.jpg","contentUrl":"https:\/\/schwebach.de\/wp-content\/uploads\/2018\/02\/200604_schuelerpraktkum.jpg","width":400,"height":333,"caption":"Sch\u00fclerpraktikum Jessica F\u00fclling"},{"@type":"BreadcrumbList","@id":"https:\/\/schwebach.de\/?p=2111#breadcrumb","itemListElement":[{"@type":"ListItem","position":1,"name":"Startseite","item":"https:\/\/schwebach.de\/"},{"@type":"ListItem","position":2,"name":"Jessica F\u00fcllings Schulpraktikum bei Schwebach"}]},{"@type":"WebSite","@id":"https:\/\/schwebach.de\/#website","url":"https:\/\/schwebach.de\/","name":"SCHWEBACH Maler &amp; Lackierer","description":"Ihr Wohlf\u00fchlmaler aus Irsch\/Saar","publisher":{"@id":"https:\/\/schwebach.de\/#organization"},"potentialAction":[{"@type":"SearchAction","target":{"@type":"EntryPoint","urlTemplate":"https:\/\/schwebach.de\/?s={search_term_string}"},"query-input":{"@type":"PropertyValueSpecification","valueRequired":true,"valueName":"search_term_string"}}],"inLanguage":"de"},{"@type":"Organization","@id":"https:\/\/schwebach.de\/#organization","name":"Schwebach Maler & Lackierer GmbH","url":"https:\/\/schwebach.de\/","logo":{"@type":"ImageObject","inLanguage":"de","@id":"https:\/\/schwebach.de\/#\/schema\/logo\/image\/","url":"https:\/\/schwebach.de\/wp-content\/uploads\/2016\/04\/butterfly.png","contentUrl":"https:\/\/schwebach.de\/wp-content\/uploads\/2016\/04\/butterfly.png","width":463,"height":310,"caption":"Schwebach Maler & Lackierer GmbH"},"image":{"@id":"https:\/\/schwebach.de\/#\/schema\/logo\/image\/"},"sameAs":["https:\/\/www.facebook.com\/schwebach.wohlfuehlmaler","https:\/\/www.youtube.com\/user\/Wohlfuehlmaler"]},{"@type":"Person","@id":"https:\/\/schwebach.de\/#\/schema\/person\/d00f441195aff8fe4987add5febad44d","name":"Schwebach","image":{"@type":"ImageObject","inLanguage":"de","@id":"https:\/\/secure.gravatar.com\/avatar\/34291dd68034cb7317838ad1f4c39bc27d010389fac30629b636c5776ac49376?s=96&d=mm&r=g","url":"https:\/\/secure.gravatar.com\/avatar\/34291dd68034cb7317838ad1f4c39bc27d010389fac30629b636c5776ac49376?s=96&d=mm&r=g","contentUrl":"https:\/\/secure.gravatar.com\/avatar\/34291dd68034cb7317838ad1f4c39bc27d010389fac30629b636c5776ac49376?s=96&d=mm&r=g","caption":"Schwebach"},"url":"https:\/\/schwebach.de\/?author=1"}]}},"_links":{"self":[{"href":"https:\/\/schwebach.de\/index.php?rest_route=\/wp\/v2\/posts\/2111","targetHints":{"allow":["GET"]}}],"collection":[{"href":"https:\/\/schwebach.de\/index.php?rest_route=\/wp\/v2\/posts"}],"about":[{"href":"https:\/\/schwebach.de\/index.php?rest_route=\/wp\/v2\/types\/post"}],"author":[{"embeddable":true,"href":"https:\/\/schwebach.de\/index.php?rest_route=\/wp\/v2\/users\/1"}],"replies":[{"embeddable":true,"href":"https:\/\/schwebach.de\/index.php?rest_route=%2Fwp%2Fv2%2Fcomments&post=2111"}],"version-history":[{"count":1,"href":"https:\/\/schwebach.de\/index.php?rest_route=\/wp\/v2\/posts\/2111\/revisions"}],"predecessor-version":[{"id":2113,"href":"https:\/\/schwebach.de\/index.php?rest_route=\/wp\/v2\/posts\/2111\/revisions\/2113"}],"wp:featuredmedia":[{"embeddable":true,"href":"https:\/\/schwebach.de\/index.php?rest_route=\/wp\/v2\/media\/2112"}],"wp:attachment":[{"href":"https:\/\/schwebach.de\/index.php?rest_route=%2Fwp%2Fv2%2Fmedia&parent=2111"}],"wp:term":[{"taxonomy":"category","embeddable":true,"href":"https:\/\/schwebach.de\/index.php?rest_route=%2Fwp%2Fv2%2Fcategories&post=2111"},{"taxonomy":"post_tag","embeddable":true,"href":"https:\/\/schwebach.de\/index.php?rest_route=%2Fwp%2Fv2%2Ftags&post=2111"}],"curies":[{"name":"wp","href":"https:\/\/api.w.org\/{rel}","templated":true}]}}