{"id":1929,"date":"2017-11-09T18:16:14","date_gmt":"2017-11-09T18:16:14","guid":{"rendered":"http:\/\/schwebach.de\/?p=1929"},"modified":"2017-11-09T18:18:43","modified_gmt":"2017-11-09T18:18:43","slug":"upgrade-bei-schwebach","status":"publish","type":"post","link":"https:\/\/schwebach.de\/?p=1929","title":{"rendered":"Upgrade bei Schwebach"},"content":{"rendered":"<div id=\"pl-1929\"  class=\"panel-layout\" ><div id=\"pg-1929-0\"  class=\"panel-grid panel-no-style\" ><div id=\"pgc-1929-0-0\"  class=\"panel-grid-cell\" ><div id=\"panel-1929-0-0-0\" class=\"so-panel widget widget_sow-editor panel-first-child panel-last-child\" data-index=\"0\" ><div\n\t\t\t\n\t\t\tclass=\"so-widget-sow-editor so-widget-sow-editor-base\"\n\t\t\t\n\t\t>\n<div class=\"siteorigin-widget-tinymce textwidget\">\n\t<h2><img loading=\"lazy\" decoding=\"async\" class=\"size-medium wp-image-1930 alignright\" src=\"https:\/\/schwebach.de\/wp-content\/uploads\/2017\/11\/20171101_PCs-225x300.jpg\" alt=\"Neue PCs f\u00fcr die neue Firmensoftware\" width=\"225\" height=\"300\" srcset=\"https:\/\/schwebach.de\/wp-content\/uploads\/2017\/11\/20171101_PCs-225x300.jpg 225w, https:\/\/schwebach.de\/wp-content\/uploads\/2017\/11\/20171101_PCs.jpg 600w\" sizes=\"auto, (max-width: 225px) 100vw, 225px\" \/>Neue Firmensoftware im Einsatz<\/h2>\n<p>Moderne Kommunikation und Firmensoftware ist auch f\u00fcr einen Handwerksbetrieb wichtig. Hier haben wir nun mit der L\u00f6sung <span style=\"font-size: medium;\"><a href=\"https:\/\/www.malersoftware.net\/\" target=\"_blank\" rel=\"noopener\"><span style=\"color: #222222;\"><span style=\"font-family: 'Open Sans', sans-serif;\">C.A.T.S.-WARICUM<\/span><\/span><\/a><\/span> eine betriebswirtschaftliche Softwarel\u00f6sung speziell f\u00fcr Maler und Stukkateure, die wir in unserem Kunden- und Logistikzentrum <a href=\"https:\/\/schwebach.de\/?page_id=18\" target=\"_blank\" rel=\"noopener\">St. Lukas<\/a> einsetzen werden. Mit dieser L\u00f6sung erhoffen wir uns eine Vereinfachung und Verbesserung schon beim Aufma\u00df eines Projektes, \u00fcber die Kalkulation bis zum Angebot. Der Projekt-Einsatzplan wir effizienter was den Material- und Personaleinsatz betrifft.<\/p>\n<p>Ein zielgerichtetes Controlling soll helfen, Fehlentwicklungen zu korrigieren und Prozesse kontinuierlich zu verbessern. Termine sollen besser organisiert werden und die B\u00fcroarbeit vereinfacht und vereinheitlicht werden.<\/p>\n<p>Nun h\u00e4ngt der Erfolg aber auch an uns und so geht es jetzt um eine intensive Einarbeitung und Schulung, damit wir die Anwendung optimal auf unseren Betrieb einstellen k\u00f6nnen und das Potential ausnutzen.<\/p>\n<p>Neben der neuen Firmensoftware haben wir uns auch leistungsst\u00e4rkere Hardware zugelegt.<\/p>\n<p>Wir sind optimistisch, dass an Ende unsere Kunden, Partner und unser Team von dieser Investition profitieren werden.<\/p>\n<\/div>\n<\/div><\/div><\/div><\/div><\/div>","protected":false},"excerpt":{"rendered":"<p>Neue Firmensoftware im Einsatz Moderne Kommunikation und Firmensoftware ist auch f\u00fcr einen Handwerksbetrieb wichtig. Hier haben wir nun mit der L\u00f6sung C.A.T.S.-WARICUM eine betriebswirtschaftliche Softwarel\u00f6sung speziell f\u00fcr Maler und Stukkateure, die wir in unserem Kunden- und Logistikzentrum St. Lukas einsetzen<\/p>\n","protected":false},"author":1,"featured_media":1931,"comment_status":"open","ping_status":"open","sticky":false,"template":"","format":"standard","meta":{"footnotes":""},"categories":[53],"tags":[],"class_list":["post-1929","post","type-post","status-publish","format-standard","has-post-thumbnail","hentry","category-ausruestung"],"yoast_head":"<!-- This site is optimized with the Yoast SEO plugin v27.4 - https:\/\/yoast.com\/product\/yoast-seo-wordpress\/ -->\n<title>Neue Firmensoftware im Einsatz - Schwebach Maler &amp; Lackierer GmbH<\/title>\n<meta name=\"description\" content=\"Moderne Firmensoftware ist auch f\u00fcr einen Handwerksbetrieb wichtig. Mit der L\u00f6sung C.A.T.S.-WARICUM haben wir eine L\u00f6sung speziell f\u00fcr Maler im Einsatz.\" \/>\n<meta name=\"robots\" content=\"index, follow, max-snippet:-1, max-image-preview:large, max-video-preview:-1\" \/>\n<link rel=\"canonical\" href=\"https:\/\/schwebach.de\/?p=1929\" \/>\n<meta property=\"og:locale\" content=\"de_DE\" \/>\n<meta property=\"og:type\" content=\"article\" \/>\n<meta property=\"og:title\" content=\"Neue Firmensoftware im Einsatz - Schwebach Maler &amp; Lackierer GmbH\" \/>\n<meta property=\"og:description\" content=\"Moderne Firmensoftware ist auch f\u00fcr einen Handwerksbetrieb wichtig. Mit der L\u00f6sung C.A.T.S.-WARICUM haben wir eine L\u00f6sung speziell f\u00fcr Maler im Einsatz.\" \/>\n<meta property=\"og:url\" content=\"https:\/\/schwebach.de\/?p=1929\" \/>\n<meta property=\"og:site_name\" content=\"SCHWEBACH Maler &amp; Lackierer\" \/>\n<meta property=\"article:publisher\" content=\"https:\/\/www.facebook.com\/schwebach.wohlfuehlmaler\" \/>\n<meta property=\"article:published_time\" content=\"2017-11-09T18:16:14+00:00\" \/>\n<meta property=\"article:modified_time\" content=\"2017-11-09T18:18:43+00:00\" \/>\n<meta property=\"og:image\" content=\"https:\/\/schwebach.de\/wp-content\/uploads\/2017\/11\/CATS.jpg\" \/>\n\t<meta property=\"og:image:width\" content=\"1000\" \/>\n\t<meta property=\"og:image:height\" content=\"760\" \/>\n\t<meta property=\"og:image:type\" content=\"image\/jpeg\" \/>\n<meta name=\"author\" content=\"Schwebach\" \/>\n<meta name=\"twitter:card\" content=\"summary_large_image\" \/>\n<meta name=\"twitter:label1\" content=\"Verfasst von\" \/>\n\t<meta name=\"twitter:data1\" content=\"Schwebach\" \/>\n\t<meta name=\"twitter:label2\" content=\"Gesch\u00e4tzte Lesezeit\" \/>\n\t<meta name=\"twitter:data2\" content=\"1\u00a0Minute\" \/>\n<script type=\"application\/ld+json\" class=\"yoast-schema-graph\">{\"@context\":\"https:\\\/\\\/schema.org\",\"@graph\":[{\"@type\":\"Article\",\"@id\":\"https:\\\/\\\/schwebach.de\\\/?p=1929#article\",\"isPartOf\":{\"@id\":\"https:\\\/\\\/schwebach.de\\\/?p=1929\"},\"author\":{\"name\":\"Schwebach\",\"@id\":\"https:\\\/\\\/schwebach.de\\\/#\\\/schema\\\/person\\\/d00f441195aff8fe4987add5febad44d\"},\"headline\":\"Upgrade bei Schwebach\",\"datePublished\":\"2017-11-09T18:16:14+00:00\",\"dateModified\":\"2017-11-09T18:18:43+00:00\",\"mainEntityOfPage\":{\"@id\":\"https:\\\/\\\/schwebach.de\\\/?p=1929\"},\"wordCount\":174,\"commentCount\":0,\"publisher\":{\"@id\":\"https:\\\/\\\/schwebach.de\\\/#organization\"},\"image\":{\"@id\":\"https:\\\/\\\/schwebach.de\\\/?p=1929#primaryimage\"},\"thumbnailUrl\":\"https:\\\/\\\/schwebach.de\\\/wp-content\\\/uploads\\\/2017\\\/11\\\/CATS.jpg\",\"articleSection\":[\"Ausr\u00fcstung\"],\"inLanguage\":\"de\",\"potentialAction\":[{\"@type\":\"CommentAction\",\"name\":\"Comment\",\"target\":[\"https:\\\/\\\/schwebach.de\\\/?p=1929#respond\"]}]},{\"@type\":\"WebPage\",\"@id\":\"https:\\\/\\\/schwebach.de\\\/?p=1929\",\"url\":\"https:\\\/\\\/schwebach.de\\\/?p=1929\",\"name\":\"Neue Firmensoftware im Einsatz - Schwebach Maler & Lackierer GmbH\",\"isPartOf\":{\"@id\":\"https:\\\/\\\/schwebach.de\\\/#website\"},\"primaryImageOfPage\":{\"@id\":\"https:\\\/\\\/schwebach.de\\\/?p=1929#primaryimage\"},\"image\":{\"@id\":\"https:\\\/\\\/schwebach.de\\\/?p=1929#primaryimage\"},\"thumbnailUrl\":\"https:\\\/\\\/schwebach.de\\\/wp-content\\\/uploads\\\/2017\\\/11\\\/CATS.jpg\",\"datePublished\":\"2017-11-09T18:16:14+00:00\",\"dateModified\":\"2017-11-09T18:18:43+00:00\",\"description\":\"Moderne Firmensoftware ist auch f\u00fcr einen Handwerksbetrieb wichtig. Mit der L\u00f6sung C.A.T.S.-WARICUM haben wir eine L\u00f6sung speziell f\u00fcr Maler im Einsatz.\",\"breadcrumb\":{\"@id\":\"https:\\\/\\\/schwebach.de\\\/?p=1929#breadcrumb\"},\"inLanguage\":\"de\",\"potentialAction\":[{\"@type\":\"ReadAction\",\"target\":[\"https:\\\/\\\/schwebach.de\\\/?p=1929\"]}]},{\"@type\":\"ImageObject\",\"inLanguage\":\"de\",\"@id\":\"https:\\\/\\\/schwebach.de\\\/?p=1929#primaryimage\",\"url\":\"https:\\\/\\\/schwebach.de\\\/wp-content\\\/uploads\\\/2017\\\/11\\\/CATS.jpg\",\"contentUrl\":\"https:\\\/\\\/schwebach.de\\\/wp-content\\\/uploads\\\/2017\\\/11\\\/CATS.jpg\",\"width\":1000,\"height\":760,\"caption\":\"Die Firmensoftware C.A.T.S.-WARICUM speziell f\u00fcr Malerbetriebe\"},{\"@type\":\"BreadcrumbList\",\"@id\":\"https:\\\/\\\/schwebach.de\\\/?p=1929#breadcrumb\",\"itemListElement\":[{\"@type\":\"ListItem\",\"position\":1,\"name\":\"Startseite\",\"item\":\"https:\\\/\\\/schwebach.de\\\/\"},{\"@type\":\"ListItem\",\"position\":2,\"name\":\"Upgrade bei Schwebach\"}]},{\"@type\":\"WebSite\",\"@id\":\"https:\\\/\\\/schwebach.de\\\/#website\",\"url\":\"https:\\\/\\\/schwebach.de\\\/\",\"name\":\"SCHWEBACH Maler &amp; Lackierer\",\"description\":\"Ihr Wohlf\u00fchlmaler aus Irsch\\\/Saar\",\"publisher\":{\"@id\":\"https:\\\/\\\/schwebach.de\\\/#organization\"},\"potentialAction\":[{\"@type\":\"SearchAction\",\"target\":{\"@type\":\"EntryPoint\",\"urlTemplate\":\"https:\\\/\\\/schwebach.de\\\/?s={search_term_string}\"},\"query-input\":{\"@type\":\"PropertyValueSpecification\",\"valueRequired\":true,\"valueName\":\"search_term_string\"}}],\"inLanguage\":\"de\"},{\"@type\":\"Organization\",\"@id\":\"https:\\\/\\\/schwebach.de\\\/#organization\",\"name\":\"Schwebach Maler & Lackierer GmbH\",\"url\":\"https:\\\/\\\/schwebach.de\\\/\",\"logo\":{\"@type\":\"ImageObject\",\"inLanguage\":\"de\",\"@id\":\"https:\\\/\\\/schwebach.de\\\/#\\\/schema\\\/logo\\\/image\\\/\",\"url\":\"https:\\\/\\\/schwebach.de\\\/wp-content\\\/uploads\\\/2016\\\/04\\\/butterfly.png\",\"contentUrl\":\"https:\\\/\\\/schwebach.de\\\/wp-content\\\/uploads\\\/2016\\\/04\\\/butterfly.png\",\"width\":463,\"height\":310,\"caption\":\"Schwebach Maler & Lackierer GmbH\"},\"image\":{\"@id\":\"https:\\\/\\\/schwebach.de\\\/#\\\/schema\\\/logo\\\/image\\\/\"},\"sameAs\":[\"https:\\\/\\\/www.facebook.com\\\/schwebach.wohlfuehlmaler\",\"https:\\\/\\\/www.youtube.com\\\/user\\\/Wohlfuehlmaler\"]},{\"@type\":\"Person\",\"@id\":\"https:\\\/\\\/schwebach.de\\\/#\\\/schema\\\/person\\\/d00f441195aff8fe4987add5febad44d\",\"name\":\"Schwebach\",\"image\":{\"@type\":\"ImageObject\",\"inLanguage\":\"de\",\"@id\":\"https:\\\/\\\/secure.gravatar.com\\\/avatar\\\/34291dd68034cb7317838ad1f4c39bc27d010389fac30629b636c5776ac49376?s=96&d=mm&r=g\",\"url\":\"https:\\\/\\\/secure.gravatar.com\\\/avatar\\\/34291dd68034cb7317838ad1f4c39bc27d010389fac30629b636c5776ac49376?s=96&d=mm&r=g\",\"contentUrl\":\"https:\\\/\\\/secure.gravatar.com\\\/avatar\\\/34291dd68034cb7317838ad1f4c39bc27d010389fac30629b636c5776ac49376?s=96&d=mm&r=g\",\"caption\":\"Schwebach\"},\"url\":\"https:\\\/\\\/schwebach.de\\\/?author=1\"}]}<\/script>\n<!-- \/ Yoast SEO plugin. -->","yoast_head_json":{"title":"Neue Firmensoftware im Einsatz - Schwebach Maler & Lackierer GmbH","description":"Moderne Firmensoftware ist auch f\u00fcr einen Handwerksbetrieb wichtig. Mit der L\u00f6sung C.A.T.S.-WARICUM haben wir eine L\u00f6sung speziell f\u00fcr Maler im Einsatz.","robots":{"index":"index","follow":"follow","max-snippet":"max-snippet:-1","max-image-preview":"max-image-preview:large","max-video-preview":"max-video-preview:-1"},"canonical":"https:\/\/schwebach.de\/?p=1929","og_locale":"de_DE","og_type":"article","og_title":"Neue Firmensoftware im Einsatz - Schwebach Maler & Lackierer GmbH","og_description":"Moderne Firmensoftware ist auch f\u00fcr einen Handwerksbetrieb wichtig. Mit der L\u00f6sung C.A.T.S.-WARICUM haben wir eine L\u00f6sung speziell f\u00fcr Maler im Einsatz.","og_url":"https:\/\/schwebach.de\/?p=1929","og_site_name":"SCHWEBACH Maler &amp; Lackierer","article_publisher":"https:\/\/www.facebook.com\/schwebach.wohlfuehlmaler","article_published_time":"2017-11-09T18:16:14+00:00","article_modified_time":"2017-11-09T18:18:43+00:00","og_image":[{"width":1000,"height":760,"url":"https:\/\/schwebach.de\/wp-content\/uploads\/2017\/11\/CATS.jpg","type":"image\/jpeg"}],"author":"Schwebach","twitter_card":"summary_large_image","twitter_misc":{"Verfasst von":"Schwebach","Gesch\u00e4tzte Lesezeit":"1\u00a0Minute"},"schema":{"@context":"https:\/\/schema.org","@graph":[{"@type":"Article","@id":"https:\/\/schwebach.de\/?p=1929#article","isPartOf":{"@id":"https:\/\/schwebach.de\/?p=1929"},"author":{"name":"Schwebach","@id":"https:\/\/schwebach.de\/#\/schema\/person\/d00f441195aff8fe4987add5febad44d"},"headline":"Upgrade bei Schwebach","datePublished":"2017-11-09T18:16:14+00:00","dateModified":"2017-11-09T18:18:43+00:00","mainEntityOfPage":{"@id":"https:\/\/schwebach.de\/?p=1929"},"wordCount":174,"commentCount":0,"publisher":{"@id":"https:\/\/schwebach.de\/#organization"},"image":{"@id":"https:\/\/schwebach.de\/?p=1929#primaryimage"},"thumbnailUrl":"https:\/\/schwebach.de\/wp-content\/uploads\/2017\/11\/CATS.jpg","articleSection":["Ausr\u00fcstung"],"inLanguage":"de","potentialAction":[{"@type":"CommentAction","name":"Comment","target":["https:\/\/schwebach.de\/?p=1929#respond"]}]},{"@type":"WebPage","@id":"https:\/\/schwebach.de\/?p=1929","url":"https:\/\/schwebach.de\/?p=1929","name":"Neue Firmensoftware im Einsatz - Schwebach Maler & Lackierer GmbH","isPartOf":{"@id":"https:\/\/schwebach.de\/#website"},"primaryImageOfPage":{"@id":"https:\/\/schwebach.de\/?p=1929#primaryimage"},"image":{"@id":"https:\/\/schwebach.de\/?p=1929#primaryimage"},"thumbnailUrl":"https:\/\/schwebach.de\/wp-content\/uploads\/2017\/11\/CATS.jpg","datePublished":"2017-11-09T18:16:14+00:00","dateModified":"2017-11-09T18:18:43+00:00","description":"Moderne Firmensoftware ist auch f\u00fcr einen Handwerksbetrieb wichtig. Mit der L\u00f6sung C.A.T.S.-WARICUM haben wir eine L\u00f6sung speziell f\u00fcr Maler im Einsatz.","breadcrumb":{"@id":"https:\/\/schwebach.de\/?p=1929#breadcrumb"},"inLanguage":"de","potentialAction":[{"@type":"ReadAction","target":["https:\/\/schwebach.de\/?p=1929"]}]},{"@type":"ImageObject","inLanguage":"de","@id":"https:\/\/schwebach.de\/?p=1929#primaryimage","url":"https:\/\/schwebach.de\/wp-content\/uploads\/2017\/11\/CATS.jpg","contentUrl":"https:\/\/schwebach.de\/wp-content\/uploads\/2017\/11\/CATS.jpg","width":1000,"height":760,"caption":"Die Firmensoftware C.A.T.S.-WARICUM speziell f\u00fcr Malerbetriebe"},{"@type":"BreadcrumbList","@id":"https:\/\/schwebach.de\/?p=1929#breadcrumb","itemListElement":[{"@type":"ListItem","position":1,"name":"Startseite","item":"https:\/\/schwebach.de\/"},{"@type":"ListItem","position":2,"name":"Upgrade bei Schwebach"}]},{"@type":"WebSite","@id":"https:\/\/schwebach.de\/#website","url":"https:\/\/schwebach.de\/","name":"SCHWEBACH Maler &amp; Lackierer","description":"Ihr Wohlf\u00fchlmaler aus Irsch\/Saar","publisher":{"@id":"https:\/\/schwebach.de\/#organization"},"potentialAction":[{"@type":"SearchAction","target":{"@type":"EntryPoint","urlTemplate":"https:\/\/schwebach.de\/?s={search_term_string}"},"query-input":{"@type":"PropertyValueSpecification","valueRequired":true,"valueName":"search_term_string"}}],"inLanguage":"de"},{"@type":"Organization","@id":"https:\/\/schwebach.de\/#organization","name":"Schwebach Maler & Lackierer GmbH","url":"https:\/\/schwebach.de\/","logo":{"@type":"ImageObject","inLanguage":"de","@id":"https:\/\/schwebach.de\/#\/schema\/logo\/image\/","url":"https:\/\/schwebach.de\/wp-content\/uploads\/2016\/04\/butterfly.png","contentUrl":"https:\/\/schwebach.de\/wp-content\/uploads\/2016\/04\/butterfly.png","width":463,"height":310,"caption":"Schwebach Maler & Lackierer GmbH"},"image":{"@id":"https:\/\/schwebach.de\/#\/schema\/logo\/image\/"},"sameAs":["https:\/\/www.facebook.com\/schwebach.wohlfuehlmaler","https:\/\/www.youtube.com\/user\/Wohlfuehlmaler"]},{"@type":"Person","@id":"https:\/\/schwebach.de\/#\/schema\/person\/d00f441195aff8fe4987add5febad44d","name":"Schwebach","image":{"@type":"ImageObject","inLanguage":"de","@id":"https:\/\/secure.gravatar.com\/avatar\/34291dd68034cb7317838ad1f4c39bc27d010389fac30629b636c5776ac49376?s=96&d=mm&r=g","url":"https:\/\/secure.gravatar.com\/avatar\/34291dd68034cb7317838ad1f4c39bc27d010389fac30629b636c5776ac49376?s=96&d=mm&r=g","contentUrl":"https:\/\/secure.gravatar.com\/avatar\/34291dd68034cb7317838ad1f4c39bc27d010389fac30629b636c5776ac49376?s=96&d=mm&r=g","caption":"Schwebach"},"url":"https:\/\/schwebach.de\/?author=1"}]}},"_links":{"self":[{"href":"https:\/\/schwebach.de\/index.php?rest_route=\/wp\/v2\/posts\/1929","targetHints":{"allow":["GET"]}}],"collection":[{"href":"https:\/\/schwebach.de\/index.php?rest_route=\/wp\/v2\/posts"}],"about":[{"href":"https:\/\/schwebach.de\/index.php?rest_route=\/wp\/v2\/types\/post"}],"author":[{"embeddable":true,"href":"https:\/\/schwebach.de\/index.php?rest_route=\/wp\/v2\/users\/1"}],"replies":[{"embeddable":true,"href":"https:\/\/schwebach.de\/index.php?rest_route=%2Fwp%2Fv2%2Fcomments&post=1929"}],"version-history":[{"count":6,"href":"https:\/\/schwebach.de\/index.php?rest_route=\/wp\/v2\/posts\/1929\/revisions"}],"predecessor-version":[{"id":1937,"href":"https:\/\/schwebach.de\/index.php?rest_route=\/wp\/v2\/posts\/1929\/revisions\/1937"}],"wp:featuredmedia":[{"embeddable":true,"href":"https:\/\/schwebach.de\/index.php?rest_route=\/wp\/v2\/media\/1931"}],"wp:attachment":[{"href":"https:\/\/schwebach.de\/index.php?rest_route=%2Fwp%2Fv2%2Fmedia&parent=1929"}],"wp:term":[{"taxonomy":"category","embeddable":true,"href":"https:\/\/schwebach.de\/index.php?rest_route=%2Fwp%2Fv2%2Fcategories&post=1929"},{"taxonomy":"post_tag","embeddable":true,"href":"https:\/\/schwebach.de\/index.php?rest_route=%2Fwp%2Fv2%2Ftags&post=1929"}],"curies":[{"name":"wp","href":"https:\/\/api.w.org\/{rel}","templated":true}]}}