{"id":1866,"date":"2006-04-16T21:32:47","date_gmt":"2006-04-16T21:32:47","guid":{"rendered":"http:\/\/schwebach.de\/?p=1866"},"modified":"2017-10-30T21:39:20","modified_gmt":"2017-10-30T21:39:20","slug":"workshop-aquarell-2006","status":"publish","type":"post","link":"https:\/\/schwebach.de\/?p=1866","title":{"rendered":"Workshop Aquarell 2006"},"content":{"rendered":"<h2>Workshop Aquarell &#8211; Schwebach malt mit seinen Kunden<\/h2>\n<p><img loading=\"lazy\" decoding=\"async\" class=\"alignnone size-full wp-image-1867\" src=\"https:\/\/schwebach.de\/wp-content\/uploads\/2017\/10\/Aquarell_2006_01.jpg\" alt=\"Workshop Aquarell\" width=\"400\" height=\"274\" srcset=\"https:\/\/schwebach.de\/wp-content\/uploads\/2017\/10\/Aquarell_2006_01.jpg 400w, https:\/\/schwebach.de\/wp-content\/uploads\/2017\/10\/Aquarell_2006_01-300x206.jpg 300w\" sizes=\"auto, (max-width: 400px) 100vw, 400px\" \/><\/p>\n<p>Der Workshop Aquarell ist nun schon zu einer guten Tradition unserer Firma geworden. Unter dem Motto &#8222;Schwebach malt mit seinen Kunden&#8220; findet dieser Anf\u00e4ngerkurs unter der bew\u00e4hrten Leitung von <a href=\"https:\/\/schwebach.de\/?page_id=247\">Hans Schwebach<\/a> in den Tagen vor Ostern statt.<\/p>\n<p>Diesmal war es der 14. und 15. April (Karfreitag und Karsamstag). Wie in den vorherigen Jahren auch, haben wir die Teilnehmerzahl beschr\u00e4nkt und so konnten wir die 4 Teilnehmer am diesj\u00e4hrigen Workshop auch intensiv betreuen. Erstmals konnten wir den Kurs in den neuen Schulungsr\u00e4umen von St. Lukas veranstalten.<\/p>\n<p>Wir sind der Meinung, dass sich auch in diesem Jahr das Ergebnis sehen lassen kann.<\/p>\n<p><img loading=\"lazy\" decoding=\"async\" src=\"images\/Aquarell_2006_02.jpg\" width=\"400\" height=\"220\" align=\"right\" \/>Die Kursteilnehmer waren selbst sehr \u00fcberrascht, was man in zwei intensiven Trainingstagen alles lernen kann.<\/p>\n<p>Vermutlich werden wir auch im n\u00e4chsten Jahr einen Workshop anbieten. Auf dieser Seite werden wir nat\u00fcrlich fr\u00fchzeitig dar\u00fcber informieren.<\/p>\n","protected":false},"excerpt":{"rendered":"<p>Workshop Aquarell &#8211; Schwebach malt mit seinen Kunden Der Workshop Aquarell ist nun schon zu einer guten Tradition unserer Firma geworden. Unter dem Motto &#8222;Schwebach malt mit seinen Kunden&#8220; findet dieser Anf\u00e4ngerkurs unter der bew\u00e4hrten Leitung von Hans Schwebach in<\/p>\n","protected":false},"author":1,"featured_media":1867,"comment_status":"open","ping_status":"open","sticky":false,"template":"","format":"standard","meta":{"footnotes":""},"categories":[20,9],"tags":[],"class_list":["post-1866","post","type-post","status-publish","format-standard","has-post-thumbnail","hentry","category-termin","category-workshops"],"yoast_head":"<!-- This site is optimized with the Yoast SEO plugin v27.4 - https:\/\/yoast.com\/product\/yoast-seo-wordpress\/ -->\n<title>Workshop Aquarell 2006 bei Schwebach Maler &amp; Lackierer GmbH<\/title>\n<meta name=\"description\" content=\"Unter dem Motto &quot;Schwebach malt mit seinen Kunden&quot; fand ein Aquarell Anf\u00e4ngerkurs unter der bew\u00e4hrten Leitung von Hans Schwebach vor Ostern statt.\" \/>\n<meta name=\"robots\" content=\"index, follow, max-snippet:-1, max-image-preview:large, max-video-preview:-1\" \/>\n<link rel=\"canonical\" href=\"https:\/\/schwebach.de\/?p=1866\" \/>\n<meta property=\"og:locale\" content=\"de_DE\" \/>\n<meta property=\"og:type\" content=\"article\" \/>\n<meta property=\"og:title\" content=\"Workshop Aquarell 2006 bei Schwebach Maler &amp; Lackierer GmbH\" \/>\n<meta property=\"og:description\" content=\"Unter dem Motto &quot;Schwebach malt mit seinen Kunden&quot; fand ein Aquarell Anf\u00e4ngerkurs unter der bew\u00e4hrten Leitung von Hans Schwebach vor Ostern statt.\" \/>\n<meta property=\"og:url\" content=\"https:\/\/schwebach.de\/?p=1866\" \/>\n<meta property=\"og:site_name\" content=\"SCHWEBACH Maler &amp; Lackierer\" \/>\n<meta property=\"article:publisher\" content=\"https:\/\/www.facebook.com\/schwebach.wohlfuehlmaler\" \/>\n<meta property=\"article:published_time\" content=\"2006-04-16T21:32:47+00:00\" \/>\n<meta property=\"article:modified_time\" content=\"2017-10-30T21:39:20+00:00\" \/>\n<meta property=\"og:image\" content=\"https:\/\/schwebach.de\/wp-content\/uploads\/2017\/10\/Aquarell_2006_01.jpg\" \/>\n\t<meta property=\"og:image:width\" content=\"400\" \/>\n\t<meta property=\"og:image:height\" content=\"274\" \/>\n\t<meta property=\"og:image:type\" content=\"image\/jpeg\" \/>\n<meta name=\"author\" content=\"Schwebach\" \/>\n<meta name=\"twitter:card\" content=\"summary_large_image\" \/>\n<meta name=\"twitter:label1\" content=\"Verfasst von\" \/>\n\t<meta name=\"twitter:data1\" content=\"Schwebach\" \/>\n\t<meta name=\"twitter:label2\" content=\"Gesch\u00e4tzte Lesezeit\" \/>\n\t<meta name=\"twitter:data2\" content=\"1\u00a0Minute\" \/>\n<script type=\"application\/ld+json\" class=\"yoast-schema-graph\">{\"@context\":\"https:\\\/\\\/schema.org\",\"@graph\":[{\"@type\":\"Article\",\"@id\":\"https:\\\/\\\/schwebach.de\\\/?p=1866#article\",\"isPartOf\":{\"@id\":\"https:\\\/\\\/schwebach.de\\\/?p=1866\"},\"author\":{\"name\":\"Schwebach\",\"@id\":\"https:\\\/\\\/schwebach.de\\\/#\\\/schema\\\/person\\\/d00f441195aff8fe4987add5febad44d\"},\"headline\":\"Workshop Aquarell 2006\",\"datePublished\":\"2006-04-16T21:32:47+00:00\",\"dateModified\":\"2017-10-30T21:39:20+00:00\",\"mainEntityOfPage\":{\"@id\":\"https:\\\/\\\/schwebach.de\\\/?p=1866\"},\"wordCount\":150,\"commentCount\":0,\"publisher\":{\"@id\":\"https:\\\/\\\/schwebach.de\\\/#organization\"},\"image\":{\"@id\":\"https:\\\/\\\/schwebach.de\\\/?p=1866#primaryimage\"},\"thumbnailUrl\":\"https:\\\/\\\/schwebach.de\\\/wp-content\\\/uploads\\\/2017\\\/10\\\/Aquarell_2006_01.jpg\",\"articleSection\":[\"Termin\",\"Workshops\"],\"inLanguage\":\"de\",\"potentialAction\":[{\"@type\":\"CommentAction\",\"name\":\"Comment\",\"target\":[\"https:\\\/\\\/schwebach.de\\\/?p=1866#respond\"]}]},{\"@type\":\"WebPage\",\"@id\":\"https:\\\/\\\/schwebach.de\\\/?p=1866\",\"url\":\"https:\\\/\\\/schwebach.de\\\/?p=1866\",\"name\":\"Workshop Aquarell 2006 bei Schwebach Maler & Lackierer GmbH\",\"isPartOf\":{\"@id\":\"https:\\\/\\\/schwebach.de\\\/#website\"},\"primaryImageOfPage\":{\"@id\":\"https:\\\/\\\/schwebach.de\\\/?p=1866#primaryimage\"},\"image\":{\"@id\":\"https:\\\/\\\/schwebach.de\\\/?p=1866#primaryimage\"},\"thumbnailUrl\":\"https:\\\/\\\/schwebach.de\\\/wp-content\\\/uploads\\\/2017\\\/10\\\/Aquarell_2006_01.jpg\",\"datePublished\":\"2006-04-16T21:32:47+00:00\",\"dateModified\":\"2017-10-30T21:39:20+00:00\",\"description\":\"Unter dem Motto \\\"Schwebach malt mit seinen Kunden\\\" fand ein Aquarell Anf\u00e4ngerkurs unter der bew\u00e4hrten Leitung von Hans Schwebach vor Ostern statt.\",\"breadcrumb\":{\"@id\":\"https:\\\/\\\/schwebach.de\\\/?p=1866#breadcrumb\"},\"inLanguage\":\"de\",\"potentialAction\":[{\"@type\":\"ReadAction\",\"target\":[\"https:\\\/\\\/schwebach.de\\\/?p=1866\"]}]},{\"@type\":\"ImageObject\",\"inLanguage\":\"de\",\"@id\":\"https:\\\/\\\/schwebach.de\\\/?p=1866#primaryimage\",\"url\":\"https:\\\/\\\/schwebach.de\\\/wp-content\\\/uploads\\\/2017\\\/10\\\/Aquarell_2006_01.jpg\",\"contentUrl\":\"https:\\\/\\\/schwebach.de\\\/wp-content\\\/uploads\\\/2017\\\/10\\\/Aquarell_2006_01.jpg\",\"width\":400,\"height\":274,\"caption\":\"Workshop Aquarell\"},{\"@type\":\"BreadcrumbList\",\"@id\":\"https:\\\/\\\/schwebach.de\\\/?p=1866#breadcrumb\",\"itemListElement\":[{\"@type\":\"ListItem\",\"position\":1,\"name\":\"Startseite\",\"item\":\"https:\\\/\\\/schwebach.de\\\/\"},{\"@type\":\"ListItem\",\"position\":2,\"name\":\"Workshop Aquarell 2006\"}]},{\"@type\":\"WebSite\",\"@id\":\"https:\\\/\\\/schwebach.de\\\/#website\",\"url\":\"https:\\\/\\\/schwebach.de\\\/\",\"name\":\"SCHWEBACH Maler &amp; Lackierer\",\"description\":\"Ihr Wohlf\u00fchlmaler aus Irsch\\\/Saar\",\"publisher\":{\"@id\":\"https:\\\/\\\/schwebach.de\\\/#organization\"},\"potentialAction\":[{\"@type\":\"SearchAction\",\"target\":{\"@type\":\"EntryPoint\",\"urlTemplate\":\"https:\\\/\\\/schwebach.de\\\/?s={search_term_string}\"},\"query-input\":{\"@type\":\"PropertyValueSpecification\",\"valueRequired\":true,\"valueName\":\"search_term_string\"}}],\"inLanguage\":\"de\"},{\"@type\":\"Organization\",\"@id\":\"https:\\\/\\\/schwebach.de\\\/#organization\",\"name\":\"Schwebach Maler & Lackierer GmbH\",\"url\":\"https:\\\/\\\/schwebach.de\\\/\",\"logo\":{\"@type\":\"ImageObject\",\"inLanguage\":\"de\",\"@id\":\"https:\\\/\\\/schwebach.de\\\/#\\\/schema\\\/logo\\\/image\\\/\",\"url\":\"https:\\\/\\\/schwebach.de\\\/wp-content\\\/uploads\\\/2016\\\/04\\\/butterfly.png\",\"contentUrl\":\"https:\\\/\\\/schwebach.de\\\/wp-content\\\/uploads\\\/2016\\\/04\\\/butterfly.png\",\"width\":463,\"height\":310,\"caption\":\"Schwebach Maler & Lackierer GmbH\"},\"image\":{\"@id\":\"https:\\\/\\\/schwebach.de\\\/#\\\/schema\\\/logo\\\/image\\\/\"},\"sameAs\":[\"https:\\\/\\\/www.facebook.com\\\/schwebach.wohlfuehlmaler\",\"https:\\\/\\\/www.youtube.com\\\/user\\\/Wohlfuehlmaler\"]},{\"@type\":\"Person\",\"@id\":\"https:\\\/\\\/schwebach.de\\\/#\\\/schema\\\/person\\\/d00f441195aff8fe4987add5febad44d\",\"name\":\"Schwebach\",\"image\":{\"@type\":\"ImageObject\",\"inLanguage\":\"de\",\"@id\":\"https:\\\/\\\/secure.gravatar.com\\\/avatar\\\/34291dd68034cb7317838ad1f4c39bc27d010389fac30629b636c5776ac49376?s=96&d=mm&r=g\",\"url\":\"https:\\\/\\\/secure.gravatar.com\\\/avatar\\\/34291dd68034cb7317838ad1f4c39bc27d010389fac30629b636c5776ac49376?s=96&d=mm&r=g\",\"contentUrl\":\"https:\\\/\\\/secure.gravatar.com\\\/avatar\\\/34291dd68034cb7317838ad1f4c39bc27d010389fac30629b636c5776ac49376?s=96&d=mm&r=g\",\"caption\":\"Schwebach\"},\"url\":\"https:\\\/\\\/schwebach.de\\\/?author=1\"}]}<\/script>\n<!-- \/ Yoast SEO plugin. -->","yoast_head_json":{"title":"Workshop Aquarell 2006 bei Schwebach Maler & Lackierer GmbH","description":"Unter dem Motto \"Schwebach malt mit seinen Kunden\" fand ein Aquarell Anf\u00e4ngerkurs unter der bew\u00e4hrten Leitung von Hans Schwebach vor Ostern statt.","robots":{"index":"index","follow":"follow","max-snippet":"max-snippet:-1","max-image-preview":"max-image-preview:large","max-video-preview":"max-video-preview:-1"},"canonical":"https:\/\/schwebach.de\/?p=1866","og_locale":"de_DE","og_type":"article","og_title":"Workshop Aquarell 2006 bei Schwebach Maler & Lackierer GmbH","og_description":"Unter dem Motto \"Schwebach malt mit seinen Kunden\" fand ein Aquarell Anf\u00e4ngerkurs unter der bew\u00e4hrten Leitung von Hans Schwebach vor Ostern statt.","og_url":"https:\/\/schwebach.de\/?p=1866","og_site_name":"SCHWEBACH Maler &amp; Lackierer","article_publisher":"https:\/\/www.facebook.com\/schwebach.wohlfuehlmaler","article_published_time":"2006-04-16T21:32:47+00:00","article_modified_time":"2017-10-30T21:39:20+00:00","og_image":[{"width":400,"height":274,"url":"https:\/\/schwebach.de\/wp-content\/uploads\/2017\/10\/Aquarell_2006_01.jpg","type":"image\/jpeg"}],"author":"Schwebach","twitter_card":"summary_large_image","twitter_misc":{"Verfasst von":"Schwebach","Gesch\u00e4tzte Lesezeit":"1\u00a0Minute"},"schema":{"@context":"https:\/\/schema.org","@graph":[{"@type":"Article","@id":"https:\/\/schwebach.de\/?p=1866#article","isPartOf":{"@id":"https:\/\/schwebach.de\/?p=1866"},"author":{"name":"Schwebach","@id":"https:\/\/schwebach.de\/#\/schema\/person\/d00f441195aff8fe4987add5febad44d"},"headline":"Workshop Aquarell 2006","datePublished":"2006-04-16T21:32:47+00:00","dateModified":"2017-10-30T21:39:20+00:00","mainEntityOfPage":{"@id":"https:\/\/schwebach.de\/?p=1866"},"wordCount":150,"commentCount":0,"publisher":{"@id":"https:\/\/schwebach.de\/#organization"},"image":{"@id":"https:\/\/schwebach.de\/?p=1866#primaryimage"},"thumbnailUrl":"https:\/\/schwebach.de\/wp-content\/uploads\/2017\/10\/Aquarell_2006_01.jpg","articleSection":["Termin","Workshops"],"inLanguage":"de","potentialAction":[{"@type":"CommentAction","name":"Comment","target":["https:\/\/schwebach.de\/?p=1866#respond"]}]},{"@type":"WebPage","@id":"https:\/\/schwebach.de\/?p=1866","url":"https:\/\/schwebach.de\/?p=1866","name":"Workshop Aquarell 2006 bei Schwebach Maler & Lackierer GmbH","isPartOf":{"@id":"https:\/\/schwebach.de\/#website"},"primaryImageOfPage":{"@id":"https:\/\/schwebach.de\/?p=1866#primaryimage"},"image":{"@id":"https:\/\/schwebach.de\/?p=1866#primaryimage"},"thumbnailUrl":"https:\/\/schwebach.de\/wp-content\/uploads\/2017\/10\/Aquarell_2006_01.jpg","datePublished":"2006-04-16T21:32:47+00:00","dateModified":"2017-10-30T21:39:20+00:00","description":"Unter dem Motto \"Schwebach malt mit seinen Kunden\" fand ein Aquarell Anf\u00e4ngerkurs unter der bew\u00e4hrten Leitung von Hans Schwebach vor Ostern statt.","breadcrumb":{"@id":"https:\/\/schwebach.de\/?p=1866#breadcrumb"},"inLanguage":"de","potentialAction":[{"@type":"ReadAction","target":["https:\/\/schwebach.de\/?p=1866"]}]},{"@type":"ImageObject","inLanguage":"de","@id":"https:\/\/schwebach.de\/?p=1866#primaryimage","url":"https:\/\/schwebach.de\/wp-content\/uploads\/2017\/10\/Aquarell_2006_01.jpg","contentUrl":"https:\/\/schwebach.de\/wp-content\/uploads\/2017\/10\/Aquarell_2006_01.jpg","width":400,"height":274,"caption":"Workshop Aquarell"},{"@type":"BreadcrumbList","@id":"https:\/\/schwebach.de\/?p=1866#breadcrumb","itemListElement":[{"@type":"ListItem","position":1,"name":"Startseite","item":"https:\/\/schwebach.de\/"},{"@type":"ListItem","position":2,"name":"Workshop Aquarell 2006"}]},{"@type":"WebSite","@id":"https:\/\/schwebach.de\/#website","url":"https:\/\/schwebach.de\/","name":"SCHWEBACH Maler &amp; Lackierer","description":"Ihr Wohlf\u00fchlmaler aus Irsch\/Saar","publisher":{"@id":"https:\/\/schwebach.de\/#organization"},"potentialAction":[{"@type":"SearchAction","target":{"@type":"EntryPoint","urlTemplate":"https:\/\/schwebach.de\/?s={search_term_string}"},"query-input":{"@type":"PropertyValueSpecification","valueRequired":true,"valueName":"search_term_string"}}],"inLanguage":"de"},{"@type":"Organization","@id":"https:\/\/schwebach.de\/#organization","name":"Schwebach Maler & Lackierer GmbH","url":"https:\/\/schwebach.de\/","logo":{"@type":"ImageObject","inLanguage":"de","@id":"https:\/\/schwebach.de\/#\/schema\/logo\/image\/","url":"https:\/\/schwebach.de\/wp-content\/uploads\/2016\/04\/butterfly.png","contentUrl":"https:\/\/schwebach.de\/wp-content\/uploads\/2016\/04\/butterfly.png","width":463,"height":310,"caption":"Schwebach Maler & Lackierer GmbH"},"image":{"@id":"https:\/\/schwebach.de\/#\/schema\/logo\/image\/"},"sameAs":["https:\/\/www.facebook.com\/schwebach.wohlfuehlmaler","https:\/\/www.youtube.com\/user\/Wohlfuehlmaler"]},{"@type":"Person","@id":"https:\/\/schwebach.de\/#\/schema\/person\/d00f441195aff8fe4987add5febad44d","name":"Schwebach","image":{"@type":"ImageObject","inLanguage":"de","@id":"https:\/\/secure.gravatar.com\/avatar\/34291dd68034cb7317838ad1f4c39bc27d010389fac30629b636c5776ac49376?s=96&d=mm&r=g","url":"https:\/\/secure.gravatar.com\/avatar\/34291dd68034cb7317838ad1f4c39bc27d010389fac30629b636c5776ac49376?s=96&d=mm&r=g","contentUrl":"https:\/\/secure.gravatar.com\/avatar\/34291dd68034cb7317838ad1f4c39bc27d010389fac30629b636c5776ac49376?s=96&d=mm&r=g","caption":"Schwebach"},"url":"https:\/\/schwebach.de\/?author=1"}]}},"_links":{"self":[{"href":"https:\/\/schwebach.de\/index.php?rest_route=\/wp\/v2\/posts\/1866","targetHints":{"allow":["GET"]}}],"collection":[{"href":"https:\/\/schwebach.de\/index.php?rest_route=\/wp\/v2\/posts"}],"about":[{"href":"https:\/\/schwebach.de\/index.php?rest_route=\/wp\/v2\/types\/post"}],"author":[{"embeddable":true,"href":"https:\/\/schwebach.de\/index.php?rest_route=\/wp\/v2\/users\/1"}],"replies":[{"embeddable":true,"href":"https:\/\/schwebach.de\/index.php?rest_route=%2Fwp%2Fv2%2Fcomments&post=1866"}],"version-history":[{"count":1,"href":"https:\/\/schwebach.de\/index.php?rest_route=\/wp\/v2\/posts\/1866\/revisions"}],"predecessor-version":[{"id":1868,"href":"https:\/\/schwebach.de\/index.php?rest_route=\/wp\/v2\/posts\/1866\/revisions\/1868"}],"wp:featuredmedia":[{"embeddable":true,"href":"https:\/\/schwebach.de\/index.php?rest_route=\/wp\/v2\/media\/1867"}],"wp:attachment":[{"href":"https:\/\/schwebach.de\/index.php?rest_route=%2Fwp%2Fv2%2Fmedia&parent=1866"}],"wp:term":[{"taxonomy":"category","embeddable":true,"href":"https:\/\/schwebach.de\/index.php?rest_route=%2Fwp%2Fv2%2Fcategories&post=1866"},{"taxonomy":"post_tag","embeddable":true,"href":"https:\/\/schwebach.de\/index.php?rest_route=%2Fwp%2Fv2%2Ftags&post=1866"}],"curies":[{"name":"wp","href":"https:\/\/api.w.org\/{rel}","templated":true}]}}