{"id":1860,"date":"2002-03-01T21:15:52","date_gmt":"2002-03-01T21:15:52","guid":{"rendered":"http:\/\/schwebach.de\/?p=1860"},"modified":"2017-10-30T21:55:58","modified_gmt":"2017-10-30T21:55:58","slug":"workshop-aquarell-25-bis-28-maerz-2002","status":"publish","type":"post","link":"https:\/\/schwebach.de\/?p=1860","title":{"rendered":"Workshop Aquarell &#8211; 25. bis 28. M\u00e4rz 2002"},"content":{"rendered":"<h2>Workshop Aquarell mit Hans Schwebach<\/h2>\n<p><img loading=\"lazy\" decoding=\"async\" class=\"alignnone size-large wp-image-1877\" src=\"https:\/\/schwebach.de\/wp-content\/uploads\/2002\/03\/DSC00003-1024x768.jpg\" alt=\"Workshop Aquarell\" width=\"750\" height=\"563\" srcset=\"https:\/\/schwebach.de\/wp-content\/uploads\/2002\/03\/DSC00003-1024x768.jpg 1024w, https:\/\/schwebach.de\/wp-content\/uploads\/2002\/03\/DSC00003-300x225.jpg 300w, https:\/\/schwebach.de\/wp-content\/uploads\/2002\/03\/DSC00003-768x576.jpg 768w, https:\/\/schwebach.de\/wp-content\/uploads\/2002\/03\/DSC00003.jpg 1280w\" sizes=\"auto, (max-width: 750px) 100vw, 750px\" \/><\/p>\n<p>Nach dem tollen Erfolg des letzten Workshops planen die Schwebach Maler &amp; Lackierer GmbH zusammen mit <a href=\"https:\/\/schwebach.de\/?page_id=247\">Hans Schwebach<\/a> auch f\u00fcr das Fr\u00fchjahr 2002 einen Anf\u00e4ngerkurs.<br \/>\nVom 25. bis 28. M\u00e4rz 2002 startet also der II. Workshop Aquarell unter der bew\u00e4hrten Leitung von Hans Schwebach.<br \/>\nDas Motto des Kurses lautet &#8222;Malermeister malen mit ihren Kunden&#8220;.<\/p>\n<p>Im Kurs werden die folgenden Inhalte vermittelt:<\/p>\n<p>Landschaftsmalerei<br \/>\nMaltechniken<br \/>\nMalerisches Zeichnen<br \/>\nPerspektiven anlegen<br \/>\nWie im Vorjahr (9.-12. April 2001) ist auch diesmal eine Exkursion f\u00fcr Landschaftsmalerei geplant.<\/p>\n<p>Ganz bewusst soll der Teilnehmerkreis sehr klein bleiben, damit eine intensive Betreuung gew\u00e4hrleistet bleibt.<\/p>\n","protected":false},"excerpt":{"rendered":"<p>Workshop Aquarell mit Hans Schwebach Nach dem tollen Erfolg des letzten Workshops planen die Schwebach Maler &amp; Lackierer GmbH zusammen mit Hans Schwebach auch f\u00fcr das Fr\u00fchjahr 2002 einen Anf\u00e4ngerkurs. Vom 25. bis 28. M\u00e4rz 2002 startet also der II.<\/p>\n","protected":false},"author":1,"featured_media":1875,"comment_status":"open","ping_status":"open","sticky":false,"template":"","format":"standard","meta":{"footnotes":""},"categories":[20,9],"tags":[],"class_list":["post-1860","post","type-post","status-publish","format-standard","has-post-thumbnail","hentry","category-termin","category-workshops"],"yoast_head":"<!-- This site is optimized with the Yoast SEO plugin v27.4 - https:\/\/yoast.com\/product\/yoast-seo-wordpress\/ -->\n<title>Workshop Aquarell mit Hans Schwebach - Schwebach Maler &amp; Lackierer<\/title>\n<meta name=\"description\" content=\"Im Workshop Aquarell mit Hans Schwebach geht es um die Vermittlung von Aquarelltechniken. Das Motto des Kurses lautet &quot;Malermeister malen mit ihren Kunden&quot;\" \/>\n<meta name=\"robots\" content=\"index, follow, max-snippet:-1, max-image-preview:large, max-video-preview:-1\" \/>\n<link rel=\"canonical\" href=\"https:\/\/schwebach.de\/?p=1860\" \/>\n<meta property=\"og:locale\" content=\"de_DE\" \/>\n<meta property=\"og:type\" content=\"article\" \/>\n<meta property=\"og:title\" content=\"Workshop Aquarell mit Hans Schwebach - Schwebach Maler &amp; Lackierer\" \/>\n<meta property=\"og:description\" content=\"Im Workshop Aquarell mit Hans Schwebach geht es um die Vermittlung von Aquarelltechniken. Das Motto des Kurses lautet &quot;Malermeister malen mit ihren Kunden&quot;\" \/>\n<meta property=\"og:url\" content=\"https:\/\/schwebach.de\/?p=1860\" \/>\n<meta property=\"og:site_name\" content=\"SCHWEBACH Maler &amp; Lackierer\" \/>\n<meta property=\"article:publisher\" content=\"https:\/\/www.facebook.com\/schwebach.wohlfuehlmaler\" \/>\n<meta property=\"article:published_time\" content=\"2002-03-01T21:15:52+00:00\" \/>\n<meta property=\"article:modified_time\" content=\"2017-10-30T21:55:58+00:00\" \/>\n<meta property=\"og:image\" content=\"https:\/\/schwebach.de\/wp-content\/uploads\/2002\/03\/DSC00002.jpg\" \/>\n\t<meta property=\"og:image:width\" content=\"1280\" \/>\n\t<meta property=\"og:image:height\" content=\"960\" \/>\n\t<meta property=\"og:image:type\" content=\"image\/jpeg\" \/>\n<meta name=\"author\" content=\"Schwebach\" \/>\n<meta name=\"twitter:card\" content=\"summary_large_image\" \/>\n<meta name=\"twitter:label1\" content=\"Verfasst von\" \/>\n\t<meta name=\"twitter:data1\" content=\"Schwebach\" \/>\n\t<meta name=\"twitter:label2\" content=\"Gesch\u00e4tzte Lesezeit\" \/>\n\t<meta name=\"twitter:data2\" content=\"1\u00a0Minute\" \/>\n<script type=\"application\/ld+json\" class=\"yoast-schema-graph\">{\"@context\":\"https:\\\/\\\/schema.org\",\"@graph\":[{\"@type\":\"Article\",\"@id\":\"https:\\\/\\\/schwebach.de\\\/?p=1860#article\",\"isPartOf\":{\"@id\":\"https:\\\/\\\/schwebach.de\\\/?p=1860\"},\"author\":{\"name\":\"Schwebach\",\"@id\":\"https:\\\/\\\/schwebach.de\\\/#\\\/schema\\\/person\\\/d00f441195aff8fe4987add5febad44d\"},\"headline\":\"Workshop Aquarell &#8211; 25. bis 28. M\u00e4rz 2002\",\"datePublished\":\"2002-03-01T21:15:52+00:00\",\"dateModified\":\"2017-10-30T21:55:58+00:00\",\"mainEntityOfPage\":{\"@id\":\"https:\\\/\\\/schwebach.de\\\/?p=1860\"},\"wordCount\":108,\"commentCount\":0,\"publisher\":{\"@id\":\"https:\\\/\\\/schwebach.de\\\/#organization\"},\"image\":{\"@id\":\"https:\\\/\\\/schwebach.de\\\/?p=1860#primaryimage\"},\"thumbnailUrl\":\"https:\\\/\\\/schwebach.de\\\/wp-content\\\/uploads\\\/2002\\\/03\\\/DSC00002.jpg\",\"articleSection\":[\"Termin\",\"Workshops\"],\"inLanguage\":\"de\",\"potentialAction\":[{\"@type\":\"CommentAction\",\"name\":\"Comment\",\"target\":[\"https:\\\/\\\/schwebach.de\\\/?p=1860#respond\"]}]},{\"@type\":\"WebPage\",\"@id\":\"https:\\\/\\\/schwebach.de\\\/?p=1860\",\"url\":\"https:\\\/\\\/schwebach.de\\\/?p=1860\",\"name\":\"Workshop Aquarell mit Hans Schwebach - Schwebach Maler & Lackierer\",\"isPartOf\":{\"@id\":\"https:\\\/\\\/schwebach.de\\\/#website\"},\"primaryImageOfPage\":{\"@id\":\"https:\\\/\\\/schwebach.de\\\/?p=1860#primaryimage\"},\"image\":{\"@id\":\"https:\\\/\\\/schwebach.de\\\/?p=1860#primaryimage\"},\"thumbnailUrl\":\"https:\\\/\\\/schwebach.de\\\/wp-content\\\/uploads\\\/2002\\\/03\\\/DSC00002.jpg\",\"datePublished\":\"2002-03-01T21:15:52+00:00\",\"dateModified\":\"2017-10-30T21:55:58+00:00\",\"description\":\"Im Workshop Aquarell mit Hans Schwebach geht es um die Vermittlung von Aquarelltechniken. Das Motto des Kurses lautet \\\"Malermeister malen mit ihren Kunden\\\"\",\"breadcrumb\":{\"@id\":\"https:\\\/\\\/schwebach.de\\\/?p=1860#breadcrumb\"},\"inLanguage\":\"de\",\"potentialAction\":[{\"@type\":\"ReadAction\",\"target\":[\"https:\\\/\\\/schwebach.de\\\/?p=1860\"]}]},{\"@type\":\"ImageObject\",\"inLanguage\":\"de\",\"@id\":\"https:\\\/\\\/schwebach.de\\\/?p=1860#primaryimage\",\"url\":\"https:\\\/\\\/schwebach.de\\\/wp-content\\\/uploads\\\/2002\\\/03\\\/DSC00002.jpg\",\"contentUrl\":\"https:\\\/\\\/schwebach.de\\\/wp-content\\\/uploads\\\/2002\\\/03\\\/DSC00002.jpg\",\"width\":1280,\"height\":960,\"caption\":\"Workshop Aquarell\"},{\"@type\":\"BreadcrumbList\",\"@id\":\"https:\\\/\\\/schwebach.de\\\/?p=1860#breadcrumb\",\"itemListElement\":[{\"@type\":\"ListItem\",\"position\":1,\"name\":\"Startseite\",\"item\":\"https:\\\/\\\/schwebach.de\\\/\"},{\"@type\":\"ListItem\",\"position\":2,\"name\":\"Workshop Aquarell &#8211; 25. bis 28. M\u00e4rz 2002\"}]},{\"@type\":\"WebSite\",\"@id\":\"https:\\\/\\\/schwebach.de\\\/#website\",\"url\":\"https:\\\/\\\/schwebach.de\\\/\",\"name\":\"SCHWEBACH Maler &amp; Lackierer\",\"description\":\"Ihr Wohlf\u00fchlmaler aus Irsch\\\/Saar\",\"publisher\":{\"@id\":\"https:\\\/\\\/schwebach.de\\\/#organization\"},\"potentialAction\":[{\"@type\":\"SearchAction\",\"target\":{\"@type\":\"EntryPoint\",\"urlTemplate\":\"https:\\\/\\\/schwebach.de\\\/?s={search_term_string}\"},\"query-input\":{\"@type\":\"PropertyValueSpecification\",\"valueRequired\":true,\"valueName\":\"search_term_string\"}}],\"inLanguage\":\"de\"},{\"@type\":\"Organization\",\"@id\":\"https:\\\/\\\/schwebach.de\\\/#organization\",\"name\":\"Schwebach Maler & Lackierer GmbH\",\"url\":\"https:\\\/\\\/schwebach.de\\\/\",\"logo\":{\"@type\":\"ImageObject\",\"inLanguage\":\"de\",\"@id\":\"https:\\\/\\\/schwebach.de\\\/#\\\/schema\\\/logo\\\/image\\\/\",\"url\":\"https:\\\/\\\/schwebach.de\\\/wp-content\\\/uploads\\\/2016\\\/04\\\/butterfly.png\",\"contentUrl\":\"https:\\\/\\\/schwebach.de\\\/wp-content\\\/uploads\\\/2016\\\/04\\\/butterfly.png\",\"width\":463,\"height\":310,\"caption\":\"Schwebach Maler & Lackierer GmbH\"},\"image\":{\"@id\":\"https:\\\/\\\/schwebach.de\\\/#\\\/schema\\\/logo\\\/image\\\/\"},\"sameAs\":[\"https:\\\/\\\/www.facebook.com\\\/schwebach.wohlfuehlmaler\",\"https:\\\/\\\/www.youtube.com\\\/user\\\/Wohlfuehlmaler\"]},{\"@type\":\"Person\",\"@id\":\"https:\\\/\\\/schwebach.de\\\/#\\\/schema\\\/person\\\/d00f441195aff8fe4987add5febad44d\",\"name\":\"Schwebach\",\"image\":{\"@type\":\"ImageObject\",\"inLanguage\":\"de\",\"@id\":\"https:\\\/\\\/secure.gravatar.com\\\/avatar\\\/34291dd68034cb7317838ad1f4c39bc27d010389fac30629b636c5776ac49376?s=96&d=mm&r=g\",\"url\":\"https:\\\/\\\/secure.gravatar.com\\\/avatar\\\/34291dd68034cb7317838ad1f4c39bc27d010389fac30629b636c5776ac49376?s=96&d=mm&r=g\",\"contentUrl\":\"https:\\\/\\\/secure.gravatar.com\\\/avatar\\\/34291dd68034cb7317838ad1f4c39bc27d010389fac30629b636c5776ac49376?s=96&d=mm&r=g\",\"caption\":\"Schwebach\"},\"url\":\"https:\\\/\\\/schwebach.de\\\/?author=1\"}]}<\/script>\n<!-- \/ Yoast SEO plugin. -->","yoast_head_json":{"title":"Workshop Aquarell mit Hans Schwebach - Schwebach Maler & Lackierer","description":"Im Workshop Aquarell mit Hans Schwebach geht es um die Vermittlung von Aquarelltechniken. Das Motto des Kurses lautet \"Malermeister malen mit ihren Kunden\"","robots":{"index":"index","follow":"follow","max-snippet":"max-snippet:-1","max-image-preview":"max-image-preview:large","max-video-preview":"max-video-preview:-1"},"canonical":"https:\/\/schwebach.de\/?p=1860","og_locale":"de_DE","og_type":"article","og_title":"Workshop Aquarell mit Hans Schwebach - Schwebach Maler & Lackierer","og_description":"Im Workshop Aquarell mit Hans Schwebach geht es um die Vermittlung von Aquarelltechniken. Das Motto des Kurses lautet \"Malermeister malen mit ihren Kunden\"","og_url":"https:\/\/schwebach.de\/?p=1860","og_site_name":"SCHWEBACH Maler &amp; Lackierer","article_publisher":"https:\/\/www.facebook.com\/schwebach.wohlfuehlmaler","article_published_time":"2002-03-01T21:15:52+00:00","article_modified_time":"2017-10-30T21:55:58+00:00","og_image":[{"width":1280,"height":960,"url":"https:\/\/schwebach.de\/wp-content\/uploads\/2002\/03\/DSC00002.jpg","type":"image\/jpeg"}],"author":"Schwebach","twitter_card":"summary_large_image","twitter_misc":{"Verfasst von":"Schwebach","Gesch\u00e4tzte Lesezeit":"1\u00a0Minute"},"schema":{"@context":"https:\/\/schema.org","@graph":[{"@type":"Article","@id":"https:\/\/schwebach.de\/?p=1860#article","isPartOf":{"@id":"https:\/\/schwebach.de\/?p=1860"},"author":{"name":"Schwebach","@id":"https:\/\/schwebach.de\/#\/schema\/person\/d00f441195aff8fe4987add5febad44d"},"headline":"Workshop Aquarell &#8211; 25. bis 28. M\u00e4rz 2002","datePublished":"2002-03-01T21:15:52+00:00","dateModified":"2017-10-30T21:55:58+00:00","mainEntityOfPage":{"@id":"https:\/\/schwebach.de\/?p=1860"},"wordCount":108,"commentCount":0,"publisher":{"@id":"https:\/\/schwebach.de\/#organization"},"image":{"@id":"https:\/\/schwebach.de\/?p=1860#primaryimage"},"thumbnailUrl":"https:\/\/schwebach.de\/wp-content\/uploads\/2002\/03\/DSC00002.jpg","articleSection":["Termin","Workshops"],"inLanguage":"de","potentialAction":[{"@type":"CommentAction","name":"Comment","target":["https:\/\/schwebach.de\/?p=1860#respond"]}]},{"@type":"WebPage","@id":"https:\/\/schwebach.de\/?p=1860","url":"https:\/\/schwebach.de\/?p=1860","name":"Workshop Aquarell mit Hans Schwebach - Schwebach Maler & Lackierer","isPartOf":{"@id":"https:\/\/schwebach.de\/#website"},"primaryImageOfPage":{"@id":"https:\/\/schwebach.de\/?p=1860#primaryimage"},"image":{"@id":"https:\/\/schwebach.de\/?p=1860#primaryimage"},"thumbnailUrl":"https:\/\/schwebach.de\/wp-content\/uploads\/2002\/03\/DSC00002.jpg","datePublished":"2002-03-01T21:15:52+00:00","dateModified":"2017-10-30T21:55:58+00:00","description":"Im Workshop Aquarell mit Hans Schwebach geht es um die Vermittlung von Aquarelltechniken. Das Motto des Kurses lautet \"Malermeister malen mit ihren Kunden\"","breadcrumb":{"@id":"https:\/\/schwebach.de\/?p=1860#breadcrumb"},"inLanguage":"de","potentialAction":[{"@type":"ReadAction","target":["https:\/\/schwebach.de\/?p=1860"]}]},{"@type":"ImageObject","inLanguage":"de","@id":"https:\/\/schwebach.de\/?p=1860#primaryimage","url":"https:\/\/schwebach.de\/wp-content\/uploads\/2002\/03\/DSC00002.jpg","contentUrl":"https:\/\/schwebach.de\/wp-content\/uploads\/2002\/03\/DSC00002.jpg","width":1280,"height":960,"caption":"Workshop Aquarell"},{"@type":"BreadcrumbList","@id":"https:\/\/schwebach.de\/?p=1860#breadcrumb","itemListElement":[{"@type":"ListItem","position":1,"name":"Startseite","item":"https:\/\/schwebach.de\/"},{"@type":"ListItem","position":2,"name":"Workshop Aquarell &#8211; 25. bis 28. M\u00e4rz 2002"}]},{"@type":"WebSite","@id":"https:\/\/schwebach.de\/#website","url":"https:\/\/schwebach.de\/","name":"SCHWEBACH Maler &amp; Lackierer","description":"Ihr Wohlf\u00fchlmaler aus Irsch\/Saar","publisher":{"@id":"https:\/\/schwebach.de\/#organization"},"potentialAction":[{"@type":"SearchAction","target":{"@type":"EntryPoint","urlTemplate":"https:\/\/schwebach.de\/?s={search_term_string}"},"query-input":{"@type":"PropertyValueSpecification","valueRequired":true,"valueName":"search_term_string"}}],"inLanguage":"de"},{"@type":"Organization","@id":"https:\/\/schwebach.de\/#organization","name":"Schwebach Maler & Lackierer GmbH","url":"https:\/\/schwebach.de\/","logo":{"@type":"ImageObject","inLanguage":"de","@id":"https:\/\/schwebach.de\/#\/schema\/logo\/image\/","url":"https:\/\/schwebach.de\/wp-content\/uploads\/2016\/04\/butterfly.png","contentUrl":"https:\/\/schwebach.de\/wp-content\/uploads\/2016\/04\/butterfly.png","width":463,"height":310,"caption":"Schwebach Maler & Lackierer GmbH"},"image":{"@id":"https:\/\/schwebach.de\/#\/schema\/logo\/image\/"},"sameAs":["https:\/\/www.facebook.com\/schwebach.wohlfuehlmaler","https:\/\/www.youtube.com\/user\/Wohlfuehlmaler"]},{"@type":"Person","@id":"https:\/\/schwebach.de\/#\/schema\/person\/d00f441195aff8fe4987add5febad44d","name":"Schwebach","image":{"@type":"ImageObject","inLanguage":"de","@id":"https:\/\/secure.gravatar.com\/avatar\/34291dd68034cb7317838ad1f4c39bc27d010389fac30629b636c5776ac49376?s=96&d=mm&r=g","url":"https:\/\/secure.gravatar.com\/avatar\/34291dd68034cb7317838ad1f4c39bc27d010389fac30629b636c5776ac49376?s=96&d=mm&r=g","contentUrl":"https:\/\/secure.gravatar.com\/avatar\/34291dd68034cb7317838ad1f4c39bc27d010389fac30629b636c5776ac49376?s=96&d=mm&r=g","caption":"Schwebach"},"url":"https:\/\/schwebach.de\/?author=1"}]}},"_links":{"self":[{"href":"https:\/\/schwebach.de\/index.php?rest_route=\/wp\/v2\/posts\/1860","targetHints":{"allow":["GET"]}}],"collection":[{"href":"https:\/\/schwebach.de\/index.php?rest_route=\/wp\/v2\/posts"}],"about":[{"href":"https:\/\/schwebach.de\/index.php?rest_route=\/wp\/v2\/types\/post"}],"author":[{"embeddable":true,"href":"https:\/\/schwebach.de\/index.php?rest_route=\/wp\/v2\/users\/1"}],"replies":[{"embeddable":true,"href":"https:\/\/schwebach.de\/index.php?rest_route=%2Fwp%2Fv2%2Fcomments&post=1860"}],"version-history":[{"count":3,"href":"https:\/\/schwebach.de\/index.php?rest_route=\/wp\/v2\/posts\/1860\/revisions"}],"predecessor-version":[{"id":1878,"href":"https:\/\/schwebach.de\/index.php?rest_route=\/wp\/v2\/posts\/1860\/revisions\/1878"}],"wp:featuredmedia":[{"embeddable":true,"href":"https:\/\/schwebach.de\/index.php?rest_route=\/wp\/v2\/media\/1875"}],"wp:attachment":[{"href":"https:\/\/schwebach.de\/index.php?rest_route=%2Fwp%2Fv2%2Fmedia&parent=1860"}],"wp:term":[{"taxonomy":"category","embeddable":true,"href":"https:\/\/schwebach.de\/index.php?rest_route=%2Fwp%2Fv2%2Fcategories&post=1860"},{"taxonomy":"post_tag","embeddable":true,"href":"https:\/\/schwebach.de\/index.php?rest_route=%2Fwp%2Fv2%2Ftags&post=1860"}],"curies":[{"name":"wp","href":"https:\/\/api.w.org\/{rel}","templated":true}]}}