{"id":1274,"date":"2006-10-04T21:19:22","date_gmt":"2006-10-04T21:19:22","guid":{"rendered":"http:\/\/schwebach.de\/?p=1274"},"modified":"2016-12-16T21:41:51","modified_gmt":"2016-12-16T21:41:51","slug":"feuerwehreinsatz","status":"publish","type":"post","link":"https:\/\/schwebach.de\/?p=1274","title":{"rendered":"Feuerwehreinsatz bei St. Lukas"},"content":{"rendered":"<p><img loading=\"lazy\" decoding=\"async\" class=\"alignright wp-image-1275 size-full\" src=\"https:\/\/schwebach.de\/wp-content\/uploads\/2016\/12\/feuerwehreinsatz_2006_01.jpg\" alt=\"Feuerwehreinsatz an unserem Firmengeb\u00e4ude St. Lukas\" width=\"350\" height=\"233\" srcset=\"https:\/\/schwebach.de\/wp-content\/uploads\/2016\/12\/feuerwehreinsatz_2006_01.jpg 350w, https:\/\/schwebach.de\/wp-content\/uploads\/2016\/12\/feuerwehreinsatz_2006_01-300x200.jpg 300w, https:\/\/schwebach.de\/wp-content\/uploads\/2016\/12\/feuerwehreinsatz_2006_01-272x182.jpg 272w\" sizes=\"auto, (max-width: 350px) 100vw, 350px\" \/>Am ersten Oktoberwochenende hatten wir Besuch von den freiwilligen Feuerwehren aus Irsch und Ockfen. Die Wehrf\u00fchrer Franz Josef Benzschawel aus Irsch und Bernd Kirf aus Ockfen waren mit ihren Einsatzkr\u00e4ften bei uns in der Firma im Einsatz.<\/p>\n<p>Zum Gl\u00fcck handelte es sich bei diesem Feuerwehreinsatz nur um eine \u00dcbung und niemand kam an unserem Firmensitz St. Lukas zu Schaden.<\/p>\n<p>Mit k\u00fcnstlichem Rauch wurde eine sehr realistische Situation ge\u00fcbt bei der L\u00f6schen, Retten, Bergen im Mittelpunkt standen. Mit der realistischen\u00a0Kulisse der Lager- und Trainingsr\u00e4ume von St. Lukas war diese \u00dcbung ein echter Zuschauermagnet.<br \/>\nDie Jungfeuerwehrleute aus Irsch Dirk Benzschawel und Dominik Duhr haben diese \u00dcbung in vielen einzelnen Schwerpunkten geplant und mit uns durchgesprochen.<\/p>\n<p>Die Teamarbeit mit der Nachbarfeuerwehr aus Ockfen war reibungslos. So gab es bei der Nachbesprechung der \u00dcbung im Feuerwehrger\u00e4tehaus Irsch keinerlei Beanstandungen und die Einsatzkr\u00e4fte konnten sich mit Zwiebelfleischk\u00e4se und einem Umtrunk st\u00e4rken.<\/p>\n<p>Wir freuen uns sehr, dass wir dazu beitragen konnten, dass die Feuerwehr aus Irsch und Ockfen eine erfolgreiche \u00dcbung absolvieren und ihre Leistungsbereitschaft dokumentierten konnte.<\/p>\n<p>Es ist f\u00fcr uns ein gutes Gef\u00fchl zu wissen, dass im Ernstfall die lokale Feuerwehr schnell im Einsatz ist und dabei bestens mit unserem Firmensitz St. Lukas vertraut ist.<\/p>\n","protected":false},"excerpt":{"rendered":"<p>Am ersten Oktoberwochenende hatten wir Besuch von den freiwilligen Feuerwehren aus Irsch und Ockfen. Die Wehrf\u00fchrer Franz Josef Benzschawel aus Irsch und Bernd Kirf aus Ockfen waren mit ihren Einsatzkr\u00e4ften bei uns in der Firma im Einsatz. Zum Gl\u00fcck handelte<\/p>\n","protected":false},"author":1,"featured_media":1276,"comment_status":"open","ping_status":"open","sticky":false,"template":"","format":"standard","meta":{"footnotes":""},"categories":[54],"tags":[],"class_list":["post-1274","post","type-post","status-publish","format-standard","has-post-thumbnail","hentry","category-st-lukas"],"yoast_head":"<!-- This site is optimized with the Yoast SEO plugin v27.4 - https:\/\/yoast.com\/product\/yoast-seo-wordpress\/ -->\n<title>Feuerwehreinsatz am Firmengeb\u00e4ude St. Lukas - Schwebach GmbH<\/title>\n<meta name=\"description\" content=\"Ein Feuerwehreinsatz der FFW aus Irsch und Ockfen. Zum Gl\u00fcck handelte es sich nur um eine \u00dcbung an unserem Firmensitz St. Lukas und keiner kam zu Schaden.\" \/>\n<meta name=\"robots\" content=\"index, follow, max-snippet:-1, max-image-preview:large, max-video-preview:-1\" \/>\n<link rel=\"canonical\" href=\"https:\/\/schwebach.de\/?p=1274\" \/>\n<meta property=\"og:locale\" content=\"de_DE\" \/>\n<meta property=\"og:type\" content=\"article\" \/>\n<meta property=\"og:title\" content=\"Feuerwehreinsatz am Firmengeb\u00e4ude St. Lukas - Schwebach GmbH\" \/>\n<meta property=\"og:description\" content=\"Ein Feuerwehreinsatz der FFW aus Irsch und Ockfen. Zum Gl\u00fcck handelte es sich nur um eine \u00dcbung an unserem Firmensitz St. Lukas und keiner kam zu Schaden.\" \/>\n<meta property=\"og:url\" content=\"https:\/\/schwebach.de\/?p=1274\" \/>\n<meta property=\"og:site_name\" content=\"SCHWEBACH Maler &amp; Lackierer\" \/>\n<meta property=\"article:publisher\" content=\"https:\/\/www.facebook.com\/schwebach.wohlfuehlmaler\" \/>\n<meta property=\"article:published_time\" content=\"2006-10-04T21:19:22+00:00\" \/>\n<meta property=\"article:modified_time\" content=\"2016-12-16T21:41:51+00:00\" \/>\n<meta property=\"og:image\" content=\"https:\/\/schwebach.de\/wp-content\/uploads\/2016\/12\/feuerwehreinsatz_2006_02.jpg\" \/>\n\t<meta property=\"og:image:width\" content=\"350\" \/>\n\t<meta property=\"og:image:height\" content=\"233\" \/>\n\t<meta property=\"og:image:type\" content=\"image\/jpeg\" \/>\n<meta name=\"author\" content=\"Schwebach\" \/>\n<meta name=\"twitter:card\" content=\"summary_large_image\" \/>\n<meta name=\"twitter:label1\" content=\"Verfasst von\" \/>\n\t<meta name=\"twitter:data1\" content=\"Schwebach\" \/>\n\t<meta name=\"twitter:label2\" content=\"Gesch\u00e4tzte Lesezeit\" \/>\n\t<meta name=\"twitter:data2\" content=\"1\u00a0Minute\" \/>\n<script type=\"application\/ld+json\" class=\"yoast-schema-graph\">{\"@context\":\"https:\\\/\\\/schema.org\",\"@graph\":[{\"@type\":\"Article\",\"@id\":\"https:\\\/\\\/schwebach.de\\\/?p=1274#article\",\"isPartOf\":{\"@id\":\"https:\\\/\\\/schwebach.de\\\/?p=1274\"},\"author\":{\"name\":\"Schwebach\",\"@id\":\"https:\\\/\\\/schwebach.de\\\/#\\\/schema\\\/person\\\/d00f441195aff8fe4987add5febad44d\"},\"headline\":\"Feuerwehreinsatz bei St. Lukas\",\"datePublished\":\"2006-10-04T21:19:22+00:00\",\"dateModified\":\"2016-12-16T21:41:51+00:00\",\"mainEntityOfPage\":{\"@id\":\"https:\\\/\\\/schwebach.de\\\/?p=1274\"},\"wordCount\":218,\"commentCount\":0,\"publisher\":{\"@id\":\"https:\\\/\\\/schwebach.de\\\/#organization\"},\"image\":{\"@id\":\"https:\\\/\\\/schwebach.de\\\/?p=1274#primaryimage\"},\"thumbnailUrl\":\"https:\\\/\\\/schwebach.de\\\/wp-content\\\/uploads\\\/2016\\\/12\\\/feuerwehreinsatz_2006_02.jpg\",\"articleSection\":[\"St. Lukas\"],\"inLanguage\":\"de\",\"potentialAction\":[{\"@type\":\"CommentAction\",\"name\":\"Comment\",\"target\":[\"https:\\\/\\\/schwebach.de\\\/?p=1274#respond\"]}]},{\"@type\":\"WebPage\",\"@id\":\"https:\\\/\\\/schwebach.de\\\/?p=1274\",\"url\":\"https:\\\/\\\/schwebach.de\\\/?p=1274\",\"name\":\"Feuerwehreinsatz am Firmengeb\u00e4ude St. Lukas - Schwebach GmbH\",\"isPartOf\":{\"@id\":\"https:\\\/\\\/schwebach.de\\\/#website\"},\"primaryImageOfPage\":{\"@id\":\"https:\\\/\\\/schwebach.de\\\/?p=1274#primaryimage\"},\"image\":{\"@id\":\"https:\\\/\\\/schwebach.de\\\/?p=1274#primaryimage\"},\"thumbnailUrl\":\"https:\\\/\\\/schwebach.de\\\/wp-content\\\/uploads\\\/2016\\\/12\\\/feuerwehreinsatz_2006_02.jpg\",\"datePublished\":\"2006-10-04T21:19:22+00:00\",\"dateModified\":\"2016-12-16T21:41:51+00:00\",\"description\":\"Ein Feuerwehreinsatz der FFW aus Irsch und Ockfen. Zum Gl\u00fcck handelte es sich nur um eine \u00dcbung an unserem Firmensitz St. Lukas und keiner kam zu Schaden.\",\"breadcrumb\":{\"@id\":\"https:\\\/\\\/schwebach.de\\\/?p=1274#breadcrumb\"},\"inLanguage\":\"de\",\"potentialAction\":[{\"@type\":\"ReadAction\",\"target\":[\"https:\\\/\\\/schwebach.de\\\/?p=1274\"]}]},{\"@type\":\"ImageObject\",\"inLanguage\":\"de\",\"@id\":\"https:\\\/\\\/schwebach.de\\\/?p=1274#primaryimage\",\"url\":\"https:\\\/\\\/schwebach.de\\\/wp-content\\\/uploads\\\/2016\\\/12\\\/feuerwehreinsatz_2006_02.jpg\",\"contentUrl\":\"https:\\\/\\\/schwebach.de\\\/wp-content\\\/uploads\\\/2016\\\/12\\\/feuerwehreinsatz_2006_02.jpg\",\"width\":350,\"height\":233},{\"@type\":\"BreadcrumbList\",\"@id\":\"https:\\\/\\\/schwebach.de\\\/?p=1274#breadcrumb\",\"itemListElement\":[{\"@type\":\"ListItem\",\"position\":1,\"name\":\"Startseite\",\"item\":\"https:\\\/\\\/schwebach.de\\\/\"},{\"@type\":\"ListItem\",\"position\":2,\"name\":\"Feuerwehreinsatz bei St. Lukas\"}]},{\"@type\":\"WebSite\",\"@id\":\"https:\\\/\\\/schwebach.de\\\/#website\",\"url\":\"https:\\\/\\\/schwebach.de\\\/\",\"name\":\"SCHWEBACH Maler &amp; Lackierer\",\"description\":\"Ihr Wohlf\u00fchlmaler aus Irsch\\\/Saar\",\"publisher\":{\"@id\":\"https:\\\/\\\/schwebach.de\\\/#organization\"},\"potentialAction\":[{\"@type\":\"SearchAction\",\"target\":{\"@type\":\"EntryPoint\",\"urlTemplate\":\"https:\\\/\\\/schwebach.de\\\/?s={search_term_string}\"},\"query-input\":{\"@type\":\"PropertyValueSpecification\",\"valueRequired\":true,\"valueName\":\"search_term_string\"}}],\"inLanguage\":\"de\"},{\"@type\":\"Organization\",\"@id\":\"https:\\\/\\\/schwebach.de\\\/#organization\",\"name\":\"Schwebach Maler & Lackierer GmbH\",\"url\":\"https:\\\/\\\/schwebach.de\\\/\",\"logo\":{\"@type\":\"ImageObject\",\"inLanguage\":\"de\",\"@id\":\"https:\\\/\\\/schwebach.de\\\/#\\\/schema\\\/logo\\\/image\\\/\",\"url\":\"https:\\\/\\\/schwebach.de\\\/wp-content\\\/uploads\\\/2016\\\/04\\\/butterfly.png\",\"contentUrl\":\"https:\\\/\\\/schwebach.de\\\/wp-content\\\/uploads\\\/2016\\\/04\\\/butterfly.png\",\"width\":463,\"height\":310,\"caption\":\"Schwebach Maler & Lackierer GmbH\"},\"image\":{\"@id\":\"https:\\\/\\\/schwebach.de\\\/#\\\/schema\\\/logo\\\/image\\\/\"},\"sameAs\":[\"https:\\\/\\\/www.facebook.com\\\/schwebach.wohlfuehlmaler\",\"https:\\\/\\\/www.youtube.com\\\/user\\\/Wohlfuehlmaler\"]},{\"@type\":\"Person\",\"@id\":\"https:\\\/\\\/schwebach.de\\\/#\\\/schema\\\/person\\\/d00f441195aff8fe4987add5febad44d\",\"name\":\"Schwebach\",\"image\":{\"@type\":\"ImageObject\",\"inLanguage\":\"de\",\"@id\":\"https:\\\/\\\/secure.gravatar.com\\\/avatar\\\/34291dd68034cb7317838ad1f4c39bc27d010389fac30629b636c5776ac49376?s=96&d=mm&r=g\",\"url\":\"https:\\\/\\\/secure.gravatar.com\\\/avatar\\\/34291dd68034cb7317838ad1f4c39bc27d010389fac30629b636c5776ac49376?s=96&d=mm&r=g\",\"contentUrl\":\"https:\\\/\\\/secure.gravatar.com\\\/avatar\\\/34291dd68034cb7317838ad1f4c39bc27d010389fac30629b636c5776ac49376?s=96&d=mm&r=g\",\"caption\":\"Schwebach\"},\"url\":\"https:\\\/\\\/schwebach.de\\\/?author=1\"}]}<\/script>\n<!-- \/ Yoast SEO plugin. -->","yoast_head_json":{"title":"Feuerwehreinsatz am Firmengeb\u00e4ude St. Lukas - Schwebach GmbH","description":"Ein Feuerwehreinsatz der FFW aus Irsch und Ockfen. Zum Gl\u00fcck handelte es sich nur um eine \u00dcbung an unserem Firmensitz St. Lukas und keiner kam zu Schaden.","robots":{"index":"index","follow":"follow","max-snippet":"max-snippet:-1","max-image-preview":"max-image-preview:large","max-video-preview":"max-video-preview:-1"},"canonical":"https:\/\/schwebach.de\/?p=1274","og_locale":"de_DE","og_type":"article","og_title":"Feuerwehreinsatz am Firmengeb\u00e4ude St. Lukas - Schwebach GmbH","og_description":"Ein Feuerwehreinsatz der FFW aus Irsch und Ockfen. Zum Gl\u00fcck handelte es sich nur um eine \u00dcbung an unserem Firmensitz St. Lukas und keiner kam zu Schaden.","og_url":"https:\/\/schwebach.de\/?p=1274","og_site_name":"SCHWEBACH Maler &amp; Lackierer","article_publisher":"https:\/\/www.facebook.com\/schwebach.wohlfuehlmaler","article_published_time":"2006-10-04T21:19:22+00:00","article_modified_time":"2016-12-16T21:41:51+00:00","og_image":[{"width":350,"height":233,"url":"https:\/\/schwebach.de\/wp-content\/uploads\/2016\/12\/feuerwehreinsatz_2006_02.jpg","type":"image\/jpeg"}],"author":"Schwebach","twitter_card":"summary_large_image","twitter_misc":{"Verfasst von":"Schwebach","Gesch\u00e4tzte Lesezeit":"1\u00a0Minute"},"schema":{"@context":"https:\/\/schema.org","@graph":[{"@type":"Article","@id":"https:\/\/schwebach.de\/?p=1274#article","isPartOf":{"@id":"https:\/\/schwebach.de\/?p=1274"},"author":{"name":"Schwebach","@id":"https:\/\/schwebach.de\/#\/schema\/person\/d00f441195aff8fe4987add5febad44d"},"headline":"Feuerwehreinsatz bei St. Lukas","datePublished":"2006-10-04T21:19:22+00:00","dateModified":"2016-12-16T21:41:51+00:00","mainEntityOfPage":{"@id":"https:\/\/schwebach.de\/?p=1274"},"wordCount":218,"commentCount":0,"publisher":{"@id":"https:\/\/schwebach.de\/#organization"},"image":{"@id":"https:\/\/schwebach.de\/?p=1274#primaryimage"},"thumbnailUrl":"https:\/\/schwebach.de\/wp-content\/uploads\/2016\/12\/feuerwehreinsatz_2006_02.jpg","articleSection":["St. Lukas"],"inLanguage":"de","potentialAction":[{"@type":"CommentAction","name":"Comment","target":["https:\/\/schwebach.de\/?p=1274#respond"]}]},{"@type":"WebPage","@id":"https:\/\/schwebach.de\/?p=1274","url":"https:\/\/schwebach.de\/?p=1274","name":"Feuerwehreinsatz am Firmengeb\u00e4ude St. Lukas - Schwebach GmbH","isPartOf":{"@id":"https:\/\/schwebach.de\/#website"},"primaryImageOfPage":{"@id":"https:\/\/schwebach.de\/?p=1274#primaryimage"},"image":{"@id":"https:\/\/schwebach.de\/?p=1274#primaryimage"},"thumbnailUrl":"https:\/\/schwebach.de\/wp-content\/uploads\/2016\/12\/feuerwehreinsatz_2006_02.jpg","datePublished":"2006-10-04T21:19:22+00:00","dateModified":"2016-12-16T21:41:51+00:00","description":"Ein Feuerwehreinsatz der FFW aus Irsch und Ockfen. Zum Gl\u00fcck handelte es sich nur um eine \u00dcbung an unserem Firmensitz St. Lukas und keiner kam zu Schaden.","breadcrumb":{"@id":"https:\/\/schwebach.de\/?p=1274#breadcrumb"},"inLanguage":"de","potentialAction":[{"@type":"ReadAction","target":["https:\/\/schwebach.de\/?p=1274"]}]},{"@type":"ImageObject","inLanguage":"de","@id":"https:\/\/schwebach.de\/?p=1274#primaryimage","url":"https:\/\/schwebach.de\/wp-content\/uploads\/2016\/12\/feuerwehreinsatz_2006_02.jpg","contentUrl":"https:\/\/schwebach.de\/wp-content\/uploads\/2016\/12\/feuerwehreinsatz_2006_02.jpg","width":350,"height":233},{"@type":"BreadcrumbList","@id":"https:\/\/schwebach.de\/?p=1274#breadcrumb","itemListElement":[{"@type":"ListItem","position":1,"name":"Startseite","item":"https:\/\/schwebach.de\/"},{"@type":"ListItem","position":2,"name":"Feuerwehreinsatz bei St. Lukas"}]},{"@type":"WebSite","@id":"https:\/\/schwebach.de\/#website","url":"https:\/\/schwebach.de\/","name":"SCHWEBACH Maler &amp; Lackierer","description":"Ihr Wohlf\u00fchlmaler aus Irsch\/Saar","publisher":{"@id":"https:\/\/schwebach.de\/#organization"},"potentialAction":[{"@type":"SearchAction","target":{"@type":"EntryPoint","urlTemplate":"https:\/\/schwebach.de\/?s={search_term_string}"},"query-input":{"@type":"PropertyValueSpecification","valueRequired":true,"valueName":"search_term_string"}}],"inLanguage":"de"},{"@type":"Organization","@id":"https:\/\/schwebach.de\/#organization","name":"Schwebach Maler & Lackierer GmbH","url":"https:\/\/schwebach.de\/","logo":{"@type":"ImageObject","inLanguage":"de","@id":"https:\/\/schwebach.de\/#\/schema\/logo\/image\/","url":"https:\/\/schwebach.de\/wp-content\/uploads\/2016\/04\/butterfly.png","contentUrl":"https:\/\/schwebach.de\/wp-content\/uploads\/2016\/04\/butterfly.png","width":463,"height":310,"caption":"Schwebach Maler & Lackierer GmbH"},"image":{"@id":"https:\/\/schwebach.de\/#\/schema\/logo\/image\/"},"sameAs":["https:\/\/www.facebook.com\/schwebach.wohlfuehlmaler","https:\/\/www.youtube.com\/user\/Wohlfuehlmaler"]},{"@type":"Person","@id":"https:\/\/schwebach.de\/#\/schema\/person\/d00f441195aff8fe4987add5febad44d","name":"Schwebach","image":{"@type":"ImageObject","inLanguage":"de","@id":"https:\/\/secure.gravatar.com\/avatar\/34291dd68034cb7317838ad1f4c39bc27d010389fac30629b636c5776ac49376?s=96&d=mm&r=g","url":"https:\/\/secure.gravatar.com\/avatar\/34291dd68034cb7317838ad1f4c39bc27d010389fac30629b636c5776ac49376?s=96&d=mm&r=g","contentUrl":"https:\/\/secure.gravatar.com\/avatar\/34291dd68034cb7317838ad1f4c39bc27d010389fac30629b636c5776ac49376?s=96&d=mm&r=g","caption":"Schwebach"},"url":"https:\/\/schwebach.de\/?author=1"}]}},"_links":{"self":[{"href":"https:\/\/schwebach.de\/index.php?rest_route=\/wp\/v2\/posts\/1274","targetHints":{"allow":["GET"]}}],"collection":[{"href":"https:\/\/schwebach.de\/index.php?rest_route=\/wp\/v2\/posts"}],"about":[{"href":"https:\/\/schwebach.de\/index.php?rest_route=\/wp\/v2\/types\/post"}],"author":[{"embeddable":true,"href":"https:\/\/schwebach.de\/index.php?rest_route=\/wp\/v2\/users\/1"}],"replies":[{"embeddable":true,"href":"https:\/\/schwebach.de\/index.php?rest_route=%2Fwp%2Fv2%2Fcomments&post=1274"}],"version-history":[{"count":1,"href":"https:\/\/schwebach.de\/index.php?rest_route=\/wp\/v2\/posts\/1274\/revisions"}],"predecessor-version":[{"id":1277,"href":"https:\/\/schwebach.de\/index.php?rest_route=\/wp\/v2\/posts\/1274\/revisions\/1277"}],"wp:featuredmedia":[{"embeddable":true,"href":"https:\/\/schwebach.de\/index.php?rest_route=\/wp\/v2\/media\/1276"}],"wp:attachment":[{"href":"https:\/\/schwebach.de\/index.php?rest_route=%2Fwp%2Fv2%2Fmedia&parent=1274"}],"wp:term":[{"taxonomy":"category","embeddable":true,"href":"https:\/\/schwebach.de\/index.php?rest_route=%2Fwp%2Fv2%2Fcategories&post=1274"},{"taxonomy":"post_tag","embeddable":true,"href":"https:\/\/schwebach.de\/index.php?rest_route=%2Fwp%2Fv2%2Ftags&post=1274"}],"curies":[{"name":"wp","href":"https:\/\/api.w.org\/{rel}","templated":true}]}}