{"id":1271,"date":"2005-08-01T21:09:14","date_gmt":"2005-08-01T21:09:14","guid":{"rendered":"http:\/\/schwebach.de\/?p=1271"},"modified":"2025-06-04T12:51:17","modified_gmt":"2025-06-04T10:51:17","slug":"azubi-lukas","status":"publish","type":"post","link":"https:\/\/schwebach.de\/?p=1271","title":{"rendered":"Lukas Schwebach beginnt Ausbildung im Schwebach-Team"},"content":{"rendered":"<p><img loading=\"lazy\" decoding=\"async\" class=\"wp-image-1272 size-full aligncenter\" src=\"https:\/\/schwebach.de\/wp-content\/uploads\/2016\/12\/DSC00023.jpg\" alt=\"Ausbildungsbeginn f\u00fcr Lukas Schwebach im Schwebach-Team\" width=\"1280\" height=\"960\" srcset=\"https:\/\/schwebach.de\/wp-content\/uploads\/2016\/12\/DSC00023.jpg 1280w, https:\/\/schwebach.de\/wp-content\/uploads\/2016\/12\/DSC00023-300x225.jpg 300w, https:\/\/schwebach.de\/wp-content\/uploads\/2016\/12\/DSC00023-768x576.jpg 768w, https:\/\/schwebach.de\/wp-content\/uploads\/2016\/12\/DSC00023-1024x768.jpg 1024w\" sizes=\"auto, (max-width: 1280px) 100vw, 1280px\" \/><\/p>\n<p>Der 1. August 2005 war der Startschuss f\u00fcr die 4. Generation im Schwebach-Team. An diesem Tag begann Lukas Schwebach seine 3-j\u00e4hrige Ausbildung zum Maler- und Lackierer im Team der Wohlf\u00fchlmaler.<\/p>\n<p>Lukas tritt damit in die Fu\u00dfstapfen von Ur-Gro\u00dfvater Johann, Gro\u00dfvater Hans und Vater Heiner Schwebach. Entsprechend stolz und froh sind daher Eltern und Gro\u00dfeltern.<\/p>\n<p>Das ganze Schwebach-Team hat Lukas herzlich willkommen gehei\u00dfen und ihm alles Gute f\u00fcr die Ausbildung gew\u00fcnscht.<\/p>\n<p>Wir w\u00fcnschen Ihm aber auch viel Spa\u00df und Erf\u00fcllung in unserem lebendigen und ehrbaren Handwerk.<\/p>\n","protected":false},"excerpt":{"rendered":"<p>Der 1. August 2005 war der Startschuss f\u00fcr die 4. Generation im Schwebach-Team. An diesem Tag begann Lukas Schwebach seine 3-j\u00e4hrige Ausbildung zum Maler- und Lackierer im Team der Wohlf\u00fchlmaler. Lukas tritt damit in die Fu\u00dfstapfen von Ur-Gro\u00dfvater Johann, Gro\u00dfvater<\/p>\n","protected":false},"author":1,"featured_media":1272,"comment_status":"open","ping_status":"open","sticky":false,"template":"","format":"standard","meta":{"footnotes":""},"categories":[66,18],"tags":[],"class_list":["post-1271","post","type-post","status-publish","format-standard","has-post-thumbnail","hentry","category-ausbildung","category-team"],"yoast_head":"<!-- This site is optimized with the Yoast SEO plugin v27.4 - https:\/\/yoast.com\/product\/yoast-seo-wordpress\/ -->\n<title>Lukas Schwebach beginnt Ausbildung im Schwebach-Team<\/title>\n<meta name=\"description\" content=\"Ausbildungsbeginn f\u00fcr Lukas im Team der Schwebach Maler &amp; Lackierer GmbH. Der Beginn der 4. Generation an Malern im Familienbetrieb.\" \/>\n<meta name=\"robots\" content=\"index, follow, max-snippet:-1, max-image-preview:large, max-video-preview:-1\" \/>\n<link rel=\"canonical\" href=\"https:\/\/schwebach.de\/?p=1271\" \/>\n<meta property=\"og:locale\" content=\"de_DE\" \/>\n<meta property=\"og:type\" content=\"article\" \/>\n<meta property=\"og:title\" content=\"Lukas Schwebach beginnt Ausbildung im Schwebach-Team\" \/>\n<meta property=\"og:description\" content=\"Ausbildungsbeginn f\u00fcr Lukas im Team der Schwebach Maler &amp; Lackierer GmbH. Der Beginn der 4. Generation an Malern im Familienbetrieb.\" \/>\n<meta property=\"og:url\" content=\"https:\/\/schwebach.de\/?p=1271\" \/>\n<meta property=\"og:site_name\" content=\"SCHWEBACH Maler &amp; Lackierer\" \/>\n<meta property=\"article:publisher\" content=\"https:\/\/www.facebook.com\/schwebach.wohlfuehlmaler\" \/>\n<meta property=\"article:published_time\" content=\"2005-08-01T21:09:14+00:00\" \/>\n<meta property=\"article:modified_time\" content=\"2025-06-04T10:51:17+00:00\" \/>\n<meta property=\"og:image\" content=\"https:\/\/schwebach.de\/wp-content\/uploads\/2016\/12\/DSC00023.jpg\" \/>\n\t<meta property=\"og:image:width\" content=\"1280\" \/>\n\t<meta property=\"og:image:height\" content=\"960\" \/>\n\t<meta property=\"og:image:type\" content=\"image\/jpeg\" \/>\n<meta name=\"author\" content=\"Schwebach\" \/>\n<meta name=\"twitter:card\" content=\"summary_large_image\" \/>\n<meta name=\"twitter:label1\" content=\"Verfasst von\" \/>\n\t<meta name=\"twitter:data1\" content=\"Schwebach\" \/>\n<script type=\"application\/ld+json\" class=\"yoast-schema-graph\">{\"@context\":\"https:\\\/\\\/schema.org\",\"@graph\":[{\"@type\":\"Article\",\"@id\":\"https:\\\/\\\/schwebach.de\\\/?p=1271#article\",\"isPartOf\":{\"@id\":\"https:\\\/\\\/schwebach.de\\\/?p=1271\"},\"author\":{\"name\":\"Schwebach\",\"@id\":\"https:\\\/\\\/schwebach.de\\\/#\\\/schema\\\/person\\\/d00f441195aff8fe4987add5febad44d\"},\"headline\":\"Lukas Schwebach beginnt Ausbildung im Schwebach-Team\",\"datePublished\":\"2005-08-01T21:09:14+00:00\",\"dateModified\":\"2025-06-04T10:51:17+00:00\",\"mainEntityOfPage\":{\"@id\":\"https:\\\/\\\/schwebach.de\\\/?p=1271\"},\"wordCount\":100,\"commentCount\":0,\"publisher\":{\"@id\":\"https:\\\/\\\/schwebach.de\\\/#organization\"},\"image\":{\"@id\":\"https:\\\/\\\/schwebach.de\\\/?p=1271#primaryimage\"},\"thumbnailUrl\":\"https:\\\/\\\/schwebach.de\\\/wp-content\\\/uploads\\\/2016\\\/12\\\/DSC00023.jpg\",\"articleSection\":[\"Ausbildung\",\"Team\"],\"inLanguage\":\"de\",\"potentialAction\":[{\"@type\":\"CommentAction\",\"name\":\"Comment\",\"target\":[\"https:\\\/\\\/schwebach.de\\\/?p=1271#respond\"]}]},{\"@type\":\"WebPage\",\"@id\":\"https:\\\/\\\/schwebach.de\\\/?p=1271\",\"url\":\"https:\\\/\\\/schwebach.de\\\/?p=1271\",\"name\":\"Lukas Schwebach beginnt Ausbildung im Schwebach-Team\",\"isPartOf\":{\"@id\":\"https:\\\/\\\/schwebach.de\\\/#website\"},\"primaryImageOfPage\":{\"@id\":\"https:\\\/\\\/schwebach.de\\\/?p=1271#primaryimage\"},\"image\":{\"@id\":\"https:\\\/\\\/schwebach.de\\\/?p=1271#primaryimage\"},\"thumbnailUrl\":\"https:\\\/\\\/schwebach.de\\\/wp-content\\\/uploads\\\/2016\\\/12\\\/DSC00023.jpg\",\"datePublished\":\"2005-08-01T21:09:14+00:00\",\"dateModified\":\"2025-06-04T10:51:17+00:00\",\"description\":\"Ausbildungsbeginn f\u00fcr Lukas im Team der Schwebach Maler & Lackierer GmbH. Der Beginn der 4. Generation an Malern im Familienbetrieb.\",\"breadcrumb\":{\"@id\":\"https:\\\/\\\/schwebach.de\\\/?p=1271#breadcrumb\"},\"inLanguage\":\"de\",\"potentialAction\":[{\"@type\":\"ReadAction\",\"target\":[\"https:\\\/\\\/schwebach.de\\\/?p=1271\"]}]},{\"@type\":\"ImageObject\",\"inLanguage\":\"de\",\"@id\":\"https:\\\/\\\/schwebach.de\\\/?p=1271#primaryimage\",\"url\":\"https:\\\/\\\/schwebach.de\\\/wp-content\\\/uploads\\\/2016\\\/12\\\/DSC00023.jpg\",\"contentUrl\":\"https:\\\/\\\/schwebach.de\\\/wp-content\\\/uploads\\\/2016\\\/12\\\/DSC00023.jpg\",\"width\":1280,\"height\":960},{\"@type\":\"BreadcrumbList\",\"@id\":\"https:\\\/\\\/schwebach.de\\\/?p=1271#breadcrumb\",\"itemListElement\":[{\"@type\":\"ListItem\",\"position\":1,\"name\":\"Startseite\",\"item\":\"https:\\\/\\\/schwebach.de\\\/\"},{\"@type\":\"ListItem\",\"position\":2,\"name\":\"Lukas Schwebach beginnt Ausbildung im Schwebach-Team\"}]},{\"@type\":\"WebSite\",\"@id\":\"https:\\\/\\\/schwebach.de\\\/#website\",\"url\":\"https:\\\/\\\/schwebach.de\\\/\",\"name\":\"SCHWEBACH Maler &amp; Lackierer\",\"description\":\"Ihr Wohlf\u00fchlmaler aus Irsch\\\/Saar\",\"publisher\":{\"@id\":\"https:\\\/\\\/schwebach.de\\\/#organization\"},\"potentialAction\":[{\"@type\":\"SearchAction\",\"target\":{\"@type\":\"EntryPoint\",\"urlTemplate\":\"https:\\\/\\\/schwebach.de\\\/?s={search_term_string}\"},\"query-input\":{\"@type\":\"PropertyValueSpecification\",\"valueRequired\":true,\"valueName\":\"search_term_string\"}}],\"inLanguage\":\"de\"},{\"@type\":\"Organization\",\"@id\":\"https:\\\/\\\/schwebach.de\\\/#organization\",\"name\":\"Schwebach Maler & Lackierer GmbH\",\"url\":\"https:\\\/\\\/schwebach.de\\\/\",\"logo\":{\"@type\":\"ImageObject\",\"inLanguage\":\"de\",\"@id\":\"https:\\\/\\\/schwebach.de\\\/#\\\/schema\\\/logo\\\/image\\\/\",\"url\":\"https:\\\/\\\/schwebach.de\\\/wp-content\\\/uploads\\\/2016\\\/04\\\/butterfly.png\",\"contentUrl\":\"https:\\\/\\\/schwebach.de\\\/wp-content\\\/uploads\\\/2016\\\/04\\\/butterfly.png\",\"width\":463,\"height\":310,\"caption\":\"Schwebach Maler & Lackierer GmbH\"},\"image\":{\"@id\":\"https:\\\/\\\/schwebach.de\\\/#\\\/schema\\\/logo\\\/image\\\/\"},\"sameAs\":[\"https:\\\/\\\/www.facebook.com\\\/schwebach.wohlfuehlmaler\",\"https:\\\/\\\/www.youtube.com\\\/user\\\/Wohlfuehlmaler\"]},{\"@type\":\"Person\",\"@id\":\"https:\\\/\\\/schwebach.de\\\/#\\\/schema\\\/person\\\/d00f441195aff8fe4987add5febad44d\",\"name\":\"Schwebach\",\"image\":{\"@type\":\"ImageObject\",\"inLanguage\":\"de\",\"@id\":\"https:\\\/\\\/secure.gravatar.com\\\/avatar\\\/34291dd68034cb7317838ad1f4c39bc27d010389fac30629b636c5776ac49376?s=96&d=mm&r=g\",\"url\":\"https:\\\/\\\/secure.gravatar.com\\\/avatar\\\/34291dd68034cb7317838ad1f4c39bc27d010389fac30629b636c5776ac49376?s=96&d=mm&r=g\",\"contentUrl\":\"https:\\\/\\\/secure.gravatar.com\\\/avatar\\\/34291dd68034cb7317838ad1f4c39bc27d010389fac30629b636c5776ac49376?s=96&d=mm&r=g\",\"caption\":\"Schwebach\"},\"url\":\"https:\\\/\\\/schwebach.de\\\/?author=1\"}]}<\/script>\n<!-- \/ Yoast SEO plugin. -->","yoast_head_json":{"title":"Lukas Schwebach beginnt Ausbildung im Schwebach-Team","description":"Ausbildungsbeginn f\u00fcr Lukas im Team der Schwebach Maler & Lackierer GmbH. Der Beginn der 4. Generation an Malern im Familienbetrieb.","robots":{"index":"index","follow":"follow","max-snippet":"max-snippet:-1","max-image-preview":"max-image-preview:large","max-video-preview":"max-video-preview:-1"},"canonical":"https:\/\/schwebach.de\/?p=1271","og_locale":"de_DE","og_type":"article","og_title":"Lukas Schwebach beginnt Ausbildung im Schwebach-Team","og_description":"Ausbildungsbeginn f\u00fcr Lukas im Team der Schwebach Maler & Lackierer GmbH. Der Beginn der 4. Generation an Malern im Familienbetrieb.","og_url":"https:\/\/schwebach.de\/?p=1271","og_site_name":"SCHWEBACH Maler &amp; Lackierer","article_publisher":"https:\/\/www.facebook.com\/schwebach.wohlfuehlmaler","article_published_time":"2005-08-01T21:09:14+00:00","article_modified_time":"2025-06-04T10:51:17+00:00","og_image":[{"width":1280,"height":960,"url":"https:\/\/schwebach.de\/wp-content\/uploads\/2016\/12\/DSC00023.jpg","type":"image\/jpeg"}],"author":"Schwebach","twitter_card":"summary_large_image","twitter_misc":{"Verfasst von":"Schwebach"},"schema":{"@context":"https:\/\/schema.org","@graph":[{"@type":"Article","@id":"https:\/\/schwebach.de\/?p=1271#article","isPartOf":{"@id":"https:\/\/schwebach.de\/?p=1271"},"author":{"name":"Schwebach","@id":"https:\/\/schwebach.de\/#\/schema\/person\/d00f441195aff8fe4987add5febad44d"},"headline":"Lukas Schwebach beginnt Ausbildung im Schwebach-Team","datePublished":"2005-08-01T21:09:14+00:00","dateModified":"2025-06-04T10:51:17+00:00","mainEntityOfPage":{"@id":"https:\/\/schwebach.de\/?p=1271"},"wordCount":100,"commentCount":0,"publisher":{"@id":"https:\/\/schwebach.de\/#organization"},"image":{"@id":"https:\/\/schwebach.de\/?p=1271#primaryimage"},"thumbnailUrl":"https:\/\/schwebach.de\/wp-content\/uploads\/2016\/12\/DSC00023.jpg","articleSection":["Ausbildung","Team"],"inLanguage":"de","potentialAction":[{"@type":"CommentAction","name":"Comment","target":["https:\/\/schwebach.de\/?p=1271#respond"]}]},{"@type":"WebPage","@id":"https:\/\/schwebach.de\/?p=1271","url":"https:\/\/schwebach.de\/?p=1271","name":"Lukas Schwebach beginnt Ausbildung im Schwebach-Team","isPartOf":{"@id":"https:\/\/schwebach.de\/#website"},"primaryImageOfPage":{"@id":"https:\/\/schwebach.de\/?p=1271#primaryimage"},"image":{"@id":"https:\/\/schwebach.de\/?p=1271#primaryimage"},"thumbnailUrl":"https:\/\/schwebach.de\/wp-content\/uploads\/2016\/12\/DSC00023.jpg","datePublished":"2005-08-01T21:09:14+00:00","dateModified":"2025-06-04T10:51:17+00:00","description":"Ausbildungsbeginn f\u00fcr Lukas im Team der Schwebach Maler & Lackierer GmbH. Der Beginn der 4. Generation an Malern im Familienbetrieb.","breadcrumb":{"@id":"https:\/\/schwebach.de\/?p=1271#breadcrumb"},"inLanguage":"de","potentialAction":[{"@type":"ReadAction","target":["https:\/\/schwebach.de\/?p=1271"]}]},{"@type":"ImageObject","inLanguage":"de","@id":"https:\/\/schwebach.de\/?p=1271#primaryimage","url":"https:\/\/schwebach.de\/wp-content\/uploads\/2016\/12\/DSC00023.jpg","contentUrl":"https:\/\/schwebach.de\/wp-content\/uploads\/2016\/12\/DSC00023.jpg","width":1280,"height":960},{"@type":"BreadcrumbList","@id":"https:\/\/schwebach.de\/?p=1271#breadcrumb","itemListElement":[{"@type":"ListItem","position":1,"name":"Startseite","item":"https:\/\/schwebach.de\/"},{"@type":"ListItem","position":2,"name":"Lukas Schwebach beginnt Ausbildung im Schwebach-Team"}]},{"@type":"WebSite","@id":"https:\/\/schwebach.de\/#website","url":"https:\/\/schwebach.de\/","name":"SCHWEBACH Maler &amp; Lackierer","description":"Ihr Wohlf\u00fchlmaler aus Irsch\/Saar","publisher":{"@id":"https:\/\/schwebach.de\/#organization"},"potentialAction":[{"@type":"SearchAction","target":{"@type":"EntryPoint","urlTemplate":"https:\/\/schwebach.de\/?s={search_term_string}"},"query-input":{"@type":"PropertyValueSpecification","valueRequired":true,"valueName":"search_term_string"}}],"inLanguage":"de"},{"@type":"Organization","@id":"https:\/\/schwebach.de\/#organization","name":"Schwebach Maler & Lackierer GmbH","url":"https:\/\/schwebach.de\/","logo":{"@type":"ImageObject","inLanguage":"de","@id":"https:\/\/schwebach.de\/#\/schema\/logo\/image\/","url":"https:\/\/schwebach.de\/wp-content\/uploads\/2016\/04\/butterfly.png","contentUrl":"https:\/\/schwebach.de\/wp-content\/uploads\/2016\/04\/butterfly.png","width":463,"height":310,"caption":"Schwebach Maler & Lackierer GmbH"},"image":{"@id":"https:\/\/schwebach.de\/#\/schema\/logo\/image\/"},"sameAs":["https:\/\/www.facebook.com\/schwebach.wohlfuehlmaler","https:\/\/www.youtube.com\/user\/Wohlfuehlmaler"]},{"@type":"Person","@id":"https:\/\/schwebach.de\/#\/schema\/person\/d00f441195aff8fe4987add5febad44d","name":"Schwebach","image":{"@type":"ImageObject","inLanguage":"de","@id":"https:\/\/secure.gravatar.com\/avatar\/34291dd68034cb7317838ad1f4c39bc27d010389fac30629b636c5776ac49376?s=96&d=mm&r=g","url":"https:\/\/secure.gravatar.com\/avatar\/34291dd68034cb7317838ad1f4c39bc27d010389fac30629b636c5776ac49376?s=96&d=mm&r=g","contentUrl":"https:\/\/secure.gravatar.com\/avatar\/34291dd68034cb7317838ad1f4c39bc27d010389fac30629b636c5776ac49376?s=96&d=mm&r=g","caption":"Schwebach"},"url":"https:\/\/schwebach.de\/?author=1"}]}},"_links":{"self":[{"href":"https:\/\/schwebach.de\/index.php?rest_route=\/wp\/v2\/posts\/1271","targetHints":{"allow":["GET"]}}],"collection":[{"href":"https:\/\/schwebach.de\/index.php?rest_route=\/wp\/v2\/posts"}],"about":[{"href":"https:\/\/schwebach.de\/index.php?rest_route=\/wp\/v2\/types\/post"}],"author":[{"embeddable":true,"href":"https:\/\/schwebach.de\/index.php?rest_route=\/wp\/v2\/users\/1"}],"replies":[{"embeddable":true,"href":"https:\/\/schwebach.de\/index.php?rest_route=%2Fwp%2Fv2%2Fcomments&post=1271"}],"version-history":[{"count":1,"href":"https:\/\/schwebach.de\/index.php?rest_route=\/wp\/v2\/posts\/1271\/revisions"}],"predecessor-version":[{"id":1273,"href":"https:\/\/schwebach.de\/index.php?rest_route=\/wp\/v2\/posts\/1271\/revisions\/1273"}],"wp:featuredmedia":[{"embeddable":true,"href":"https:\/\/schwebach.de\/index.php?rest_route=\/wp\/v2\/media\/1272"}],"wp:attachment":[{"href":"https:\/\/schwebach.de\/index.php?rest_route=%2Fwp%2Fv2%2Fmedia&parent=1271"}],"wp:term":[{"taxonomy":"category","embeddable":true,"href":"https:\/\/schwebach.de\/index.php?rest_route=%2Fwp%2Fv2%2Fcategories&post=1271"},{"taxonomy":"post_tag","embeddable":true,"href":"https:\/\/schwebach.de\/index.php?rest_route=%2Fwp%2Fv2%2Ftags&post=1271"}],"curies":[{"name":"wp","href":"https:\/\/api.w.org\/{rel}","templated":true}]}}