{"id":1189,"date":"2016-09-20T17:25:19","date_gmt":"2016-09-20T17:25:19","guid":{"rendered":"http:\/\/schwebach.de\/?p=1189"},"modified":"2019-11-12T09:18:19","modified_gmt":"2019-11-12T07:18:19","slug":"pq","status":"publish","type":"post","link":"https:\/\/schwebach.de\/?p=1189","title":{"rendered":"Wir sind &#8222;Pr\u00e4qualifiziert&#8220; (PQ-VOB)"},"content":{"rendered":"<div id=\"pl-1189\"  class=\"panel-layout\" ><div id=\"pg-1189-0\"  class=\"panel-grid panel-no-style\" ><div id=\"pgc-1189-0-0\"  class=\"panel-grid-cell\" ><div id=\"panel-1189-0-0-0\" class=\"so-panel widget widget_sow-editor panel-first-child panel-last-child\" data-index=\"0\" ><div\n\t\t\t\n\t\t\tclass=\"so-widget-sow-editor so-widget-sow-editor-base\"\n\t\t\t\n\t\t>\n<div class=\"siteorigin-widget-tinymce textwidget\">\n\t<p><img loading=\"lazy\" decoding=\"async\" class=\"alignright wp-image-1198 size-thumbnail\" src=\"https:\/\/schwebach.de\/wp-content\/uploads\/2016\/09\/PQ-Bau-1-150x150.png\" alt=\"PQ VOB\" width=\"150\" height=\"150\" srcset=\"https:\/\/schwebach.de\/wp-content\/uploads\/2016\/09\/PQ-Bau-1-150x150.png 150w, https:\/\/schwebach.de\/wp-content\/uploads\/2016\/09\/PQ-Bau-1-270x270.png 270w, https:\/\/schwebach.de\/wp-content\/uploads\/2016\/09\/PQ-Bau-1-230x230.png 230w\" sizes=\"auto, (max-width: 150px) 100vw, 150px\" \/><\/p>\n<p>Wir haben uns k\u00fcrzlich einer <strong>Pr\u00e4qualifizierung<\/strong> unterzogen uns sind nun im <a href=\"https:\/\/www.pq-verein.de\/pq_liste\/index.html\" target=\"_blank\" rel=\"noopener\">Pr\u00e4qualifikationsverzeichnis<\/a> f\u00fcr das Baugewerbe eingetragen.<\/p>\n<h2>PQ-VOB<\/h2>\n<p>Bauunternehmen m\u00fcssen als Bieter bei \u00f6ffentlichen Vergabeverfahren in Deutschland die notwendigen Unterlagen zum Nachweis ihrer Eignung gem\u00e4\u00df \u00a7 6 VOB\/A insbesondere bez\u00fcglich Fachkunde, Zuverl\u00e4ssigkeit und Leistungsf\u00e4higkeit f\u00fcr jedes einzelne Vergabeverfahren nachweisen. Dies geht nur durch Vorlage entsprechender Unterlagen bei jedem Vergabeverfahren. \u00d6ffentliche Vergabestellen pr\u00fcfen daraufhin diese Unterlagen f\u00fcr jeden Bieter und jede Bauma\u00dfnahme erneut.<\/p>\n<p>Die Pr\u00e4qualifizierung erleichtert das \u00f6ffentliche Vergabeverfahren, da mit dieser Zertifizierung die erneute \u00dcberpr\u00fcfung entf\u00e4llt. Das macht den gesamten Prozess f\u00fcr alle Beteiligten schneller, einfacher und spart unn\u00f6tigen Aufwand und somit auch Geld.<br \/>\nKernst\u00fcck der PQ-VOB ist die im Internet abrufbare Liste pr\u00e4qualifizierter Unternehmen. Nach erfolgreicher Pr\u00e4qualifikation durch die Pr\u00e4qualifizierungs-Stelle erh\u00e4lt das Unternehmen eine Registriernummer und wird in die Liste des PQ-Vereins aufgenommen.<\/p>\n<p>So findet man unseren Betrieb nun <a href=\"https:\/\/www.pq-verein.de\/pq-liste\/anzeige\/\" target=\"_blank\" rel=\"noopener\">auf der Homepage vom \"Verein f\u00fcr die Pr\u00e4qualifikation von Bauunternehmen e.V.<\/a>\u00a0unter der Nummer\u00a0<b>011.160047<\/b><\/p>\n<\/div>\n<\/div><\/div><\/div><\/div><\/div>","protected":false},"excerpt":{"rendered":"<p>Wir haben uns k\u00fcrzlich einer Pr\u00e4qualifizierung unterzogen uns sind nun im Pr\u00e4qualifikationsverzeichnis f\u00fcr das Baugewerbe eingetragen. PQ-VOB Bauunternehmen m\u00fcssen als Bieter bei \u00f6ffentlichen Vergabeverfahren in Deutschland die notwendigen Unterlagen zum Nachweis ihrer Eignung gem\u00e4\u00df \u00a7 6 VOB\/A insbesondere bez\u00fcglich Fachkunde,<\/p>\n","protected":false},"author":1,"featured_media":1190,"comment_status":"open","ping_status":"open","sticky":false,"template":"","format":"standard","meta":{"footnotes":""},"categories":[10,64],"tags":[],"class_list":["post-1189","post","type-post","status-publish","format-standard","has-post-thumbnail","hentry","category-projekte","category-zertifikate"],"yoast_head":"<!-- This site is optimized with the Yoast SEO plugin v27.4 - https:\/\/yoast.com\/product\/yoast-seo-wordpress\/ -->\n<title>Wir sind &quot;Pr\u00e4qualifiziert&quot; (PQ-VOB) - SCHWEBACH Maler &amp; Lackierer<\/title>\n<meta name=\"description\" content=\"Die SCHWEBACH GmbH ist nun ein pr\u00e4qualifizierter Betrieb (Nr. 011.160047) nach PQ-VOB und erleichtert so das \u00f6ffentliche Vergabeverfahren,\" \/>\n<meta name=\"robots\" content=\"index, follow, max-snippet:-1, max-image-preview:large, max-video-preview:-1\" \/>\n<link rel=\"canonical\" href=\"https:\/\/schwebach.de\/?p=1189\" \/>\n<meta property=\"og:locale\" content=\"de_DE\" \/>\n<meta property=\"og:type\" content=\"article\" \/>\n<meta property=\"og:title\" content=\"Wir sind &quot;Pr\u00e4qualifiziert&quot; (PQ-VOB) - SCHWEBACH Maler &amp; Lackierer\" \/>\n<meta property=\"og:description\" content=\"Die SCHWEBACH GmbH ist nun ein pr\u00e4qualifizierter Betrieb (Nr. 011.160047) nach PQ-VOB und erleichtert so das \u00f6ffentliche Vergabeverfahren,\" \/>\n<meta property=\"og:url\" content=\"https:\/\/schwebach.de\/?p=1189\" \/>\n<meta property=\"og:site_name\" content=\"SCHWEBACH Maler &amp; Lackierer\" \/>\n<meta property=\"article:publisher\" content=\"https:\/\/www.facebook.com\/schwebach.wohlfuehlmaler\" \/>\n<meta property=\"article:published_time\" content=\"2016-09-20T17:25:19+00:00\" \/>\n<meta property=\"article:modified_time\" content=\"2019-11-12T07:18:19+00:00\" \/>\n<meta property=\"og:image\" content=\"https:\/\/schwebach.de\/wp-content\/uploads\/2016\/09\/PQ-Bau.png\" \/>\n\t<meta property=\"og:image:width\" content=\"477\" \/>\n\t<meta property=\"og:image:height\" content=\"520\" \/>\n\t<meta property=\"og:image:type\" content=\"image\/png\" \/>\n<meta name=\"author\" content=\"Schwebach\" \/>\n<meta name=\"twitter:card\" content=\"summary_large_image\" \/>\n<meta name=\"twitter:label1\" content=\"Verfasst von\" \/>\n\t<meta name=\"twitter:data1\" content=\"Schwebach\" \/>\n\t<meta name=\"twitter:label2\" content=\"Gesch\u00e4tzte Lesezeit\" \/>\n\t<meta name=\"twitter:data2\" content=\"1\u00a0Minute\" \/>\n<script type=\"application\/ld+json\" class=\"yoast-schema-graph\">{\"@context\":\"https:\\\/\\\/schema.org\",\"@graph\":[{\"@type\":\"Article\",\"@id\":\"https:\\\/\\\/schwebach.de\\\/?p=1189#article\",\"isPartOf\":{\"@id\":\"https:\\\/\\\/schwebach.de\\\/?p=1189\"},\"author\":{\"name\":\"Schwebach\",\"@id\":\"https:\\\/\\\/schwebach.de\\\/#\\\/schema\\\/person\\\/d00f441195aff8fe4987add5febad44d\"},\"headline\":\"Wir sind &#8222;Pr\u00e4qualifiziert&#8220; (PQ-VOB)\",\"datePublished\":\"2016-09-20T17:25:19+00:00\",\"dateModified\":\"2019-11-12T07:18:19+00:00\",\"mainEntityOfPage\":{\"@id\":\"https:\\\/\\\/schwebach.de\\\/?p=1189\"},\"wordCount\":182,\"commentCount\":0,\"publisher\":{\"@id\":\"https:\\\/\\\/schwebach.de\\\/#organization\"},\"image\":{\"@id\":\"https:\\\/\\\/schwebach.de\\\/?p=1189#primaryimage\"},\"thumbnailUrl\":\"https:\\\/\\\/schwebach.de\\\/wp-content\\\/uploads\\\/2016\\\/09\\\/PQ-Bau.png\",\"articleSection\":[\"Projekte\",\"Zertifikate\"],\"inLanguage\":\"de\",\"potentialAction\":[{\"@type\":\"CommentAction\",\"name\":\"Comment\",\"target\":[\"https:\\\/\\\/schwebach.de\\\/?p=1189#respond\"]}]},{\"@type\":\"WebPage\",\"@id\":\"https:\\\/\\\/schwebach.de\\\/?p=1189\",\"url\":\"https:\\\/\\\/schwebach.de\\\/?p=1189\",\"name\":\"Wir sind \\\"Pr\u00e4qualifiziert\\\" (PQ-VOB) - SCHWEBACH Maler & Lackierer\",\"isPartOf\":{\"@id\":\"https:\\\/\\\/schwebach.de\\\/#website\"},\"primaryImageOfPage\":{\"@id\":\"https:\\\/\\\/schwebach.de\\\/?p=1189#primaryimage\"},\"image\":{\"@id\":\"https:\\\/\\\/schwebach.de\\\/?p=1189#primaryimage\"},\"thumbnailUrl\":\"https:\\\/\\\/schwebach.de\\\/wp-content\\\/uploads\\\/2016\\\/09\\\/PQ-Bau.png\",\"datePublished\":\"2016-09-20T17:25:19+00:00\",\"dateModified\":\"2019-11-12T07:18:19+00:00\",\"description\":\"Die SCHWEBACH GmbH ist nun ein pr\u00e4qualifizierter Betrieb (Nr. 011.160047) nach PQ-VOB und erleichtert so das \u00f6ffentliche Vergabeverfahren,\",\"breadcrumb\":{\"@id\":\"https:\\\/\\\/schwebach.de\\\/?p=1189#breadcrumb\"},\"inLanguage\":\"de\",\"potentialAction\":[{\"@type\":\"ReadAction\",\"target\":[\"https:\\\/\\\/schwebach.de\\\/?p=1189\"]}]},{\"@type\":\"ImageObject\",\"inLanguage\":\"de\",\"@id\":\"https:\\\/\\\/schwebach.de\\\/?p=1189#primaryimage\",\"url\":\"https:\\\/\\\/schwebach.de\\\/wp-content\\\/uploads\\\/2016\\\/09\\\/PQ-Bau.png\",\"contentUrl\":\"https:\\\/\\\/schwebach.de\\\/wp-content\\\/uploads\\\/2016\\\/09\\\/PQ-Bau.png\",\"width\":477,\"height\":520,\"caption\":\"PQ-VOB\"},{\"@type\":\"BreadcrumbList\",\"@id\":\"https:\\\/\\\/schwebach.de\\\/?p=1189#breadcrumb\",\"itemListElement\":[{\"@type\":\"ListItem\",\"position\":1,\"name\":\"Startseite\",\"item\":\"https:\\\/\\\/schwebach.de\\\/\"},{\"@type\":\"ListItem\",\"position\":2,\"name\":\"Wir sind &#8222;Pr\u00e4qualifiziert&#8220; (PQ-VOB)\"}]},{\"@type\":\"WebSite\",\"@id\":\"https:\\\/\\\/schwebach.de\\\/#website\",\"url\":\"https:\\\/\\\/schwebach.de\\\/\",\"name\":\"SCHWEBACH Maler &amp; Lackierer\",\"description\":\"Ihr Wohlf\u00fchlmaler aus Irsch\\\/Saar\",\"publisher\":{\"@id\":\"https:\\\/\\\/schwebach.de\\\/#organization\"},\"potentialAction\":[{\"@type\":\"SearchAction\",\"target\":{\"@type\":\"EntryPoint\",\"urlTemplate\":\"https:\\\/\\\/schwebach.de\\\/?s={search_term_string}\"},\"query-input\":{\"@type\":\"PropertyValueSpecification\",\"valueRequired\":true,\"valueName\":\"search_term_string\"}}],\"inLanguage\":\"de\"},{\"@type\":\"Organization\",\"@id\":\"https:\\\/\\\/schwebach.de\\\/#organization\",\"name\":\"Schwebach Maler & Lackierer GmbH\",\"url\":\"https:\\\/\\\/schwebach.de\\\/\",\"logo\":{\"@type\":\"ImageObject\",\"inLanguage\":\"de\",\"@id\":\"https:\\\/\\\/schwebach.de\\\/#\\\/schema\\\/logo\\\/image\\\/\",\"url\":\"https:\\\/\\\/schwebach.de\\\/wp-content\\\/uploads\\\/2016\\\/04\\\/butterfly.png\",\"contentUrl\":\"https:\\\/\\\/schwebach.de\\\/wp-content\\\/uploads\\\/2016\\\/04\\\/butterfly.png\",\"width\":463,\"height\":310,\"caption\":\"Schwebach Maler & Lackierer GmbH\"},\"image\":{\"@id\":\"https:\\\/\\\/schwebach.de\\\/#\\\/schema\\\/logo\\\/image\\\/\"},\"sameAs\":[\"https:\\\/\\\/www.facebook.com\\\/schwebach.wohlfuehlmaler\",\"https:\\\/\\\/www.youtube.com\\\/user\\\/Wohlfuehlmaler\"]},{\"@type\":\"Person\",\"@id\":\"https:\\\/\\\/schwebach.de\\\/#\\\/schema\\\/person\\\/d00f441195aff8fe4987add5febad44d\",\"name\":\"Schwebach\",\"image\":{\"@type\":\"ImageObject\",\"inLanguage\":\"de\",\"@id\":\"https:\\\/\\\/secure.gravatar.com\\\/avatar\\\/34291dd68034cb7317838ad1f4c39bc27d010389fac30629b636c5776ac49376?s=96&d=mm&r=g\",\"url\":\"https:\\\/\\\/secure.gravatar.com\\\/avatar\\\/34291dd68034cb7317838ad1f4c39bc27d010389fac30629b636c5776ac49376?s=96&d=mm&r=g\",\"contentUrl\":\"https:\\\/\\\/secure.gravatar.com\\\/avatar\\\/34291dd68034cb7317838ad1f4c39bc27d010389fac30629b636c5776ac49376?s=96&d=mm&r=g\",\"caption\":\"Schwebach\"},\"url\":\"https:\\\/\\\/schwebach.de\\\/?author=1\"}]}<\/script>\n<!-- \/ Yoast SEO plugin. -->","yoast_head_json":{"title":"Wir sind \"Pr\u00e4qualifiziert\" (PQ-VOB) - SCHWEBACH Maler & Lackierer","description":"Die SCHWEBACH GmbH ist nun ein pr\u00e4qualifizierter Betrieb (Nr. 011.160047) nach PQ-VOB und erleichtert so das \u00f6ffentliche Vergabeverfahren,","robots":{"index":"index","follow":"follow","max-snippet":"max-snippet:-1","max-image-preview":"max-image-preview:large","max-video-preview":"max-video-preview:-1"},"canonical":"https:\/\/schwebach.de\/?p=1189","og_locale":"de_DE","og_type":"article","og_title":"Wir sind \"Pr\u00e4qualifiziert\" (PQ-VOB) - SCHWEBACH Maler & Lackierer","og_description":"Die SCHWEBACH GmbH ist nun ein pr\u00e4qualifizierter Betrieb (Nr. 011.160047) nach PQ-VOB und erleichtert so das \u00f6ffentliche Vergabeverfahren,","og_url":"https:\/\/schwebach.de\/?p=1189","og_site_name":"SCHWEBACH Maler &amp; Lackierer","article_publisher":"https:\/\/www.facebook.com\/schwebach.wohlfuehlmaler","article_published_time":"2016-09-20T17:25:19+00:00","article_modified_time":"2019-11-12T07:18:19+00:00","og_image":[{"width":477,"height":520,"url":"https:\/\/schwebach.de\/wp-content\/uploads\/2016\/09\/PQ-Bau.png","type":"image\/png"}],"author":"Schwebach","twitter_card":"summary_large_image","twitter_misc":{"Verfasst von":"Schwebach","Gesch\u00e4tzte Lesezeit":"1\u00a0Minute"},"schema":{"@context":"https:\/\/schema.org","@graph":[{"@type":"Article","@id":"https:\/\/schwebach.de\/?p=1189#article","isPartOf":{"@id":"https:\/\/schwebach.de\/?p=1189"},"author":{"name":"Schwebach","@id":"https:\/\/schwebach.de\/#\/schema\/person\/d00f441195aff8fe4987add5febad44d"},"headline":"Wir sind &#8222;Pr\u00e4qualifiziert&#8220; (PQ-VOB)","datePublished":"2016-09-20T17:25:19+00:00","dateModified":"2019-11-12T07:18:19+00:00","mainEntityOfPage":{"@id":"https:\/\/schwebach.de\/?p=1189"},"wordCount":182,"commentCount":0,"publisher":{"@id":"https:\/\/schwebach.de\/#organization"},"image":{"@id":"https:\/\/schwebach.de\/?p=1189#primaryimage"},"thumbnailUrl":"https:\/\/schwebach.de\/wp-content\/uploads\/2016\/09\/PQ-Bau.png","articleSection":["Projekte","Zertifikate"],"inLanguage":"de","potentialAction":[{"@type":"CommentAction","name":"Comment","target":["https:\/\/schwebach.de\/?p=1189#respond"]}]},{"@type":"WebPage","@id":"https:\/\/schwebach.de\/?p=1189","url":"https:\/\/schwebach.de\/?p=1189","name":"Wir sind \"Pr\u00e4qualifiziert\" (PQ-VOB) - SCHWEBACH Maler & Lackierer","isPartOf":{"@id":"https:\/\/schwebach.de\/#website"},"primaryImageOfPage":{"@id":"https:\/\/schwebach.de\/?p=1189#primaryimage"},"image":{"@id":"https:\/\/schwebach.de\/?p=1189#primaryimage"},"thumbnailUrl":"https:\/\/schwebach.de\/wp-content\/uploads\/2016\/09\/PQ-Bau.png","datePublished":"2016-09-20T17:25:19+00:00","dateModified":"2019-11-12T07:18:19+00:00","description":"Die SCHWEBACH GmbH ist nun ein pr\u00e4qualifizierter Betrieb (Nr. 011.160047) nach PQ-VOB und erleichtert so das \u00f6ffentliche Vergabeverfahren,","breadcrumb":{"@id":"https:\/\/schwebach.de\/?p=1189#breadcrumb"},"inLanguage":"de","potentialAction":[{"@type":"ReadAction","target":["https:\/\/schwebach.de\/?p=1189"]}]},{"@type":"ImageObject","inLanguage":"de","@id":"https:\/\/schwebach.de\/?p=1189#primaryimage","url":"https:\/\/schwebach.de\/wp-content\/uploads\/2016\/09\/PQ-Bau.png","contentUrl":"https:\/\/schwebach.de\/wp-content\/uploads\/2016\/09\/PQ-Bau.png","width":477,"height":520,"caption":"PQ-VOB"},{"@type":"BreadcrumbList","@id":"https:\/\/schwebach.de\/?p=1189#breadcrumb","itemListElement":[{"@type":"ListItem","position":1,"name":"Startseite","item":"https:\/\/schwebach.de\/"},{"@type":"ListItem","position":2,"name":"Wir sind &#8222;Pr\u00e4qualifiziert&#8220; (PQ-VOB)"}]},{"@type":"WebSite","@id":"https:\/\/schwebach.de\/#website","url":"https:\/\/schwebach.de\/","name":"SCHWEBACH Maler &amp; Lackierer","description":"Ihr Wohlf\u00fchlmaler aus Irsch\/Saar","publisher":{"@id":"https:\/\/schwebach.de\/#organization"},"potentialAction":[{"@type":"SearchAction","target":{"@type":"EntryPoint","urlTemplate":"https:\/\/schwebach.de\/?s={search_term_string}"},"query-input":{"@type":"PropertyValueSpecification","valueRequired":true,"valueName":"search_term_string"}}],"inLanguage":"de"},{"@type":"Organization","@id":"https:\/\/schwebach.de\/#organization","name":"Schwebach Maler & Lackierer GmbH","url":"https:\/\/schwebach.de\/","logo":{"@type":"ImageObject","inLanguage":"de","@id":"https:\/\/schwebach.de\/#\/schema\/logo\/image\/","url":"https:\/\/schwebach.de\/wp-content\/uploads\/2016\/04\/butterfly.png","contentUrl":"https:\/\/schwebach.de\/wp-content\/uploads\/2016\/04\/butterfly.png","width":463,"height":310,"caption":"Schwebach Maler & Lackierer GmbH"},"image":{"@id":"https:\/\/schwebach.de\/#\/schema\/logo\/image\/"},"sameAs":["https:\/\/www.facebook.com\/schwebach.wohlfuehlmaler","https:\/\/www.youtube.com\/user\/Wohlfuehlmaler"]},{"@type":"Person","@id":"https:\/\/schwebach.de\/#\/schema\/person\/d00f441195aff8fe4987add5febad44d","name":"Schwebach","image":{"@type":"ImageObject","inLanguage":"de","@id":"https:\/\/secure.gravatar.com\/avatar\/34291dd68034cb7317838ad1f4c39bc27d010389fac30629b636c5776ac49376?s=96&d=mm&r=g","url":"https:\/\/secure.gravatar.com\/avatar\/34291dd68034cb7317838ad1f4c39bc27d010389fac30629b636c5776ac49376?s=96&d=mm&r=g","contentUrl":"https:\/\/secure.gravatar.com\/avatar\/34291dd68034cb7317838ad1f4c39bc27d010389fac30629b636c5776ac49376?s=96&d=mm&r=g","caption":"Schwebach"},"url":"https:\/\/schwebach.de\/?author=1"}]}},"_links":{"self":[{"href":"https:\/\/schwebach.de\/index.php?rest_route=\/wp\/v2\/posts\/1189","targetHints":{"allow":["GET"]}}],"collection":[{"href":"https:\/\/schwebach.de\/index.php?rest_route=\/wp\/v2\/posts"}],"about":[{"href":"https:\/\/schwebach.de\/index.php?rest_route=\/wp\/v2\/types\/post"}],"author":[{"embeddable":true,"href":"https:\/\/schwebach.de\/index.php?rest_route=\/wp\/v2\/users\/1"}],"replies":[{"embeddable":true,"href":"https:\/\/schwebach.de\/index.php?rest_route=%2Fwp%2Fv2%2Fcomments&post=1189"}],"version-history":[{"count":10,"href":"https:\/\/schwebach.de\/index.php?rest_route=\/wp\/v2\/posts\/1189\/revisions"}],"predecessor-version":[{"id":3275,"href":"https:\/\/schwebach.de\/index.php?rest_route=\/wp\/v2\/posts\/1189\/revisions\/3275"}],"wp:featuredmedia":[{"embeddable":true,"href":"https:\/\/schwebach.de\/index.php?rest_route=\/wp\/v2\/media\/1190"}],"wp:attachment":[{"href":"https:\/\/schwebach.de\/index.php?rest_route=%2Fwp%2Fv2%2Fmedia&parent=1189"}],"wp:term":[{"taxonomy":"category","embeddable":true,"href":"https:\/\/schwebach.de\/index.php?rest_route=%2Fwp%2Fv2%2Fcategories&post=1189"},{"taxonomy":"post_tag","embeddable":true,"href":"https:\/\/schwebach.de\/index.php?rest_route=%2Fwp%2Fv2%2Ftags&post=1189"}],"curies":[{"name":"wp","href":"https:\/\/api.w.org\/{rel}","templated":true}]}}