{"id":1119,"date":"2016-07-17T21:18:36","date_gmt":"2016-07-17T21:18:36","guid":{"rendered":"http:\/\/schwebach.de\/?p=1119"},"modified":"2016-08-19T06:41:53","modified_gmt":"2016-08-19T06:41:53","slug":"marc-carls","status":"publish","type":"post","link":"https:\/\/schwebach.de\/?p=1119","title":{"rendered":"Marc Carls verst\u00e4rkt unser Team"},"content":{"rendered":"<div id=\"pl-1119\"  class=\"panel-layout\" ><div id=\"pg-1119-0\"  class=\"panel-grid panel-no-style\" ><div id=\"pgc-1119-0-0\"  class=\"panel-grid-cell\" ><div id=\"panel-1119-0-0-0\" class=\"so-panel widget widget_sow-editor panel-first-child panel-last-child\" data-index=\"0\" ><div\n\t\t\t\n\t\t\tclass=\"so-widget-sow-editor so-widget-sow-editor-base\"\n\t\t\t\n\t\t>\n<div class=\"siteorigin-widget-tinymce textwidget\">\n\t<figure id=\"attachment_1120\" aria-describedby=\"caption-attachment-1120\" style=\"width: 615px\" class=\"wp-caption aligncenter\"><img loading=\"lazy\" decoding=\"async\" class=\"wp-image-1120 size-full\" src=\"https:\/\/schwebach.de\/wp-content\/uploads\/2016\/08\/Marc_Carls3.jpg\" alt=\"Marc Carls\" width=\"615\" height=\"720\" srcset=\"https:\/\/schwebach.de\/wp-content\/uploads\/2016\/08\/Marc_Carls3.jpg 615w, https:\/\/schwebach.de\/wp-content\/uploads\/2016\/08\/Marc_Carls3-256x300.jpg 256w\" sizes=\"auto, (max-width: 615px) 100vw, 615px\" \/><figcaption id=\"caption-attachment-1120\" class=\"wp-caption-text\">Marc Carls<\/figcaption><\/figure>\n<h2>Marc Carls im SCHWEBACH-Team<\/h2>\n<p>Schon seit einiger Zeit haben wir nach Verst\u00e4rkung f\u00fcr unser Maler-Team gesucht. Um die vielen spannenden Projekte auch gut und schnell abwickeln zu k\u00f6nnen, brauchten wir noch dringend\u00a0tatkr\u00e4ftige Unterst\u00fctzung. Mit\u00a0Marc Carls haben wir die nun gefunden.<\/p>\n<p>Marc wurde von uns als Malergehilfe eingestellt und ist sehr engagiert und tatkr\u00e4ftig im Team der SCHWEBACH Maler &amp; Lackierer.<\/p>\n<p>Wir freuen uns sehr auf die gute Zusammenarbeit mit Marc.<\/p>\n<\/div>\n<\/div><\/div><\/div><\/div><\/div>","protected":false},"excerpt":{"rendered":"<p>Marc Carls im SCHWEBACH-TeamSchon seit einiger Zeit haben wir nach Verst\u00e4rkung f\u00fcr unser Maler-Team gesucht. Um die vielen spannenden Projekte auch gut und schnell abwickeln zu k\u00f6nnen, brauchten wir noch dringend\u00a0tatkr\u00e4ftige Unterst\u00fctzung. Mit\u00a0Marc Carls haben wir die nun gefunden.Marc wurde<\/p>\n","protected":false},"author":1,"featured_media":1120,"comment_status":"open","ping_status":"open","sticky":false,"template":"","format":"standard","meta":{"footnotes":""},"categories":[5,18],"tags":[],"class_list":["post-1119","post","type-post","status-publish","format-standard","has-post-thumbnail","hentry","category-jobs","category-team"],"yoast_head":"<!-- This site is optimized with the Yoast SEO plugin v27.4 - https:\/\/yoast.com\/product\/yoast-seo-wordpress\/ -->\n<title>Marc Carls verst\u00e4rkt das Team der SCHWEBACH Maler &amp; Lackierer aus Irsch<\/title>\n<meta name=\"description\" content=\"Seit dem 17. Juli 2016 ist Marc Carls als Malergehilfe neu im SCHWEBACH-Team und ist eine wichtige Hilfe bei der erfolgreichen Gestaltung unserer Projekte.\" \/>\n<meta name=\"robots\" content=\"index, follow, max-snippet:-1, max-image-preview:large, max-video-preview:-1\" \/>\n<link rel=\"canonical\" href=\"https:\/\/schwebach.de\/?p=1119\" \/>\n<meta property=\"og:locale\" content=\"de_DE\" \/>\n<meta property=\"og:type\" content=\"article\" \/>\n<meta property=\"og:title\" content=\"Marc Carls verst\u00e4rkt das Team der SCHWEBACH Maler &amp; Lackierer aus Irsch\" \/>\n<meta property=\"og:description\" content=\"Seit dem 17. Juli 2016 ist Marc Carls als Malergehilfe neu im SCHWEBACH-Team und ist eine wichtige Hilfe bei der erfolgreichen Gestaltung unserer Projekte.\" \/>\n<meta property=\"og:url\" content=\"https:\/\/schwebach.de\/?p=1119\" \/>\n<meta property=\"og:site_name\" content=\"SCHWEBACH Maler &amp; Lackierer\" \/>\n<meta property=\"article:publisher\" content=\"https:\/\/www.facebook.com\/schwebach.wohlfuehlmaler\" \/>\n<meta property=\"article:published_time\" content=\"2016-07-17T21:18:36+00:00\" \/>\n<meta property=\"article:modified_time\" content=\"2016-08-19T06:41:53+00:00\" \/>\n<meta property=\"og:image\" content=\"https:\/\/schwebach.de\/wp-content\/uploads\/2016\/08\/Marc_Carls3.jpg\" \/>\n\t<meta property=\"og:image:width\" content=\"615\" \/>\n\t<meta property=\"og:image:height\" content=\"720\" \/>\n\t<meta property=\"og:image:type\" content=\"image\/jpeg\" \/>\n<meta name=\"author\" content=\"Schwebach\" \/>\n<meta name=\"twitter:card\" content=\"summary_large_image\" \/>\n<meta name=\"twitter:label1\" content=\"Verfasst von\" \/>\n\t<meta name=\"twitter:data1\" content=\"Schwebach\" \/>\n<script type=\"application\/ld+json\" class=\"yoast-schema-graph\">{\"@context\":\"https:\\\/\\\/schema.org\",\"@graph\":[{\"@type\":\"Article\",\"@id\":\"https:\\\/\\\/schwebach.de\\\/?p=1119#article\",\"isPartOf\":{\"@id\":\"https:\\\/\\\/schwebach.de\\\/?p=1119\"},\"author\":{\"name\":\"Schwebach\",\"@id\":\"https:\\\/\\\/schwebach.de\\\/#\\\/schema\\\/person\\\/d00f441195aff8fe4987add5febad44d\"},\"headline\":\"Marc Carls verst\u00e4rkt unser Team\",\"datePublished\":\"2016-07-17T21:18:36+00:00\",\"dateModified\":\"2016-08-19T06:41:53+00:00\",\"mainEntityOfPage\":{\"@id\":\"https:\\\/\\\/schwebach.de\\\/?p=1119\"},\"wordCount\":88,\"commentCount\":0,\"publisher\":{\"@id\":\"https:\\\/\\\/schwebach.de\\\/#organization\"},\"image\":{\"@id\":\"https:\\\/\\\/schwebach.de\\\/?p=1119#primaryimage\"},\"thumbnailUrl\":\"https:\\\/\\\/schwebach.de\\\/wp-content\\\/uploads\\\/2016\\\/08\\\/Marc_Carls3.jpg\",\"articleSection\":[\"Jobs\",\"Team\"],\"inLanguage\":\"de\",\"potentialAction\":[{\"@type\":\"CommentAction\",\"name\":\"Comment\",\"target\":[\"https:\\\/\\\/schwebach.de\\\/?p=1119#respond\"]}]},{\"@type\":\"WebPage\",\"@id\":\"https:\\\/\\\/schwebach.de\\\/?p=1119\",\"url\":\"https:\\\/\\\/schwebach.de\\\/?p=1119\",\"name\":\"Marc Carls verst\u00e4rkt das Team der SCHWEBACH Maler & Lackierer aus Irsch\",\"isPartOf\":{\"@id\":\"https:\\\/\\\/schwebach.de\\\/#website\"},\"primaryImageOfPage\":{\"@id\":\"https:\\\/\\\/schwebach.de\\\/?p=1119#primaryimage\"},\"image\":{\"@id\":\"https:\\\/\\\/schwebach.de\\\/?p=1119#primaryimage\"},\"thumbnailUrl\":\"https:\\\/\\\/schwebach.de\\\/wp-content\\\/uploads\\\/2016\\\/08\\\/Marc_Carls3.jpg\",\"datePublished\":\"2016-07-17T21:18:36+00:00\",\"dateModified\":\"2016-08-19T06:41:53+00:00\",\"description\":\"Seit dem 17. Juli 2016 ist Marc Carls als Malergehilfe neu im SCHWEBACH-Team und ist eine wichtige Hilfe bei der erfolgreichen Gestaltung unserer Projekte.\",\"breadcrumb\":{\"@id\":\"https:\\\/\\\/schwebach.de\\\/?p=1119#breadcrumb\"},\"inLanguage\":\"de\",\"potentialAction\":[{\"@type\":\"ReadAction\",\"target\":[\"https:\\\/\\\/schwebach.de\\\/?p=1119\"]}]},{\"@type\":\"ImageObject\",\"inLanguage\":\"de\",\"@id\":\"https:\\\/\\\/schwebach.de\\\/?p=1119#primaryimage\",\"url\":\"https:\\\/\\\/schwebach.de\\\/wp-content\\\/uploads\\\/2016\\\/08\\\/Marc_Carls3.jpg\",\"contentUrl\":\"https:\\\/\\\/schwebach.de\\\/wp-content\\\/uploads\\\/2016\\\/08\\\/Marc_Carls3.jpg\",\"width\":615,\"height\":720,\"caption\":\"Marc Carls\"},{\"@type\":\"BreadcrumbList\",\"@id\":\"https:\\\/\\\/schwebach.de\\\/?p=1119#breadcrumb\",\"itemListElement\":[{\"@type\":\"ListItem\",\"position\":1,\"name\":\"Startseite\",\"item\":\"https:\\\/\\\/schwebach.de\\\/\"},{\"@type\":\"ListItem\",\"position\":2,\"name\":\"Marc Carls verst\u00e4rkt unser Team\"}]},{\"@type\":\"WebSite\",\"@id\":\"https:\\\/\\\/schwebach.de\\\/#website\",\"url\":\"https:\\\/\\\/schwebach.de\\\/\",\"name\":\"SCHWEBACH Maler &amp; Lackierer\",\"description\":\"Ihr Wohlf\u00fchlmaler aus Irsch\\\/Saar\",\"publisher\":{\"@id\":\"https:\\\/\\\/schwebach.de\\\/#organization\"},\"potentialAction\":[{\"@type\":\"SearchAction\",\"target\":{\"@type\":\"EntryPoint\",\"urlTemplate\":\"https:\\\/\\\/schwebach.de\\\/?s={search_term_string}\"},\"query-input\":{\"@type\":\"PropertyValueSpecification\",\"valueRequired\":true,\"valueName\":\"search_term_string\"}}],\"inLanguage\":\"de\"},{\"@type\":\"Organization\",\"@id\":\"https:\\\/\\\/schwebach.de\\\/#organization\",\"name\":\"Schwebach Maler & Lackierer GmbH\",\"url\":\"https:\\\/\\\/schwebach.de\\\/\",\"logo\":{\"@type\":\"ImageObject\",\"inLanguage\":\"de\",\"@id\":\"https:\\\/\\\/schwebach.de\\\/#\\\/schema\\\/logo\\\/image\\\/\",\"url\":\"https:\\\/\\\/schwebach.de\\\/wp-content\\\/uploads\\\/2016\\\/04\\\/butterfly.png\",\"contentUrl\":\"https:\\\/\\\/schwebach.de\\\/wp-content\\\/uploads\\\/2016\\\/04\\\/butterfly.png\",\"width\":463,\"height\":310,\"caption\":\"Schwebach Maler & Lackierer GmbH\"},\"image\":{\"@id\":\"https:\\\/\\\/schwebach.de\\\/#\\\/schema\\\/logo\\\/image\\\/\"},\"sameAs\":[\"https:\\\/\\\/www.facebook.com\\\/schwebach.wohlfuehlmaler\",\"https:\\\/\\\/www.youtube.com\\\/user\\\/Wohlfuehlmaler\"]},{\"@type\":\"Person\",\"@id\":\"https:\\\/\\\/schwebach.de\\\/#\\\/schema\\\/person\\\/d00f441195aff8fe4987add5febad44d\",\"name\":\"Schwebach\",\"image\":{\"@type\":\"ImageObject\",\"inLanguage\":\"de\",\"@id\":\"https:\\\/\\\/secure.gravatar.com\\\/avatar\\\/34291dd68034cb7317838ad1f4c39bc27d010389fac30629b636c5776ac49376?s=96&d=mm&r=g\",\"url\":\"https:\\\/\\\/secure.gravatar.com\\\/avatar\\\/34291dd68034cb7317838ad1f4c39bc27d010389fac30629b636c5776ac49376?s=96&d=mm&r=g\",\"contentUrl\":\"https:\\\/\\\/secure.gravatar.com\\\/avatar\\\/34291dd68034cb7317838ad1f4c39bc27d010389fac30629b636c5776ac49376?s=96&d=mm&r=g\",\"caption\":\"Schwebach\"},\"url\":\"https:\\\/\\\/schwebach.de\\\/?author=1\"}]}<\/script>\n<!-- \/ Yoast SEO plugin. -->","yoast_head_json":{"title":"Marc Carls verst\u00e4rkt das Team der SCHWEBACH Maler & Lackierer aus Irsch","description":"Seit dem 17. Juli 2016 ist Marc Carls als Malergehilfe neu im SCHWEBACH-Team und ist eine wichtige Hilfe bei der erfolgreichen Gestaltung unserer Projekte.","robots":{"index":"index","follow":"follow","max-snippet":"max-snippet:-1","max-image-preview":"max-image-preview:large","max-video-preview":"max-video-preview:-1"},"canonical":"https:\/\/schwebach.de\/?p=1119","og_locale":"de_DE","og_type":"article","og_title":"Marc Carls verst\u00e4rkt das Team der SCHWEBACH Maler & Lackierer aus Irsch","og_description":"Seit dem 17. Juli 2016 ist Marc Carls als Malergehilfe neu im SCHWEBACH-Team und ist eine wichtige Hilfe bei der erfolgreichen Gestaltung unserer Projekte.","og_url":"https:\/\/schwebach.de\/?p=1119","og_site_name":"SCHWEBACH Maler &amp; Lackierer","article_publisher":"https:\/\/www.facebook.com\/schwebach.wohlfuehlmaler","article_published_time":"2016-07-17T21:18:36+00:00","article_modified_time":"2016-08-19T06:41:53+00:00","og_image":[{"width":615,"height":720,"url":"https:\/\/schwebach.de\/wp-content\/uploads\/2016\/08\/Marc_Carls3.jpg","type":"image\/jpeg"}],"author":"Schwebach","twitter_card":"summary_large_image","twitter_misc":{"Verfasst von":"Schwebach"},"schema":{"@context":"https:\/\/schema.org","@graph":[{"@type":"Article","@id":"https:\/\/schwebach.de\/?p=1119#article","isPartOf":{"@id":"https:\/\/schwebach.de\/?p=1119"},"author":{"name":"Schwebach","@id":"https:\/\/schwebach.de\/#\/schema\/person\/d00f441195aff8fe4987add5febad44d"},"headline":"Marc Carls verst\u00e4rkt unser Team","datePublished":"2016-07-17T21:18:36+00:00","dateModified":"2016-08-19T06:41:53+00:00","mainEntityOfPage":{"@id":"https:\/\/schwebach.de\/?p=1119"},"wordCount":88,"commentCount":0,"publisher":{"@id":"https:\/\/schwebach.de\/#organization"},"image":{"@id":"https:\/\/schwebach.de\/?p=1119#primaryimage"},"thumbnailUrl":"https:\/\/schwebach.de\/wp-content\/uploads\/2016\/08\/Marc_Carls3.jpg","articleSection":["Jobs","Team"],"inLanguage":"de","potentialAction":[{"@type":"CommentAction","name":"Comment","target":["https:\/\/schwebach.de\/?p=1119#respond"]}]},{"@type":"WebPage","@id":"https:\/\/schwebach.de\/?p=1119","url":"https:\/\/schwebach.de\/?p=1119","name":"Marc Carls verst\u00e4rkt das Team der SCHWEBACH Maler & Lackierer aus Irsch","isPartOf":{"@id":"https:\/\/schwebach.de\/#website"},"primaryImageOfPage":{"@id":"https:\/\/schwebach.de\/?p=1119#primaryimage"},"image":{"@id":"https:\/\/schwebach.de\/?p=1119#primaryimage"},"thumbnailUrl":"https:\/\/schwebach.de\/wp-content\/uploads\/2016\/08\/Marc_Carls3.jpg","datePublished":"2016-07-17T21:18:36+00:00","dateModified":"2016-08-19T06:41:53+00:00","description":"Seit dem 17. Juli 2016 ist Marc Carls als Malergehilfe neu im SCHWEBACH-Team und ist eine wichtige Hilfe bei der erfolgreichen Gestaltung unserer Projekte.","breadcrumb":{"@id":"https:\/\/schwebach.de\/?p=1119#breadcrumb"},"inLanguage":"de","potentialAction":[{"@type":"ReadAction","target":["https:\/\/schwebach.de\/?p=1119"]}]},{"@type":"ImageObject","inLanguage":"de","@id":"https:\/\/schwebach.de\/?p=1119#primaryimage","url":"https:\/\/schwebach.de\/wp-content\/uploads\/2016\/08\/Marc_Carls3.jpg","contentUrl":"https:\/\/schwebach.de\/wp-content\/uploads\/2016\/08\/Marc_Carls3.jpg","width":615,"height":720,"caption":"Marc Carls"},{"@type":"BreadcrumbList","@id":"https:\/\/schwebach.de\/?p=1119#breadcrumb","itemListElement":[{"@type":"ListItem","position":1,"name":"Startseite","item":"https:\/\/schwebach.de\/"},{"@type":"ListItem","position":2,"name":"Marc Carls verst\u00e4rkt unser Team"}]},{"@type":"WebSite","@id":"https:\/\/schwebach.de\/#website","url":"https:\/\/schwebach.de\/","name":"SCHWEBACH Maler &amp; Lackierer","description":"Ihr Wohlf\u00fchlmaler aus Irsch\/Saar","publisher":{"@id":"https:\/\/schwebach.de\/#organization"},"potentialAction":[{"@type":"SearchAction","target":{"@type":"EntryPoint","urlTemplate":"https:\/\/schwebach.de\/?s={search_term_string}"},"query-input":{"@type":"PropertyValueSpecification","valueRequired":true,"valueName":"search_term_string"}}],"inLanguage":"de"},{"@type":"Organization","@id":"https:\/\/schwebach.de\/#organization","name":"Schwebach Maler & Lackierer GmbH","url":"https:\/\/schwebach.de\/","logo":{"@type":"ImageObject","inLanguage":"de","@id":"https:\/\/schwebach.de\/#\/schema\/logo\/image\/","url":"https:\/\/schwebach.de\/wp-content\/uploads\/2016\/04\/butterfly.png","contentUrl":"https:\/\/schwebach.de\/wp-content\/uploads\/2016\/04\/butterfly.png","width":463,"height":310,"caption":"Schwebach Maler & Lackierer GmbH"},"image":{"@id":"https:\/\/schwebach.de\/#\/schema\/logo\/image\/"},"sameAs":["https:\/\/www.facebook.com\/schwebach.wohlfuehlmaler","https:\/\/www.youtube.com\/user\/Wohlfuehlmaler"]},{"@type":"Person","@id":"https:\/\/schwebach.de\/#\/schema\/person\/d00f441195aff8fe4987add5febad44d","name":"Schwebach","image":{"@type":"ImageObject","inLanguage":"de","@id":"https:\/\/secure.gravatar.com\/avatar\/34291dd68034cb7317838ad1f4c39bc27d010389fac30629b636c5776ac49376?s=96&d=mm&r=g","url":"https:\/\/secure.gravatar.com\/avatar\/34291dd68034cb7317838ad1f4c39bc27d010389fac30629b636c5776ac49376?s=96&d=mm&r=g","contentUrl":"https:\/\/secure.gravatar.com\/avatar\/34291dd68034cb7317838ad1f4c39bc27d010389fac30629b636c5776ac49376?s=96&d=mm&r=g","caption":"Schwebach"},"url":"https:\/\/schwebach.de\/?author=1"}]}},"_links":{"self":[{"href":"https:\/\/schwebach.de\/index.php?rest_route=\/wp\/v2\/posts\/1119","targetHints":{"allow":["GET"]}}],"collection":[{"href":"https:\/\/schwebach.de\/index.php?rest_route=\/wp\/v2\/posts"}],"about":[{"href":"https:\/\/schwebach.de\/index.php?rest_route=\/wp\/v2\/types\/post"}],"author":[{"embeddable":true,"href":"https:\/\/schwebach.de\/index.php?rest_route=\/wp\/v2\/users\/1"}],"replies":[{"embeddable":true,"href":"https:\/\/schwebach.de\/index.php?rest_route=%2Fwp%2Fv2%2Fcomments&post=1119"}],"version-history":[{"count":3,"href":"https:\/\/schwebach.de\/index.php?rest_route=\/wp\/v2\/posts\/1119\/revisions"}],"predecessor-version":[{"id":1144,"href":"https:\/\/schwebach.de\/index.php?rest_route=\/wp\/v2\/posts\/1119\/revisions\/1144"}],"wp:featuredmedia":[{"embeddable":true,"href":"https:\/\/schwebach.de\/index.php?rest_route=\/wp\/v2\/media\/1120"}],"wp:attachment":[{"href":"https:\/\/schwebach.de\/index.php?rest_route=%2Fwp%2Fv2%2Fmedia&parent=1119"}],"wp:term":[{"taxonomy":"category","embeddable":true,"href":"https:\/\/schwebach.de\/index.php?rest_route=%2Fwp%2Fv2%2Fcategories&post=1119"},{"taxonomy":"post_tag","embeddable":true,"href":"https:\/\/schwebach.de\/index.php?rest_route=%2Fwp%2Fv2%2Ftags&post=1119"}],"curies":[{"name":"wp","href":"https:\/\/api.w.org\/{rel}","templated":true}]}}